{"id":4531,"date":"2024-06-03T10:09:40","date_gmt":"2024-06-03T13:09:40","guid":{"rendered":"https:\/\/paginacero.com.uy\/?p=4531"},"modified":"2024-06-03T10:09:40","modified_gmt":"2024-06-03T13:09:40","slug":"mayo-amarillo-se-celebro-con-gran-participacion-de-instituciones-y-publico","status":"publish","type":"post","link":"https:\/\/paginacero.com.uy\/?p=4531","title":{"rendered":"Mayo Amarillo se celebr\u00f3 con gran participaci\u00f3n de instituciones y p\u00fablico"},"content":{"rendered":"<p><strong>A\u00f1o a a\u00f1o la iniciativa \u201cMayo Amarillo\u201d convoca a instituciones vinculadas a la seguridad en el tr\u00e1nsito, cada vez m\u00e1s comprometidas con darle a la ciudadan\u00eda una visi\u00f3n general del trabajo y del esfuerzo que supone hacer los controles necesarios, a la vez de informar sobre las medidas de seguridad.<\/strong><!--more--><\/p>\n<p>A\u00f1o a a\u00f1o las campa\u00f1as de Mayo Amarillo Uruguay va logrando m\u00e1s adhesiones que van desde los organismos de Gobierno, pasando por las Intendencias e instituciones sociales hasta las academias de choferes y centros educativos en general.<\/p>\n<p>Andrea Corujo Sub Jefe de Polic\u00eda de Durazno estuvo en la actividad \u201cuna propuesta que tuvo mucha participaci\u00f3n, este Mayo Amarilo sobre concientizaci\u00f3n en los accidentes de tr\u00e1nsito, donde han visto a las instituciones que tienen que ver cuando ocurre un siniestro. Todas las instituciones han estado interactuando con los participantes. El involucramiento del Ministerio del Interior ha sido importante, tenemos nuestra Polic\u00eda de Tr\u00e1nsito, Polic\u00eda Comunitaria que realizan todo el a\u00f1o las charlas para concientizar en los centros educativos, la participaci\u00f3n en este caso de la Direcci\u00f3n nacional de Polic\u00eda Cient\u00edfica de Montevideo que lleg\u00f3 con un equipamiento completo sobre diferentes temas., Direcci\u00f3n de Bomberos, Polic\u00eda Caminera, todos mostraron lo que hace cada instituci\u00f3n cuando hay un siniestro vial. Por eso invitamos siempre a que todos participen, instituciones p\u00fablicas y privadas, estuvo la Intendencia con la que se organiz\u00f3 la jornada, porque se trabaja en conjunto en torno al tr\u00e1nsito. Esta problem\u00e1tica es tan importante que tiene que tratarse desde diferentes \u00e1reas, tiene que trazarse una l\u00ednea transversal para todas las instituciones porque no es \u00fanicamente un problema de las personas que trabajan en el tr\u00e1nsito, sino tambi\u00e9n las que atienden la salud como Camedur, el cuidado de enfermos que tienen vinculaci\u00f3n directa con la problem\u00e1tica\u201d.<\/p>\n<p>Francisco Bruno y Lilian Oro\u00f1o de la Divisi\u00f3n Tr\u00e1nsito dijeron que \u201chicimos una jornada de sensibilizaci\u00f3n para poder de alguna manera apreciar lo que es el trabajo diario de los inspectores de tr\u00e1nsito, de la Divisi\u00f3n Tr\u00e1nsito, donde podemos encontrar elementos que se usan a diario, por ejemplo el son\u00f3metro, que se utilizaba para detectar los ruidos molestos en los veh\u00edculos, en los escapes. El espir\u00f3metro, que mide el alcohol que posee un conductor a la hora de ser interceptado por un inspector de tr\u00e1nsito, folleter\u00eda disponible, otros elementos como los chalecos que son fundamentales a la hora de conducir un ciclomotor, tuvimos simuladores, elementos que fueron disfrutados por las escuelas que pudieron estar realizando su propia experiencia en esos simuladores de motos con los que cuenta la Divisi\u00f3n desde hace alg\u00fan tiempo y que cada vez que podemos los ponemos a disposici\u00f3n del p\u00fablico\u201d.<\/p>\n<p>\u201cEn el d\u00eda a d\u00eda se cubren las escuelas, lo que son lugares conflictivos, m\u00e1s movidos de la ciudad, se hacen operativos nocturnos, operativos en el horario de la tarde, tenemos motos, el cami\u00f3n, todos los elementos para trabajar y controlar. Hay muchas mujeres en el cuerpo inspectivo, algo que nos ha caracterizado desde hace alg\u00fan tiempo\u201d agreg\u00f3 Lili\u00e1n Oro\u00f1o.<\/p>\n<p>Mayo Amarillo 2024 llev\u00f3 adelante este a\u00f1o bajo el slogan \u00abLa Paz en el tr\u00e1nsito comienza Contigo\u00bb el movimiento llega a su s\u00e9ptima edici\u00f3n en Uruguay. Se busca generar actividades que generen consciencia. El objetivo es impulsar la discusi\u00f3n en la sociedad sobre la urgente necesidad de disminuir el n\u00famero de muertes y heridos como consecuencia de los siniestros de tr\u00e1nsito.<\/p>\n<p>La campa\u00f1a de este a\u00f1o, que celebra su 11\u00b0 aniversario, tiene como tema central \u00abLa Paz en el tr\u00e1nsito comienza Contigo\u00bb. Destacando la importancia de llamar la atenci\u00f3n sobre el tema urgente de salvar vidas en el tr\u00e1nsito. Las acciones de este movimiento se centrar\u00e1n en continuar colocando en la agenda p\u00fablica el tema y el llamado de atenci\u00f3n a la poblaci\u00f3n sobre los riesgos que se corren en el tr\u00e1nsito y por qu\u00e9 es importante utilizar las medidas de seguridad y toda nuestra atenci\u00f3n. Se generan actividades que reflejen la importancia de cuidarnos en el d\u00eda a d\u00eda.<\/p>\n<p>Seg\u00fan los datos de accidentes de tr\u00e1nsito del 2022, 25.154 personas resultaron lesionadas como consecuencia de un siniestro de tr\u00e1nsito, de las cuales 428 fallecieron en Uruguay. No pensemos en n\u00fameros, pensemos en vidas.<\/p>\n<p>&nbsp;<\/p>\n<p>El 11 de mayo de 2011 la ONU (Organizaci\u00f3n de Naciones Unidas) hizo el lanzamiento de la D\u00e9cada de Acci\u00f3n para la Seguridad Vial, y logr\u00f3 un compromiso de distintos pa\u00edses para enfocarse en la reducci\u00f3n de la siniestralidad vial, trabajando con equipos multidisciplinarios desde la salud, la educaci\u00f3n, el transporte, entre otros.<\/p>\n<p>Este a\u00f1o, el objetivo principal de la campa\u00f1a Mayo Amarillo en Uruguay es fomentar una cultura de seguridad vial s\u00f3lida y sostenible. A trav\u00e9s de la colaboraci\u00f3n entre ciudadanos, organizaciones y autoridades gubernamentales, podemos alcanzar un cambio significativo en la mentalidad y actitudes de los conductores, peatones y ciclistas. Participar en Mayo Amarillo 2024 es una oportunidad \u00fanica para unirnos como sociedad y trabajar juntos en la construcci\u00f3n de un futuro m\u00e1s seguro y libre de accidentes en nuestras calles y carreteras.<\/p>\n","protected":false},"excerpt":{"rendered":"<p>A\u00f1o a a\u00f1o la iniciativa \u201cMayo Amarillo\u201d convoca a instituciones vinculadas a la seguridad en el tr\u00e1nsito, cada vez m\u00e1s comprometidas con darle a la ciudadan\u00eda una visi\u00f3n general del trabajo y del esfuerzo que supone hacer los controles necesarios, a la vez de informar sobre las medidas de seguridad.<\/p>\n","protected":false},"author":4,"featured_media":4532,"comment_status":"closed","ping_status":"closed","sticky":false,"template":"","format":"standard","meta":{"footnotes":""},"categories":[5],"tags":[],"class_list":["post-4531","post","type-post","status-publish","format-standard","has-post-thumbnail","hentry","category-durazno"],"_links":{"self":[{"href":"https:\/\/paginacero.com.uy\/index.php?rest_route=\/wp\/v2\/posts\/4531","targetHints":{"allow":["GET"]}}],"collection":[{"href":"https:\/\/paginacero.com.uy\/index.php?rest_route=\/wp\/v2\/posts"}],"about":[{"href":"https:\/\/paginacero.com.uy\/index.php?rest_route=\/wp\/v2\/types\/post"}],"author":[{"embeddable":true,"href":"https:\/\/paginacero.com.uy\/index.php?rest_route=\/wp\/v2\/users\/4"}],"replies":[{"embeddable":true,"href":"https:\/\/paginacero.com.uy\/index.php?rest_route=%2Fwp%2Fv2%2Fcomments&post=4531"}],"version-history":[{"count":1,"href":"https:\/\/paginacero.com.uy\/index.php?rest_route=\/wp\/v2\/posts\/4531\/revisions"}],"predecessor-version":[{"id":4533,"href":"https:\/\/paginacero.com.uy\/index.php?rest_route=\/wp\/v2\/posts\/4531\/revisions\/4533"}],"wp:featuredmedia":[{"embeddable":true,"href":"https:\/\/paginacero.com.uy\/index.php?rest_route=\/wp\/v2\/media\/4532"}],"wp:attachment":[{"href":"https:\/\/paginacero.com.uy\/index.php?rest_route=%2Fwp%2Fv2%2Fmedia&parent=4531"}],"wp:term":[{"taxonomy":"category","embeddable":true,"href":"https:\/\/paginacero.com.uy\/index.php?rest_route=%2Fwp%2Fv2%2Fcategories&post=4531"},{"taxonomy":"post_tag","embeddable":true,"href":"https:\/\/paginacero.com.uy\/index.php?rest_route=%2Fwp%2Fv2%2Ftags&post=4531"}],"curies":[{"name":"wp","href":"https:\/\/api.w.org\/{rel}","templated":true}]}}