{"id":4517,"date":"2024-05-31T10:14:19","date_gmt":"2024-05-31T13:14:19","guid":{"rendered":"https:\/\/paginacero.com.uy\/?p=4517"},"modified":"2024-05-31T10:14:19","modified_gmt":"2024-05-31T13:14:19","slug":"se-celebra-el-dia-mundial-de-la-bicicleta-y-las-mujeres-lucharon-por-sus-derechos-con-ella","status":"publish","type":"post","link":"https:\/\/paginacero.com.uy\/?p=4517","title":{"rendered":"Se celebra el D\u00eda Mundial de la Bicicleta y las mujeres lucharon por sus derechos con ella"},"content":{"rendered":"<p><strong>El D\u00eda Mundial de la Bicicleta se celebra cada 3 de junio, con la finalidad de visibilizar la importancia de un medio de transporte ecol\u00f3gico y saludable.<\/strong><!--more--><\/p>\n<p>Su uso contribuye a paliar la crisis del mundo actual, debido a la contaminaci\u00f3n y al cambio clim\u00e1tico que est\u00e1 experimentando el planeta.<\/p>\n<p>Esta efem\u00e9ride se cre\u00f3 gracias a un decreto de la Organizaci\u00f3n de las Naciones Unidas (ONU), proclamado en el a\u00f1o 2018.<\/p>\n<p>En nuestra ciudad, son muchas las mujeres que se dedican al ciclismo e hicimos una peque\u00f1a selecci\u00f3n de fotos de ellas.<\/p>\n<p>La bicicleta surgi\u00f3 a mediados del siglo XIX como resultado de una serie de intentos fallidos para inventar un veh\u00edculo innovador, originando este maravilloso medio de transporte.En Alemania el primer modelo estaba hecho de madera pero no tuvo mucho \u00e9xito, ya que para ponerla en marcha hab\u00eda que empujarla con los pies.<\/p>\n<p>Despu\u00e9s se inventaron otras bicicletas que segu\u00edan siendo rudimentarias, hasta el a\u00f1o 1861, cuando a Ernest Michaux se le ocurri\u00f3 la idea de colocar pedales delanteros. Aunque esto no fue lo ideal, sirvi\u00f3 para dar el primer paso a la bicicleta actual.<\/p>\n<p>En el pasado, la bicicleta represent\u00f3 un importante medio de transporte. Sin embargo, en el mundo moderno, se ha transformado en una necesidad. No cabe duda que en estos tiempos, gracias a los avances tecnol\u00f3gicos, existen veh\u00edculos innovadores y s\u00faper equipados que se han convertido en una verdadera amenaza para la vida en el planeta, ya que expulsan agentes altamente contaminantes.<\/p>\n<p>Durante esa \u00e9poca, las mujeres viv\u00edan bajo la voluntad de los hombres, quienes eran los responsables de dar permiso para que pudieran realizar la gran mayor\u00eda de cosas que pod\u00edan hacer. As\u00ed pues, la bicicleta signific\u00f3 un cambio en las vidas para ellas e incluso tuvo una gran influencia en sus derechos.<\/p>\n<p>Numerosas mujeres ciclistas cooperaron para cambiar la forma de pensar y actuar de la \u00e9poca, por ejemplo, Amelia Bloomer. Una mujer que defendi\u00f3 los intereses de las mujeres ciclistas, as\u00ed como su derecho de voto en Estados Unidos. Amelia consigui\u00f3 causar un gran impacto que provoc\u00f3 una mejora sustancial de los derechos de las mujeres, as\u00ed como la libertad para decidir la forma de vestir de las mujeres. Ella fue quien dise\u00f1\u00f3 los famosos pantalones de mujer para montar en bicicleta, llamados bloomers. Unos pantalones anchos, c\u00f3modos y ligeros.<\/p>\n<p>Adem\u00e1s de Amelia, muchas mujeres ciclistas como Susan B. Anthony, Alfonsina Strada y Marthe Hesse apoyaron este movimiento para defender los derechos de la mujer y lograr cambiar el pensamiento machista que hab\u00eda en aquel momento.<\/p>\n<p>Las tradicionales bicicletas constituyen un sencillo, pr\u00e1ctico, ecol\u00f3gico y econ\u00f3mico medio de transporte que aporta beneficios para la salud. Asimismo, ayudan a disminuir los elevados \u00edndices de contaminaci\u00f3n que afectan a nuestro planeta.<\/p>\n<p>La bicicleta se puede transformar en un excelente medio para la pr\u00e1ctica del deporte, ya que su impacto sobre el medio ambiente es 100% natural, a diferencia del que producen otros veh\u00edculos como los coches, las motocicletas y los autobuses. En pocas palabras, es un medio totalmente sostenible para los seres humanos.<\/p>\n<p>Sin duda alguna, hablar de bicicletas nos hace pensar en las competiciones de ciclismo a nivel internacional. Aunque la celebraci\u00f3n de este d\u00eda trata de universalizar la bicicleta como medio de transporte en las ciudades para la mayor cantidad de gente posible, lo cierto es que muchos de nosotros hemos disfrutado de ver el Giro de Italia, o el Tour Francia y ello nos ha animado a usar la bici.<\/p>\n<p>Los ciclistas profesionales nos han inspirado y nos han hecho ver que la bici es un medio de transporte con el que se pueden acortar muchas distancias.<\/p>\n<p>Si hablamos de competiciones de ciclismo a nivel internacional, hay tres que cada a\u00f1o gozan de la aceptaci\u00f3n de miles de personas en todo el mundo. La primera de ellas, es el Tour de Francia, un torneo que dura tres semanas llenas de total adrenalina, tanto para los competidores como para los aficionados. En ella participan ciclistas de todo el mundo.<\/p>\n<p>Las otras dos competiciones de mayor relevancia son el Giro de Italia y la Vuelta a Espa\u00f1a. A estas le siguen otros torneos que tambi\u00e9n tienen bastante prestigio como es el campeonato del mundo,<\/p>\n<p>que s\u00f3lo duran un d\u00eda y que cada a\u00f1o es celebrado en una ciudad distinta del globo. Finalmente est\u00e1n las competiciones cl\u00e1sicas de primavera, como la llamada Mil\u00e1n- San Remo o la Paris-Roubaix.<\/p>\n","protected":false},"excerpt":{"rendered":"<p>El D\u00eda Mundial de la Bicicleta se celebra cada 3 de junio, con la finalidad de visibilizar la importancia de un medio de transporte ecol\u00f3gico y saludable.<\/p>\n","protected":false},"author":4,"featured_media":4518,"comment_status":"closed","ping_status":"closed","sticky":false,"template":"","format":"standard","meta":{"footnotes":""},"categories":[5,17],"tags":[],"class_list":["post-4517","post","type-post","status-publish","format-standard","has-post-thumbnail","hentry","category-durazno","category-suplemento-mujer"],"_links":{"self":[{"href":"https:\/\/paginacero.com.uy\/index.php?rest_route=\/wp\/v2\/posts\/4517","targetHints":{"allow":["GET"]}}],"collection":[{"href":"https:\/\/paginacero.com.uy\/index.php?rest_route=\/wp\/v2\/posts"}],"about":[{"href":"https:\/\/paginacero.com.uy\/index.php?rest_route=\/wp\/v2\/types\/post"}],"author":[{"embeddable":true,"href":"https:\/\/paginacero.com.uy\/index.php?rest_route=\/wp\/v2\/users\/4"}],"replies":[{"embeddable":true,"href":"https:\/\/paginacero.com.uy\/index.php?rest_route=%2Fwp%2Fv2%2Fcomments&post=4517"}],"version-history":[{"count":1,"href":"https:\/\/paginacero.com.uy\/index.php?rest_route=\/wp\/v2\/posts\/4517\/revisions"}],"predecessor-version":[{"id":4519,"href":"https:\/\/paginacero.com.uy\/index.php?rest_route=\/wp\/v2\/posts\/4517\/revisions\/4519"}],"wp:featuredmedia":[{"embeddable":true,"href":"https:\/\/paginacero.com.uy\/index.php?rest_route=\/wp\/v2\/media\/4518"}],"wp:attachment":[{"href":"https:\/\/paginacero.com.uy\/index.php?rest_route=%2Fwp%2Fv2%2Fmedia&parent=4517"}],"wp:term":[{"taxonomy":"category","embeddable":true,"href":"https:\/\/paginacero.com.uy\/index.php?rest_route=%2Fwp%2Fv2%2Fcategories&post=4517"},{"taxonomy":"post_tag","embeddable":true,"href":"https:\/\/paginacero.com.uy\/index.php?rest_route=%2Fwp%2Fv2%2Ftags&post=4517"}],"curies":[{"name":"wp","href":"https:\/\/api.w.org\/{rel}","templated":true}]}}