{"id":4514,"date":"2024-05-31T10:09:24","date_gmt":"2024-05-31T13:09:24","guid":{"rendered":"https:\/\/paginacero.com.uy\/?p=4514"},"modified":"2024-05-31T10:09:24","modified_gmt":"2024-05-31T13:09:24","slug":"mayo-te-cuenta-el-minuto-perfecto-de-la-lectura","status":"publish","type":"post","link":"https:\/\/paginacero.com.uy\/?p=4514","title":{"rendered":"Mayo te cuenta: el minuto perfecto de la lectura"},"content":{"rendered":"<p><strong>En Plaza Independencia se pudo disfrutar de una actividad organizada por instituciones integrantes de la Biblioteca Solidaria, la Escuela N\u00b0 2, Escuela N\u00b0 1 y Jard\u00edn 83. La Directora del Jard\u00edn Rosario Bonfrisco nos cont\u00f3 sobre la propuesta y los beneficios de la lectura.<\/strong><!--more--><\/p>\n<p>Esta actividad la realizaron la Escuela N\u00b0 1, Escuela N\u00b0 2 y Jard\u00edn 83, enmarcado en los 10 a\u00f1os de la Biblioteca Solidaria y en la Semana del Libro y en el D\u00eda del Libro.<\/p>\n<p>\u201cEs un evento que convocamos para promover la lectura, que los ni\u00f1os se interesen porque vemos que ahora, con la tecnolog\u00eda que pesa mucho m\u00e1s y les interesa, entonces queremos valorizar el libro. Ac\u00e1 est\u00e1 que tenemos el formato con el codigo QR, vienen con su tablet, leen el c\u00f3digo y pueden leer el libro en la tecnolog\u00eda que tanto les atrae\u201d dijo Rosario Bonfrisco, una de las organizadoras del evento.<\/p>\n<p>\u201cLlegaron padres, p\u00fablico en general, las escuelas, practicantes del instituto y quienes nos acompa\u00f1aron en la salida. Intentamos hacerlo por nivel, por ciclo, para eso elegimos en el stand de los m\u00e1s peque\u00f1os hay brujas, animales y cuentos con lobos. En los dem\u00e1s stand hay de todo, de terror, novelas, de piratas, de hadas, cuentos fantas\u00eda, cuentos tradicionales, algunos muy graciosos como el stand del miedo que es para ni\u00f1os m\u00e1s grandes, es un g\u00e9nero que les atrapa\u201d agreg\u00f3.<\/p>\n<p>La Biblioteca Solidaria es una iniciativa que apela a los diversos actores de la comunidad educativa para trabajar solidariamente en la formaci\u00f3n de ni\u00f1os, j\u00f3venes y adultos como lectores. Solidaridad entendida como un compromiso interno y un deseo de participaci\u00f3n voluntarios surgidos como consecuencia de sentirse parte de una causa com\u00fan a la que se adhiere. Este proyecto, en su etapa piloto, se lleva adelante con cerca de 300 escuelas de todo el pa\u00eds que han sido seleccionadas por la Inspecci\u00f3n T\u00e9cnica del CEIP.<\/p>\n<p>ProLEE invita a todas aquellas escuelas que cuentan con un m\u00ednimo acervo bibliogr\u00e1fico, a replicar esta experiencia en sus aulas y pone a disposici\u00f3n de todos las gu\u00edas que desarrollan el proyecto Biblioteca Solidaria.<\/p>\n<p>Algunos de los beneficios de la lectura es que aumenta la concentraci\u00f3n, ayuda con el desarrollo de habilidades ling\u00fc\u00edsticas y desarrolla la creatividad, ayuda a ejercitar el cerebro, fomenta la curiosidad, aumenta la concentraci\u00f3n, mejora la capacidad de comprensi\u00f3n, desarrolla la creatividad, entretiene, ayuda a desarrollar mejor el lenguaje, aumenta la capacidad de memorizar.<\/p>\n<p>La lectura es beneficiosa a toda edad. En el caso de los ni\u00f1os, adem\u00e1s de estimular la imaginaci\u00f3n, los ayuda a desarrollar el lenguaje y mejorar la capacidad de comprensi\u00f3n. Adem\u00e1s, favorece el desarrollo cognitivo, memoria, concentraci\u00f3n, creatividad, entre otros.<\/p>\n<p>En tanto, en el caso de los adultos estimula la concentraci\u00f3n, empat\u00eda y aumenta la reserva cognitiva. Tambi\u00e9n, la lectura recreativa es muy buena para tener un sue\u00f1o de mejor calidad, pues disminuye el estr\u00e9s y relaja.<\/p>\n<p>Este h\u00e1bito, con el avance de la tecnolog\u00eda, es posible llevarlo a cabo a trav\u00e9s del papel o la pantalla, sin grandes beneficios por sobre otro. Sin embargo, hay quienes no dudan en optar por el primer formato, para as\u00ed disfrutar de su textura y experiencia completa.<\/p>\n<p>Lo realmente importante es dedicar todos los d\u00edas, aunque sea un rato breve, a la lectura. De esta manera, nuestro cerebro se mantiene activo. Hay que considerar que m\u00e1s que la cantidad de tiempo dedicado, hay que convertirlo en minutos de calidad, entender lo que leemos y disfrutarlo. Para aquellas personas que creen que van a quedarse dormidos leyendo o les cuesta mucho mantenerse atentos a una historia, se les recomienda elegir alg\u00fan texto que sea de inter\u00e9s, as\u00ed ser\u00e1 m\u00e1s f\u00e1cil estar despiertos y el h\u00e1bito ser\u00e1 un verdadero aporte para el cerebro.<\/p>\n<p>El minuto perfecto para fomentar la lectura es cuando ni\u00f1os y los padres, cuidadores y profesores deben encargarse de esto. Por ejemplo, a los m\u00e1s chicos hay que leerles sobre cosas que les parezcan interesantes, como ciencia, naturaleza, cuentos, entre otros. Adem\u00e1s, es fundamental tener en la casa libros acordes a la edad de cada integrante de la familia.<\/p>\n<p>Por el contrario, para adultos mayores, la lectura y mantener el cerebro estimulado es primordial para obtener resultados positivos en la salud cerebral y as\u00ed aumentar la reserva cognitiva.<\/p>\n","protected":false},"excerpt":{"rendered":"<p>En Plaza Independencia se pudo disfrutar de una actividad organizada por instituciones integrantes de la Biblioteca Solidaria, la Escuela N\u00b0 2, Escuela N\u00b0 1 y Jard\u00edn 83. La Directora del Jard\u00edn Rosario Bonfrisco nos cont\u00f3 sobre la propuesta y los beneficios de la lectura.<\/p>\n","protected":false},"author":4,"featured_media":4515,"comment_status":"closed","ping_status":"closed","sticky":false,"template":"","format":"standard","meta":{"footnotes":""},"categories":[5,17],"tags":[],"class_list":["post-4514","post","type-post","status-publish","format-standard","has-post-thumbnail","hentry","category-durazno","category-suplemento-mujer"],"_links":{"self":[{"href":"https:\/\/paginacero.com.uy\/index.php?rest_route=\/wp\/v2\/posts\/4514","targetHints":{"allow":["GET"]}}],"collection":[{"href":"https:\/\/paginacero.com.uy\/index.php?rest_route=\/wp\/v2\/posts"}],"about":[{"href":"https:\/\/paginacero.com.uy\/index.php?rest_route=\/wp\/v2\/types\/post"}],"author":[{"embeddable":true,"href":"https:\/\/paginacero.com.uy\/index.php?rest_route=\/wp\/v2\/users\/4"}],"replies":[{"embeddable":true,"href":"https:\/\/paginacero.com.uy\/index.php?rest_route=%2Fwp%2Fv2%2Fcomments&post=4514"}],"version-history":[{"count":1,"href":"https:\/\/paginacero.com.uy\/index.php?rest_route=\/wp\/v2\/posts\/4514\/revisions"}],"predecessor-version":[{"id":4516,"href":"https:\/\/paginacero.com.uy\/index.php?rest_route=\/wp\/v2\/posts\/4514\/revisions\/4516"}],"wp:featuredmedia":[{"embeddable":true,"href":"https:\/\/paginacero.com.uy\/index.php?rest_route=\/wp\/v2\/media\/4515"}],"wp:attachment":[{"href":"https:\/\/paginacero.com.uy\/index.php?rest_route=%2Fwp%2Fv2%2Fmedia&parent=4514"}],"wp:term":[{"taxonomy":"category","embeddable":true,"href":"https:\/\/paginacero.com.uy\/index.php?rest_route=%2Fwp%2Fv2%2Fcategories&post=4514"},{"taxonomy":"post_tag","embeddable":true,"href":"https:\/\/paginacero.com.uy\/index.php?rest_route=%2Fwp%2Fv2%2Ftags&post=4514"}],"curies":[{"name":"wp","href":"https:\/\/api.w.org\/{rel}","templated":true}]}}