{"id":4511,"date":"2024-05-31T10:04:56","date_gmt":"2024-05-31T13:04:56","guid":{"rendered":"https:\/\/paginacero.com.uy\/?p=4511"},"modified":"2024-05-31T10:04:56","modified_gmt":"2024-05-31T13:04:56","slug":"cumple-sus-80-anos-una-institucion-con-origenes-femeninos","status":"publish","type":"post","link":"https:\/\/paginacero.com.uy\/?p=4511","title":{"rendered":"Cumple sus 80 a\u00f1os una instituci\u00f3n con origenes femeninos"},"content":{"rendered":"<p><strong>La semana pr\u00f3xima, el martes a las 16.00 horas se har\u00e1 el acto protocolar del aniversario de la Escuela T\u00e9cnica de Durazno, una instituci\u00f3n que tiene profundas ra\u00edces en la educaci\u00f3n dirigida a las mujeres. Surgida como Escuela Industrial Femenina, hoy aborda a toda la comunidad, con un perfil que va evolucionando con el tiempo.<\/strong><!--more--><\/p>\n<p>Durante todo el a\u00f1o continuar\u00e1n los festejos por estos 80 a\u00f1os, con diferentes actividades, en esta primer presentaci\u00f3n se har\u00e1 un lanzamiento de la publicaci\u00f3n con la historia de la instituci\u00f3n, adem\u00e1s de confraternizar entre estudiantes, docentes, equipo de direcci\u00f3n y autoridades de UTU.<\/p>\n<p>La historia de la Escuela relata que despu\u00e9s de mucho andar lo que finalmente se obtuvo fue la Escuela Industrial Femenina de Durazno, con cursos que le exig\u00edan a la Universidad del Trabajo m\u00ednima inversi\u00f3n en equipamiento did\u00e1ctico y que dejaba al sexo masculino absolutamente afuera de la instituci\u00f3n.<\/p>\n<p>Dicha Escuela Femenina se previ\u00f3 que comenzara a funcionar al iniciarse el a\u00f1o 1943, incluso se tomaron inscripciones, pero nuevamente se volvi\u00f3 a postergar y finalmente comenz\u00f3 a funcionar el 5 de junio de 1944. La prensa local registr\u00f3 al respecto: \u201cEscuela Industrial Femenina. El lunes de esta semana fueron habilitados los cursos que se dictan en la Escuela Industrial Femenina de esta ciudad, instalada en el amplio y c\u00f3mo edificio levantado expresamente en la calle Eusebio P\u00edriz y Paysand\u00fa, y que dirige con toda competencia y actividad la Profesora, Srta. Concepci\u00f3n Arrien Jaureguiberry. Asistieron a esta ceremonia no oficial \u2013pues la inauguraci\u00f3n se llevar\u00e1 a cabo para fines del corriente a\u00f1o, en ocasi\u00f3n de los ex\u00e1menes de fin de curso \u2013 las autoridades departamentales. La impresi\u00f3n recibida ha sido \u00f3ptima, prometiendo todos los visitantes colaborar intensamente en esta obra de fecundos y positivos relieves industriales a favor de la juventud femenina, y felicitando calurosamente a la Directora. Los cursos que se empezaron a dictar comprenden Corte y Confecci\u00f3n, Bordados y Encajes, y la inscripci\u00f3n continuar\u00e1 abierta hasta el d\u00eda 20 del corriente, debiendo apresurarse las interesadas para llenar este requisito\u201d.<\/p>\n<p>En agosto de ese a\u00f1o el presidente Juan Jos\u00e9 de Am\u00e9zaga visit\u00f3 la Escuela Industrial Femenina y brind\u00f3 una conferencia en el Centro Uni\u00f3n de la ciudad el Dr. Jos\u00e9 F. Arias, Director General de la Universidad del Trabajo, oportunidad en que la sociedad duraznense volvi\u00f3 a plantear la necesidad de atender la educaci\u00f3n en oficios para el sexo masculino. La inauguraci\u00f3n oficial de la Escuela Femenina se realiz\u00f3 el 15 de diciembre de ese mismo a\u00f1o con motivo de realizarse la primera exposici\u00f3n de trabajos de las alumnas \u2013acto cl\u00e1sico que se repetir\u00e1 siempre al finalizar los cursos \u2013 orientados por los docentes Concepci\u00f3n Arri\u00e9n, Maruja Larralde y Delia Bagnoli. Estas exposiciones siempre contaron con una importante asistencia que revelaba el apoyo de la poblaci\u00f3n a la instituci\u00f3n. En 1945 se sum\u00f3 el curso del Hogar, tambi\u00e9n s\u00f3lo para damas y \u201cexistir\u00e1 un curso de enfermeras voluntarias, organizado por el Regimiento. La matr\u00edcula inicial fue de 80 alumnas y en 1951 la inscripci\u00f3n alcanz\u00f3 a 152 j\u00f3venes integrando desde el a\u00f1o anterior alumnos de ambos sexos.<\/p>\n<p>En 1950 se inici\u00f3 el curso de Carpinter\u00eda para varones a los que siguieron los de Electrotecnia (1953) y Herrer\u00eda (1959). Por esos a\u00f1os tambi\u00e9n se agregaron otros cursos como Pl\u00e1stica Decorativa (1954) y Comercio (1961). Para 1953 ten\u00eda un cuerpo docente integrado por 11 profesores y en la d\u00e9cada de los a\u00f1os cincuenta el alumnado pas\u00f3 de unos 150 a 250 alumnos estabiliz\u00e1ndose por bastante tiempo, con un porcentaje de desafiliaci\u00f3n entre un 10% a un 20 %.<\/p>\n<p>Actualmente la Escuela cuenta con un perfil de cursos numerosos que abordan diferentes rubros educativos, siempre tendiendo a la excelencia y con una matr\u00edcula que crece a\u00f1o a a\u00f1o.<\/p>\n","protected":false},"excerpt":{"rendered":"<p>La semana pr\u00f3xima, el martes a las 16.00 horas se har\u00e1 el acto protocolar del aniversario de la Escuela T\u00e9cnica de Durazno, una instituci\u00f3n que tiene profundas ra\u00edces en la educaci\u00f3n dirigida a las mujeres. Surgida como Escuela Industrial Femenina, hoy aborda a toda la comunidad, con un perfil que va evolucionando con el tiempo.<\/p>\n","protected":false},"author":4,"featured_media":4512,"comment_status":"closed","ping_status":"closed","sticky":false,"template":"","format":"standard","meta":{"footnotes":""},"categories":[5,17],"tags":[],"class_list":["post-4511","post","type-post","status-publish","format-standard","has-post-thumbnail","hentry","category-durazno","category-suplemento-mujer"],"_links":{"self":[{"href":"https:\/\/paginacero.com.uy\/index.php?rest_route=\/wp\/v2\/posts\/4511","targetHints":{"allow":["GET"]}}],"collection":[{"href":"https:\/\/paginacero.com.uy\/index.php?rest_route=\/wp\/v2\/posts"}],"about":[{"href":"https:\/\/paginacero.com.uy\/index.php?rest_route=\/wp\/v2\/types\/post"}],"author":[{"embeddable":true,"href":"https:\/\/paginacero.com.uy\/index.php?rest_route=\/wp\/v2\/users\/4"}],"replies":[{"embeddable":true,"href":"https:\/\/paginacero.com.uy\/index.php?rest_route=%2Fwp%2Fv2%2Fcomments&post=4511"}],"version-history":[{"count":1,"href":"https:\/\/paginacero.com.uy\/index.php?rest_route=\/wp\/v2\/posts\/4511\/revisions"}],"predecessor-version":[{"id":4513,"href":"https:\/\/paginacero.com.uy\/index.php?rest_route=\/wp\/v2\/posts\/4511\/revisions\/4513"}],"wp:featuredmedia":[{"embeddable":true,"href":"https:\/\/paginacero.com.uy\/index.php?rest_route=\/wp\/v2\/media\/4512"}],"wp:attachment":[{"href":"https:\/\/paginacero.com.uy\/index.php?rest_route=%2Fwp%2Fv2%2Fmedia&parent=4511"}],"wp:term":[{"taxonomy":"category","embeddable":true,"href":"https:\/\/paginacero.com.uy\/index.php?rest_route=%2Fwp%2Fv2%2Fcategories&post=4511"},{"taxonomy":"post_tag","embeddable":true,"href":"https:\/\/paginacero.com.uy\/index.php?rest_route=%2Fwp%2Fv2%2Ftags&post=4511"}],"curies":[{"name":"wp","href":"https:\/\/api.w.org\/{rel}","templated":true}]}}