{"id":4508,"date":"2024-05-31T10:03:12","date_gmt":"2024-05-31T13:03:12","guid":{"rendered":"https:\/\/paginacero.com.uy\/?p=4508"},"modified":"2024-05-31T10:03:12","modified_gmt":"2024-05-31T13:03:12","slug":"musica-que-transmite-y-cura","status":"publish","type":"post","link":"https:\/\/paginacero.com.uy\/?p=4508","title":{"rendered":"\u201cM\u00fasica que transmite y cura\u201d"},"content":{"rendered":"<p><strong>Shirley Valiente es duraznense, cantautora, nacida en la ciudad del Carmen, ha trascendido fronteras con su arte y est\u00e1 difundiendo su primer \u00e1lbum.<\/strong><!--more--><\/p>\n<p>\u201cNac\u00ed en la ciudad del Carmen, la escuela y el liceo los curs\u00e9 en la ciudad de Durazno, despu\u00e9s me fui a Montevideo y actualmente estoy residiendo en Rivera con mi familia, pero continuamente viajo ac\u00e1 a visitar a mi familia. Hace poco, en el mes de abril lanc\u00e9 mi \u00e1lbum \u201cCreer es crear\u201d, canto canciones solo de mi autor\u00eda, este \u00e1lbum tiene nueve canciones que tuve el placer de hacerlas junto a un productor argentino Dany Vil\u00e1, que ha trabajado con Patricia Sosa, Nacha Guevara, Valeria Lynch, ahora s\u00e9 que est\u00e1 trabajando tambi\u00e9n con Maxi de la Cruz, es un gran m\u00fasico argentino que para que trabaje con mis canciones ten\u00eda que ser de buena calidad, evalu\u00f3 eso, se identific\u00f3 con las canciones y luego fue mi productor\u201d cont\u00f3 Shirley.<\/p>\n<p>\u201cEs mi primer \u00e1lbum, hice anteriormente uno pero ahora estamos regrabando con una mayor calidad las canciones. Ahora por ejemplo estoy grabando en Argentina seis canciones m\u00e1s que ser\u00e1n parte de un nuevo \u00e1lbum, tambi\u00e9n de mi autor\u00eda\u201d agreg\u00f3.<\/p>\n<p>\u201cHace tiempo, desde ace muchos a\u00f1os, compongo canciones. Con mi primer hijo, que tiene once a\u00f1os, compuse la canci\u00f3n Esperando tu nacimiento que va a ser regrabada en Buenos Aires, siempre tuve esas ganas de componer, pero no al p\u00fablico, siempre fue para mi casa, algo privado, interno. Hace dos a\u00f1os, en el mes de diciembre, escrib\u00ed varias canciones, una de ellas dedicada a mi abuelo que ahora es fallecido, que se llama \u201cPersonas valiosas\u201d, otra canci\u00f3n se llama \u201cMi jazm\u00edn\u201d dedicada a mi abuela, otra a la amistad llamada \u201cAmistad incondicional\u201d y \u201cCreer es crear\u201d que es una canci\u00f3n motivadora, trata de intentar muchas veces hasta lograr tus sue\u00f1os\u201d dijo.<\/p>\n<p>\u201cTodas mis canciones se basan en mis propias experiencias, me enamor\u00e9 de esas canciones, a la gente que las escuch\u00f3 les gust\u00f3 y me impulsaron a grabarlas. As\u00ed fue que me embarqu\u00e9 en esta linda locura, ahora estoy trabajando de una manera profesional y difundiendo mi material. Estoy entrenando la voz en una escuela de Buenos Aires que pertenece a Patricia Sosa que es donde hice el lanzamiento de mi \u00e1lbum Creer es crear en el mes de abril\u201d agreg\u00f3.<\/p>\n<p>\u201cResido en Rivera, tratamos de contactarnos con m\u00fasicos de esa ciudad y vimos que mi canci\u00f3n, por estad\u00edsticas en youtube, es una m\u00fasica que le gusta mucho a los argentinos. Mi estilo es rock pop mel\u00f3dico, notamos que ah\u00ed hab\u00eda un p\u00fablico muy grande de Buenos Aires y junto con mi esposo, que es un gran apoyo para mi junto a mis dos hijos, se contact\u00f3 con Oscar Mediavilla en Buenos Aires, quien amablemente nos dirigi\u00f3 hasta mi actual productor, me hizo una devoluci\u00f3n del trabajo que le mostramos y entonces luego de que Dany viera el material se hizo eco de nuestras inquietudes\u201d dijo.<\/p>\n<p>\u201cTambi\u00e9n grab\u00e9 cuatro canciones con el productor Chino Ascencio, tenemos mucho material para compartir. Mi inspiraci\u00f3n es mi vivencia y mi forma de vivir la vida, son canciones motivadoras que llevan a valorar la vida, experiencias personales y con un estilo que var\u00eda de acuerdo a los temas que voy tratando. Escribo el tema inspirada en una persona, en una situaci\u00f3n y luego le pongo la melod\u00eda\u201d agreg\u00f3.<\/p>\n<p>El a\u00f1o pasado Shirley estuvo en el Festival de ciudad del Carmen, estuvo en el Teatro Gran Rex invitada como cantautora internacional donde fue nombrada Embajadora del Festival de la Canci\u00f3n Argentina en formato internacional, \u201ctengo la alegr\u00eda de estar difundiendo, representar a ese Festival donde nuevamente voy a estar\u201d.<\/p>\n<p>\u201cLo que me motiva es que cada canci\u00f3n es para mi una experiencia vivida, a mi me sirvi\u00f3 y me resulta importante transmitirlo. Ahora escuchando las personas que lo reciben veo que tambi\u00e9n les llega la canci\u00f3n, su contenido, su sentido, mi intenci\u00f3n es que toque el coraz\u00f3n del otro. Cuando veo que le lleg\u00f3 a alguien esto me deja contenta. La m\u00fasica habla, transmite, sana, ese es mi inter\u00e9s de poder transmitirlas y que las conozcan\u201d agreg\u00f3.<\/p>\n<p>Los proyectos de Shirley, adem\u00e1s de la difusi\u00f3n de sus producciones es grabar una canci\u00f3n en Durazno \u201ces lindo volver ac\u00e1, mostrar nuestro departamento a quienes me siguen en las redes, se trata de las canciones \u201cA la par\u201d que estar\u00e1 ambientada en lugares de Durazno, en algunos puntos espec\u00edficos, tur\u00edsticos para poder difundirlos\u201d.<\/p>\n<p>\u201cEsto es un proyecto lindo, familiar, mi esposo me acompa\u00f1a a todos lados, tambi\u00e9n mis hijos. El apoyo es incondicional, sin ellos seguramente no estar\u00eda embarcada en esto que tanto me gusta\u201d agreg\u00f3.<\/p>\n<p>Shirley tiene sus producciones en youtube, en pocos d\u00edas estar\u00e1 en todas las plataformas digitales, por lo tanto no hay excusa para no seguirla: shirleyvalienteoficial2023 es su instagram, la p\u00e1gina de facebook Shirley Valiente, donde pueden encontrar todos sus trabajos.<\/p>\n","protected":false},"excerpt":{"rendered":"<p>Shirley Valiente es duraznense, cantautora, nacida en la ciudad del Carmen, ha trascendido fronteras con su arte y est\u00e1 difundiendo su primer \u00e1lbum.<\/p>\n","protected":false},"author":4,"featured_media":4509,"comment_status":"closed","ping_status":"closed","sticky":false,"template":"","format":"standard","meta":{"footnotes":""},"categories":[5,17],"tags":[],"class_list":["post-4508","post","type-post","status-publish","format-standard","has-post-thumbnail","hentry","category-durazno","category-suplemento-mujer"],"_links":{"self":[{"href":"https:\/\/paginacero.com.uy\/index.php?rest_route=\/wp\/v2\/posts\/4508","targetHints":{"allow":["GET"]}}],"collection":[{"href":"https:\/\/paginacero.com.uy\/index.php?rest_route=\/wp\/v2\/posts"}],"about":[{"href":"https:\/\/paginacero.com.uy\/index.php?rest_route=\/wp\/v2\/types\/post"}],"author":[{"embeddable":true,"href":"https:\/\/paginacero.com.uy\/index.php?rest_route=\/wp\/v2\/users\/4"}],"replies":[{"embeddable":true,"href":"https:\/\/paginacero.com.uy\/index.php?rest_route=%2Fwp%2Fv2%2Fcomments&post=4508"}],"version-history":[{"count":1,"href":"https:\/\/paginacero.com.uy\/index.php?rest_route=\/wp\/v2\/posts\/4508\/revisions"}],"predecessor-version":[{"id":4510,"href":"https:\/\/paginacero.com.uy\/index.php?rest_route=\/wp\/v2\/posts\/4508\/revisions\/4510"}],"wp:featuredmedia":[{"embeddable":true,"href":"https:\/\/paginacero.com.uy\/index.php?rest_route=\/wp\/v2\/media\/4509"}],"wp:attachment":[{"href":"https:\/\/paginacero.com.uy\/index.php?rest_route=%2Fwp%2Fv2%2Fmedia&parent=4508"}],"wp:term":[{"taxonomy":"category","embeddable":true,"href":"https:\/\/paginacero.com.uy\/index.php?rest_route=%2Fwp%2Fv2%2Fcategories&post=4508"},{"taxonomy":"post_tag","embeddable":true,"href":"https:\/\/paginacero.com.uy\/index.php?rest_route=%2Fwp%2Fv2%2Ftags&post=4508"}],"curies":[{"name":"wp","href":"https:\/\/api.w.org\/{rel}","templated":true}]}}