{"id":4496,"date":"2024-05-31T09:41:05","date_gmt":"2024-05-31T12:41:05","guid":{"rendered":"https:\/\/paginacero.com.uy\/?p=4496"},"modified":"2024-05-31T09:41:05","modified_gmt":"2024-05-31T12:41:05","slug":"queremos-que-se-recupere-el-viejo-acceso-a-sarandi-del-yi","status":"publish","type":"post","link":"https:\/\/paginacero.com.uy\/?p=4496","title":{"rendered":"\u201cQueremos que se recupere el viejo acceso a Sarand\u00ed del Y\u00ed\u201d"},"content":{"rendered":"<p><strong>El edil Carlos Torres present\u00f3 en la Junta Departamental el pedido de lograr recuperar el viejo acceso a Sarand\u00ed del Y\u00ed, completando su luminaria y seguridad vial.<\/strong><!--more--><\/p>\n<p>\u201cHoy vamos a expresarnos sobre dos planteamientos para el Ministerio de Transporte y Obras P\u00fablicas y la Regional de Vialidad en el departamento\u201d dijo.<\/p>\n<p>\u201cUna de ellas es solicitar nuevamente, por tercera vez, que se pueda acondicionar el acceso viejo a la ciudad de Sarand\u00ed del Y\u00ed, ahora se est\u00e1 reparando el puente como se hab\u00eda solicitado y creo que el broche de oro ser\u00eda iluminar el viejo acceso y todos los guardarrailes para que quede marcado ese acceso hist\u00f3rico a nuestra ciudad, con los carteles adecuados\u201d indic\u00f3.<\/p>\n<p>\u201cTambi\u00e9n al Ministerio pedir por el camino Don Bosco que va desde la balanza hasta el Cuartel, para los que conocen la zona, hay varios focos de luz que est\u00e1n en la ruta, seis en total, que no funcionan, es una zona de mucho tr\u00e1nsito y peatonal sobre todo, por eso solicitamos si se puede solucionar a la brevedad\u201d agreg\u00f3.<\/p>\n<p>Luego hizo referencia a la fecha de fallecimiento de Jorge Larra\u00f1aga, reflexionando sobre su actividad realizada junto a \u00e9l durante muchos a\u00f1os.<\/p>\n<p>\u201cAdem\u00e1s, brevemente quiero recordar a un amigo que se cumplieron tres a\u00f1os de su fallecimiento, me estoy refiriendo a Jorge Larra\u00f1aga, al cual conoc\u00ed en el a\u00f1o 1997, que fuimos cuatro duraznenses a hablar con \u00e9l para iniciar una quijotada como fue el grupo de los Intendentes, con Juanjo, Mauber, C\u00e9sar Alvarez y quien habla, hab\u00eda tres compa\u00f1eros de \u00e9l ah\u00ed. Nos dijo un discurso que nos enamor\u00f3 a todos, porque \u00e9ramos cuatro de Durazno y cuatro con \u00e9l de Paysand\u00fa y nos dijo un discurso como para cien mil personas, eso nos llev\u00f3 que hasta sus \u00faltimos d\u00edas lo estuvimos acompa\u00f1ando, despu\u00e9s tuve la suerte de ser su secretario personal, desde el a\u00f1o 1997 al 2002, en el 2004 me ofreci\u00f3 la secretar\u00eda de la bancada de Diputados en el Palacio Legislativo hasta el a\u00f1o 2015 en que me jubil\u00e9, o sea que como dec\u00edan nuestras esposas, est\u00e1n m\u00e1s juntos ustedes que con nosotras, y era cierto, porque agarr\u00e1bamos el auto y hac\u00edamos m\u00e1s de diez mil kil\u00f3metros por d\u00eda. Recordarlo al loco, un loco bueno, un loco bravo, pero bueno, no le vamos a fallar\u201d finaliz\u00f3 diciendo.<\/p>\n","protected":false},"excerpt":{"rendered":"<p>El edil Carlos Torres present\u00f3 en la Junta Departamental el pedido de lograr recuperar el viejo acceso a Sarand\u00ed del Y\u00ed, completando su luminaria y seguridad vial.<\/p>\n","protected":false},"author":4,"featured_media":4497,"comment_status":"closed","ping_status":"closed","sticky":false,"template":"","format":"standard","meta":{"footnotes":""},"categories":[5,29],"tags":[],"class_list":["post-4496","post","type-post","status-publish","format-standard","has-post-thumbnail","hentry","category-durazno","category-junta-departamental"],"_links":{"self":[{"href":"https:\/\/paginacero.com.uy\/index.php?rest_route=\/wp\/v2\/posts\/4496","targetHints":{"allow":["GET"]}}],"collection":[{"href":"https:\/\/paginacero.com.uy\/index.php?rest_route=\/wp\/v2\/posts"}],"about":[{"href":"https:\/\/paginacero.com.uy\/index.php?rest_route=\/wp\/v2\/types\/post"}],"author":[{"embeddable":true,"href":"https:\/\/paginacero.com.uy\/index.php?rest_route=\/wp\/v2\/users\/4"}],"replies":[{"embeddable":true,"href":"https:\/\/paginacero.com.uy\/index.php?rest_route=%2Fwp%2Fv2%2Fcomments&post=4496"}],"version-history":[{"count":1,"href":"https:\/\/paginacero.com.uy\/index.php?rest_route=\/wp\/v2\/posts\/4496\/revisions"}],"predecessor-version":[{"id":4498,"href":"https:\/\/paginacero.com.uy\/index.php?rest_route=\/wp\/v2\/posts\/4496\/revisions\/4498"}],"wp:featuredmedia":[{"embeddable":true,"href":"https:\/\/paginacero.com.uy\/index.php?rest_route=\/wp\/v2\/media\/4497"}],"wp:attachment":[{"href":"https:\/\/paginacero.com.uy\/index.php?rest_route=%2Fwp%2Fv2%2Fmedia&parent=4496"}],"wp:term":[{"taxonomy":"category","embeddable":true,"href":"https:\/\/paginacero.com.uy\/index.php?rest_route=%2Fwp%2Fv2%2Fcategories&post=4496"},{"taxonomy":"post_tag","embeddable":true,"href":"https:\/\/paginacero.com.uy\/index.php?rest_route=%2Fwp%2Fv2%2Ftags&post=4496"}],"curies":[{"name":"wp","href":"https:\/\/api.w.org\/{rel}","templated":true}]}}