{"id":4493,"date":"2024-05-31T09:38:35","date_gmt":"2024-05-31T12:38:35","guid":{"rendered":"https:\/\/paginacero.com.uy\/?p=4493"},"modified":"2024-05-31T09:38:35","modified_gmt":"2024-05-31T12:38:35","slug":"hay-que-reconocer-a-fabian-moran-con-el-nombre-de-la-tribuna-norte-del-estadio","status":"publish","type":"post","link":"https:\/\/paginacero.com.uy\/?p=4493","title":{"rendered":"\u201cHay que reconocer a Fabi\u00e1n Mor\u00e1n con el nombre de la tribuna norte del Estadio\u201d"},"content":{"rendered":"<p><strong>Fernando Parodi present\u00f3 en la Junta Departamental el pedido para nombrar la remozada tribuna norte del Estadio Landoni con el nombre de Fabi\u00e1n Mor\u00e1n, m\u00e1ximo goleador de nuestra selecci\u00f3n.<\/strong><!--more--><\/p>\n<p>El edil comenz\u00f3 su presentaci\u00f3n en la Junta con este planteo, que fuera realizado meses atr\u00e1s, reiterando la necesidad de reconocer a las personas en vida.<\/p>\n<p>\u201cMe quiero referir a algo que sali\u00f3 recientemente en la prensa, referido al Estadio Landoni, como est\u00e1 quedando, considero que est\u00e1 quedando precioso, la nueva tribuna y todo el arreglo que se le ha hecho. Traemos algo que presentamos el siete de septiembre del a\u00f1o pasado, un pedido que hicimos sobre poder nombrar a la nueva tribuna de la cabecera norte, que est\u00e1 hacia el r\u00edo Y\u00ed, como nuestro m\u00e1ximo goleador, Fabi\u00e1n Mor\u00e1n, m\u00e1ximo goleador de nuestra selecci\u00f3n. As\u00ed que nuevamente elevamos este pedido, ya que no hubo ninguna devoluci\u00f3n por parte del Ejecutivo\u201d dijo.<\/p>\n<p>\u201cTambi\u00e9n recordando hace algunos d\u00edas atr\u00e1s, en esta misma Junta se habl\u00f3 de reconocimientos en vida, algo con lo que estoy totalmente de acuerdo, por lo que es una buena oportunidad hacer un reconocimiento en vida, a una persona que est\u00e1 en actividad, si bien no est\u00e1 defendiendo los colores de nuestra selecci\u00f3n creo que es algo que se merece, tanto Fabi\u00e1n como la familia Mor\u00e1n, por lo tanto traigo nuevamente a discusi\u00f3n este tema\u201d indic\u00f3.<\/p>\n<p>Record\u00f3 el pedido realizado hace varios meses sobre algunos problemas que se presentan en los alrededores de la Escuela 20 y que todav\u00eda no han tenido soluci\u00f3n.<\/p>\n<p>\u201cQuer\u00edamos tratar tambi\u00e9n, recordar un pedido que hicimos el 14 de septiembre del a\u00f1o pasado, sobre diferentes problem\u00e1ticas que ten\u00edan en la Escuela y siguen teniendo, en la Escuela 20 de La Econom\u00eda, camino L\u00edber Seregni. En ese momento al reunirnos con la directora nos hizo saber sobre la problem\u00e1tica de la carteler\u00eda, la mejora del camino, que en esta administraci\u00f3n hablar de camino es complicado, as\u00ed que capaz lo tachamos a ese pedido porque sabemos que no va a llegar, pero tambi\u00e9n nos hablaba de la importancia para la gente que vive en el entorno, como tambi\u00e9n para quien transita por el lugar, sobre la carencia de iluminaci\u00f3n. En aquella oportunidad se pudo resolver el problema que ten\u00edan de las volquetas, algo que agradecemos, porque hay que reconocer cuando se resuelve y logra algo, pero se sigue teniendo el problema de la iluminaci\u00f3n que es muy importante para las personas de la zona y alg\u00fan cartel para advertir sobre bajar la velocidad cuando se acercan a la escuela\u201d dijo.<\/p>\n<p>\u201cEstos temas quiero que lleguen al Ejecutivo Departamental y a la Direcci\u00f3n de Obras de la Intendencia\u201d finaliz\u00f3 diciendo.<\/p>\n","protected":false},"excerpt":{"rendered":"<p>Fernando Parodi present\u00f3 en la Junta Departamental el pedido para nombrar la remozada tribuna norte del Estadio Landoni con el nombre de Fabi\u00e1n Mor\u00e1n, m\u00e1ximo goleador de nuestra selecci\u00f3n.<\/p>\n","protected":false},"author":4,"featured_media":4494,"comment_status":"closed","ping_status":"closed","sticky":false,"template":"","format":"standard","meta":{"footnotes":""},"categories":[5,29],"tags":[],"class_list":["post-4493","post","type-post","status-publish","format-standard","has-post-thumbnail","hentry","category-durazno","category-junta-departamental"],"_links":{"self":[{"href":"https:\/\/paginacero.com.uy\/index.php?rest_route=\/wp\/v2\/posts\/4493","targetHints":{"allow":["GET"]}}],"collection":[{"href":"https:\/\/paginacero.com.uy\/index.php?rest_route=\/wp\/v2\/posts"}],"about":[{"href":"https:\/\/paginacero.com.uy\/index.php?rest_route=\/wp\/v2\/types\/post"}],"author":[{"embeddable":true,"href":"https:\/\/paginacero.com.uy\/index.php?rest_route=\/wp\/v2\/users\/4"}],"replies":[{"embeddable":true,"href":"https:\/\/paginacero.com.uy\/index.php?rest_route=%2Fwp%2Fv2%2Fcomments&post=4493"}],"version-history":[{"count":1,"href":"https:\/\/paginacero.com.uy\/index.php?rest_route=\/wp\/v2\/posts\/4493\/revisions"}],"predecessor-version":[{"id":4495,"href":"https:\/\/paginacero.com.uy\/index.php?rest_route=\/wp\/v2\/posts\/4493\/revisions\/4495"}],"wp:featuredmedia":[{"embeddable":true,"href":"https:\/\/paginacero.com.uy\/index.php?rest_route=\/wp\/v2\/media\/4494"}],"wp:attachment":[{"href":"https:\/\/paginacero.com.uy\/index.php?rest_route=%2Fwp%2Fv2%2Fmedia&parent=4493"}],"wp:term":[{"taxonomy":"category","embeddable":true,"href":"https:\/\/paginacero.com.uy\/index.php?rest_route=%2Fwp%2Fv2%2Fcategories&post=4493"},{"taxonomy":"post_tag","embeddable":true,"href":"https:\/\/paginacero.com.uy\/index.php?rest_route=%2Fwp%2Fv2%2Ftags&post=4493"}],"curies":[{"name":"wp","href":"https:\/\/api.w.org\/{rel}","templated":true}]}}