{"id":4482,"date":"2024-05-30T15:27:06","date_gmt":"2024-05-30T18:27:06","guid":{"rendered":"https:\/\/paginacero.com.uy\/?p=4482"},"modified":"2024-05-30T15:27:06","modified_gmt":"2024-05-30T18:27:06","slug":"ser-mujer-y-estar-en-politica-no-es-facil-la-mayoria-son-hombres-y-la-mayoria-de-los-puestos-de-decision-lo-ocupan-hombres","status":"publish","type":"post","link":"https:\/\/paginacero.com.uy\/?p=4482","title":{"rendered":"\u201cSer mujer y estar en pol\u00edtica, no es f\u00e1cil. La mayor\u00eda son hombres y la mayor\u00eda de los puestos de decisi\u00f3n lo ocupan hombres\u201d"},"content":{"rendered":"<p>Entrevistamos a la edil Daniela Moreira, referente del sector 4121. Hablamos sobre su trabajo en las internas, el rol de la mujer en pol\u00edtica y lo dif\u00edcil que es, su militancia pol\u00edtica y la necesidad que ve de pol\u00edticas p\u00fablicas enfocadas en los j\u00f3venes y las mujeres.<!--more--><\/p>\n<p><strong>\u00bfC\u00f3mo viene trabajando tu sector hacia unas nuevas internas dentro del Partido Nacional?<\/strong><\/p>\n<p>La 4121 es una lista que ya tiene una trayectoria, en en la elecci\u00f3n de los j\u00f3venes, hace unos a\u00f1os, despu\u00e9s vinimos con la elecci\u00f3n interna, despu\u00e9s vinimos con la elecci\u00f3n departamental.<\/p>\n<p>Despu\u00e9s de algunas idas y vueltas y de ver c\u00f3mo nos organizamos para esta interna- Nos surgi\u00f3 que era importante salir al ruedo. Y aqu\u00ed estamos con una 4121 totalmente renovada, con muchas personas que algunas tienen experiencia en pol\u00edtica y otras que no, que se van sumando al equipo.<\/p>\n<p>Desde que salimos, nuestra idea es invitar a las personas a participar, porque creemos que es importante que todo el mundo se sienta incluido como parte de un equipo, y que no solamente nos limitemos a que un tiempo antes de la elecci\u00f3n le llevemos las listas. Me parece que poner el pienso en un equipo es importante, es importante, el ser parte.<\/p>\n<p>Nosotros ah\u00ed estamos con la 4121 en esa construcci\u00f3n diaria y con muchas ganas de salir, con muchas ganas de construir, con muchas ganas de sumarnos a todo lo que es este ambiente pol\u00edtico de hoy, con nuestra impronta.<\/p>\n<p><strong>\u00bfC\u00f3mo has enfocado, vos como referente, tu militancia con la pol\u00edtica? <\/strong><\/p>\n<p>Bueno, mi militancia siempre ha sido cara a cara, siempre ha sido en el contacto diario con la gente. La pol\u00edtica es un camino, es algo que vos vas construyendo en el d\u00eda a d\u00eda. No pod\u00e9s decir, hoy a m\u00ed me gustar\u00eda incursionar en la pol\u00edtica, b\u00e1rbaro, est\u00e1 perfecto. Pero esto es un camino, es un camino que lo haces todos los d\u00edas. La pol\u00edtica est\u00e1 en todos los \u00e1mbitos y es a diario. Desde que decid\u00ed marcar este camino, siempre, siempre, siempre he estado. Quiz\u00e1s no en eso de estar conversando entre pol\u00edticos, yo converso con la gente.<\/p>\n<p>Mi camino es con la gente, es con los vecinos, es con la comunidad, viendo qu\u00e9 se necesita, tratando de tender redes y m\u00e1s que nada de construir desde las necesidades.<\/p>\n<p>Sabemos que hay muchas personas que necesitan ser escuchadas, hay muchas personas que nosotros debemos escuchar para poder planificar. Nosotros tenemos que dar oportunidades a la gente.<\/p>\n<p><strong>En este ciclo de entrevistas pol\u00edticas que he estado haciendo ac\u00e1 en P\u00e1gina Cero se ha dado qu\u00e9 tiempo estoy entrevistando en su mayor\u00eda a hombres referentes de diferentes sectores y partidos \u00bfc\u00f3mo ves el rol de la mujer en pol\u00edtica?<\/strong><\/p>\n<p>Ser mujer y estar en pol\u00edtica, no es f\u00e1cil. El hecho de que la mayor\u00eda son hombres y la mayor\u00eda de los puestos de decisi\u00f3n lo ocupan hombres. Yo no he visto todav\u00eda las listas porque reci\u00e9n est\u00e1n saliendo, no digo que seamos la \u00fanica, pero s\u00ed somos quiz\u00e1s una de las pocas listas que est\u00e1 compuesta por esencialmente mujeres.<\/p>\n<p>A nosotros eso nos da mucho orgullo de que haya mujeres que quieran participar y que nunca han participado y que est\u00e9n ah\u00ed con la mirada puesta en decir yo puedo ser una mujer pol\u00edtica, yo quiero ser una mujer pol\u00edtica. Y sabiendo que ese camino a veces no es el que nos lleva a m\u00e1s alegr\u00eda, porque a veces hay muchas m\u00e1s insatisfacciones y tristezas. Pero s\u00ed que se puede y s\u00ed que lo construimos entre todas. Cuando veo una candidata mujer, siempre me pregunto cu\u00e1ntas mujeres acompa\u00f1an a esa candidata mujer. \u00bfCu\u00e1ntas mujeres pueden llevar adelante y sostener una candidatura de mujer, de una pol\u00edtica mujer? Y no pasa lo mismo con los hombres porque si los acompa\u00f1amos. A veces somos nosotras mismas las mujeres que hacemos que la pol\u00edtica sea machista, porque nosotras mismas seguimos m\u00e1s a los varones que a las mujeres.<\/p>\n<p>Entonces, a m\u00ed me parece que en este camino, las que ya tenemos alg\u00fan que otro a\u00f1o m\u00e1s en el recorrido, podemos ense\u00f1arles y podemos demostrarle que s\u00ed, que se puede, que nada, absolutamente nada es exclusivo de los hombres y que todas pueden participar.<\/p>\n<p><strong>\u00bfQu\u00e9 es lo que m\u00e1s le hace falta a la poblaci\u00f3n, lo que m\u00e1s reclama?<\/strong><\/p>\n<p>Mir\u00e1, una de las preocupaciones que nosotros tenemos son los j\u00f3venes. Cuando el joven que se prepara para salir o ingresar al \u00e1mbito laboral, no son muchas las puertas se le abren.<\/p>\n<p>Una de las cosas que nosotros tenemos como que muy ah\u00ed de de ver c\u00f3mo c\u00f3mo le damos esa ayuda, es la primera experiencia laboral, porque cuando vas a trabajar siempre dicen, se necesita alguien que tenga experiencia laboral, y sabemos que los j\u00f3venes muchas veces no la tienen, hay que construir esa experiencia.<\/p>\n<p>Sabemos que hay muchos j\u00f3venes sin trabajo, sabemos que hay muchos j\u00f3venes que andan en los caminos que no son los m\u00e1s adecuados. Y bueno, en eso de ver c\u00f3mo los ayudamos hay que poner muchas miradas y mucho pienso. En esto yo hago un llamado a que no es una cuesti\u00f3n de partido, no es una cuesti\u00f3n de agrupaci\u00f3n pol\u00edtica, es una cuesti\u00f3n de todos. Ojal\u00e1 alg\u00fan d\u00eda podamos sumar voluntades, porque a m\u00ed me gusta tener una mente muy abierta, a m\u00ed me gusta ser libre. Entonces, me parece que todos los partidos pol\u00edticos, que todas las agrupaciones, en el fondo, tienen los mismos objetivos que nosotros. Entonces, ser\u00eda importante eso, la construcci\u00f3n colectiva. La construcci\u00f3n colectiva para los j\u00f3venes y la construcci\u00f3n colectiva para las mujeres.<\/p>\n<p>Hay mujeres que no tienen trabajo, hay mujeres que muchas veces no saben con qui\u00e9n dejar a sus hijos para poder trabajar. Entonces, en esos problemas que son problemas de todos, a m\u00ed me parece que tendr\u00edamos que construir entre todos.<\/p>\n<p><strong>\u00bfC\u00f3mo te imagin\u00e1s ese ese trabajo desde un gobierno departamental?<\/strong><\/p>\n<p>Nosotros creemos que hay que seguir trabajando, hay que seguir ahondando en el problema y hay que seguir, buscando estrategias a nivel departamental para lograr que los j\u00f3venes puedan tener oportunidades. Yo pondr\u00eda m\u00e1s \u00e9nfasis, por ejemplo, en la oficina de la juventud.<\/p>\n<p>La oficina de la juventud deber\u00eda ser un centro donde los j\u00f3venes puedan ir, puedan sentirse, en un lugar donde poder manifestarse, donde poder buscar a veces, una ayuda, donde poder lograr sus sue\u00f1os, donde poder lograr que se le abran puertas. A m\u00ed me parece que que por ah\u00ed podr\u00eda ser el comienzo de una construcci\u00f3n hacia los j\u00f3venes.<\/p>\n<p><strong>\u00bfTe parece que cuesta invertir en los j\u00f3venes porque no votan? <\/strong><\/p>\n<p>No creo que sea por ese lado. Para m\u00ed siempre pensamos en los mayores. Estamos como que focalizados en una generaci\u00f3n adulta. Y la generaci\u00f3n de los quince a los veintiuno, es una poblaci\u00f3n que est\u00e1 muy postergada y muy olvidada, y es donde realmente ellos se est\u00e1n construyendo para su futuro.<\/p>\n<p>Si vos mir\u00e1s hoy la sociedad de Durazno, tenemos que que la mayor\u00eda de los j\u00f3venes entre quince y veinti\u00fan a\u00f1os. En alg\u00fan momento ha cometido alg\u00fan hecho delictivo, en alg\u00fan momento han consumido alguna sustancia y ah\u00ed es donde nosotros vemos como un problema para poder solucionar. Sabemos que s\u00ed hay j\u00f3venes que estudian, s\u00ed hay j\u00f3venes en esa franja etaria que est\u00e1n construyendo su mirada hacia hacia adelante.<\/p>\n<p><strong>\u00bfC\u00f3mo se dio tu trabajo desde Inmujeres y c\u00f3mo se abord\u00f3 las diferentes problem\u00e1ticas que all\u00ed se presentan?<\/strong><\/p>\n<p>El instituto tiene como objetivo poner \u00e9nfasis en las pol\u00edticas p\u00fablicas relacionadas con las mujeres en territorio y una de las cosas que nosotros hemos tratado de construir es la autonom\u00eda econ\u00f3mica. Si nosotros construimos la autonom\u00eda econ\u00f3mica que le d\u00e9 independencia a la mujer, me parece que es un sin\u00f3nimo de libertad.<\/p>\n<p>Estamos viviendo muchas situaciones que se dan de violencia, muchas situaciones que a veces no es la violencia f\u00edsica, a veces la violencia econ\u00f3mica, la violencia patrimonial, la psicol\u00f3gica. Y una de las cosas que las mujeres necesitan para salir de muchas manifestaciones de violencia justamente es tener trabajo, es la autonom\u00eda econ\u00f3mica<\/p>\n<p>Entonces, desde el instituto se han hecho convenios con diferentes instituciones, se ha trabajado con mujeres rurales, se han hecho talleres de fortalecimiento para que la mujer pueda tener sus herramientas para ingresar al mundo laboral.<\/p>\n<p><strong>\u00bfQu\u00e9 objetivos se plantean hacia el futuro y qu\u00e9 objetivos se plantean en estas elecciones internas?<\/strong><\/p>\n<p>Bueno, nosotros en estas elecciones internas lo que estamos construyendo es una gu\u00eda.<\/p>\n<p>Porque la docencia nos atraviesa y sabemos que tenemos que tener un plan, tenemos que tener una gu\u00eda y tenemos que tener prop\u00f3sitos. Si no vamos como un camino sin objetivos.<\/p>\n<p>En el di\u00e1logo van a seguir surgiendo m\u00e1s objetivos, pero tenemos algunos que son muy puntuales referidos a las mujeres, referidos a los adolescentes, referidos a las familias, referidos a los ni\u00f1os, referidos a la tercera edad tambi\u00e9n, y en base a eso es la construcci\u00f3n en este momento. Y m\u00e1s adelante poniendo las luces largas y, bueno, veremos qu\u00e9 pasa despu\u00e9s de las internas.<\/p>\n<p>Una de las cosas que nosotros hemos hablado y mucho entre el equipo es que las elecciones internas no son obligatorias pero tenemos que acercarles a los vecinos y manifestarles de que es la elecci\u00f3n m\u00e1s importante. No estamos votando candidata a intendente, estamos votando convencionales.<\/p>\n<p><strong>\u00bfYa tienen alg\u00fan preacuerdo o acuerdo para despu\u00e9s de las internas?<\/strong><\/p>\n<p>No porque le estar\u00edamos mintiendo a la gente. Si yo hago un acuerdo con alguien, estar\u00eda minti\u00e9ndole a la gente cuando nosotros decimos, me parece que en este momento llegar a concluir algo con otros candidatos o aproximarnos a un acomodo o aproximarnos a una conveniencia personal, me parece que no estar\u00edamos dando transparencia a los ciudadanos. Y una de las cosas que nosotros decimos es que somos un equipo transparente y de personas honestas. Entonces, no hablar\u00eda bien de nosotros si hacemos alg\u00fan acuerdo sin primero tener los resultados. Porque sin resultados no podemos hacer acuerdos. Y la pol\u00edtica es votos.<\/p>\n<p><strong>\u00bfC\u00f3mo viste esta administraci\u00f3n departamental?<\/strong><\/p>\n<p>Mi l\u00ednea siempre fue con Vidal\u00edn, siempre. Este, no he tenido otra persona que me haya indicado el camino. Este gobierno fue un gobierno donde \u00e9l tuvo que que alejarse por un tema de salud. Es un es un gobierno que \u00e9l sigue siendo y manteniendo la cercan\u00eda con la gente, que lo ha caracterizado siempre..<\/p>\n<p>Creo que \u00e9l tambi\u00e9n est\u00e1 en una etapa de mirar para adelante, por eso creo que nos impulsa a todos a abrir la lista, a ponernos a criterio de de la gente, nos impulsa a estar presentes en estas internas, porque es una forma tambi\u00e9n de de \u00e9l ir viendo a qui\u00e9n va a acompa\u00f1ar.<\/p>\n<p><strong>Por \u00faltimo \u00bfpor qu\u00e9 acompa\u00f1ar a la 4121?<\/strong><\/p>\n<p>Nosotros, esencialmente somos m\u00e1s del ochenta por ciento de mujeres, que somos mujeres todas trabajadoras.<\/p>\n<p>Si vos mir\u00e1s mi equipo, este, hay profesionales, hay personas que la pelean, como te dec\u00eda hoy, todos los d\u00edas,que trabajan. No est\u00e1n por un motivo econ\u00f3mico. Son todas personas que ya tienen trabajo, pero que s\u00ed est\u00e1n tratando de construir y m\u00e1s que nada, estar presente en las necesidades de las personas que no han participado en pol\u00edtica.<\/p>\n<p>A m\u00ed me gusta mucho trabajar desde lo colectivo y me gusta mucho escuchar al otro, entonces entre todos vamos a construir un mejor Durazno<\/p>\n<p>&nbsp;<\/p>\n","protected":false},"excerpt":{"rendered":"<p>Entrevistamos a la edil Daniela Moreira, referente del sector 4121. Hablamos sobre su trabajo en las internas, el rol de la mujer en pol\u00edtica y lo dif\u00edcil que es, su militancia pol\u00edtica y la necesidad que ve de pol\u00edticas p\u00fablicas enfocadas en los j\u00f3venes y las mujeres.<\/p>\n","protected":false},"author":4,"featured_media":4483,"comment_status":"closed","ping_status":"closed","sticky":false,"template":"","format":"standard","meta":{"footnotes":""},"categories":[5,31],"tags":[],"class_list":["post-4482","post","type-post","status-publish","format-standard","has-post-thumbnail","hentry","category-durazno","category-entrevista-politica"],"_links":{"self":[{"href":"https:\/\/paginacero.com.uy\/index.php?rest_route=\/wp\/v2\/posts\/4482","targetHints":{"allow":["GET"]}}],"collection":[{"href":"https:\/\/paginacero.com.uy\/index.php?rest_route=\/wp\/v2\/posts"}],"about":[{"href":"https:\/\/paginacero.com.uy\/index.php?rest_route=\/wp\/v2\/types\/post"}],"author":[{"embeddable":true,"href":"https:\/\/paginacero.com.uy\/index.php?rest_route=\/wp\/v2\/users\/4"}],"replies":[{"embeddable":true,"href":"https:\/\/paginacero.com.uy\/index.php?rest_route=%2Fwp%2Fv2%2Fcomments&post=4482"}],"version-history":[{"count":1,"href":"https:\/\/paginacero.com.uy\/index.php?rest_route=\/wp\/v2\/posts\/4482\/revisions"}],"predecessor-version":[{"id":4484,"href":"https:\/\/paginacero.com.uy\/index.php?rest_route=\/wp\/v2\/posts\/4482\/revisions\/4484"}],"wp:featuredmedia":[{"embeddable":true,"href":"https:\/\/paginacero.com.uy\/index.php?rest_route=\/wp\/v2\/media\/4483"}],"wp:attachment":[{"href":"https:\/\/paginacero.com.uy\/index.php?rest_route=%2Fwp%2Fv2%2Fmedia&parent=4482"}],"wp:term":[{"taxonomy":"category","embeddable":true,"href":"https:\/\/paginacero.com.uy\/index.php?rest_route=%2Fwp%2Fv2%2Fcategories&post=4482"},{"taxonomy":"post_tag","embeddable":true,"href":"https:\/\/paginacero.com.uy\/index.php?rest_route=%2Fwp%2Fv2%2Ftags&post=4482"}],"curies":[{"name":"wp","href":"https:\/\/api.w.org\/{rel}","templated":true}]}}