{"id":4479,"date":"2024-05-30T10:09:51","date_gmt":"2024-05-30T13:09:51","guid":{"rendered":"https:\/\/paginacero.com.uy\/?p=4479"},"modified":"2024-05-30T10:09:51","modified_gmt":"2024-05-30T13:09:51","slug":"celebramos-la-obra-presentada-sobre-historia-de-nuestro-durazno","status":"publish","type":"post","link":"https:\/\/paginacero.com.uy\/?p=4479","title":{"rendered":"\u201cCelebramos la obra presentada sobre historia de nuestro Durazno\u201d"},"content":{"rendered":"<p><strong>El edil Julio D\u00edaz destac\u00f3 la presentaci\u00f3n de un libro sobre historia de Durazno, pensado en el p\u00fablico infantil, que fue recientemente editado por las escritorias Lilian Alberti y Mar\u00eda Rielli.<\/strong><!--more--><\/p>\n<p>\u201cAl comienzo de mi exposici\u00f3n quiero celebrar una frase de Le\u00f3n Tolstoy que dice \u201cPinta tu aldea y ser\u00e1s universalmente reconocido\u201d, precisamente porque el tema al que voy a referirme tiene ese color de identidad para orgullo de nuestra comunidad. Hace pocos d\u00edas en la sala Lavalleja tuvo lugar una importante actividad cultural que regocija nuestro esp\u00edritu y que \u00edntimamente reconforta tener el privilegio de haber nacido en este hermoso pueblo, cuna de grandes poetas, escritores, artistas de todos los g\u00e9neros, que nos han legado su obra con esa generosidad propia de su tarea creativa. Vaya el agradecimiento permanente de aquellos que amamos el arte muchas veces por encima de todas las cosas es as\u00ed se\u00f1ora presidente que hoy queremos destacar la presentaci\u00f3n del libro Angatupir\u00fd del R\u00edo Y\u00ed que las escritoras profesora Lilian Alberti y Mar\u00eda Rielli tuvieron la feliz concurrencia de publicar y dar a conocer a trav\u00e9s de las letras nuestra rica historia hermanada con el esp\u00edritu, en una obra que est\u00e1 dirigida a nuestros ni\u00f1os, pero quien quiera, tenga la edad que tenga, se encontrar\u00e1 con acertados trazos de nuestros or\u00edgenes como naci\u00f3n y como pueblo\u201d dijo.<\/p>\n<p>\u201cQu\u00e9 orgullo para los duraznenses poder contar entre nuestros iguales a estas dos escritoras que en nuestro andar cotidiano podemos saludar, charlar y compartir en cualquier lugar, en cualquier esquina de nuestra ciudad, saber y tener ese sentido de pertenencia com\u00fan que nos une\u201d agreg\u00f3.<\/p>\n<p>\u201cEl libro nos hace conocer el esp\u00edritu del r\u00edo Y\u00ed, nos permite conocer la historia de una manera sencilla y profunda al mismo tiempo, este libro cuenta tambi\u00e9n con la colaboraci\u00f3n del artista Eduardo Cortazzo quien dise\u00f1\u00f3 la tapa del mismo, la participaci\u00f3n adem\u00e1s de un ni\u00f1o de Tacuaremb\u00f3 que realiz\u00f3 en forma genial las ilustraciones de cada uno de los cuentos de los relatos y poemas. Este ni\u00f1o es Carlos Zabala Baz, que con sus escasos 10 a\u00f1os se destaca en su manifestaci\u00f3n pict\u00f3rica\u201d dijo.<\/p>\n<p>\u201cTambi\u00e9n es bueno acotar que la intendencia de Durazno respald\u00f3 esta edici\u00f3n que sin dudas enriquece nuestro acervo cultural y nos presta alas para que en un vuelo diferente los rumbos literarios del ma\u00f1ana sigan el aire creativo del presente, la emoci\u00f3n, el aplauso, la alegr\u00eda que expres\u00f3 el p\u00fablico que colm\u00f3 la sala Lavalleja, eso fue hermoso vivirlo y constatarlo, es digna de recordar y destacar como duraznense que nuestra cultura est\u00e1 de fiesta\u201d indic\u00f3.<\/p>\n<p>\u201cVaya entonces mi felicitaciones a las autoras y a quienes les acompa\u00f1aron, este m\u00e1gico Durazno literario nos reafirma conceptualmente en la convicci\u00f3n de la frase que hemos elegido y empleado al principio de nuestra alocuci\u00f3n\u201d finaliz\u00f3.<\/p>\n","protected":false},"excerpt":{"rendered":"<p>El edil Julio D\u00edaz destac\u00f3 la presentaci\u00f3n de un libro sobre historia de Durazno, pensado en el p\u00fablico infantil, que fue recientemente editado por las escritorias Lilian Alberti y Mar\u00eda Rielli.<\/p>\n","protected":false},"author":4,"featured_media":4480,"comment_status":"closed","ping_status":"closed","sticky":false,"template":"","format":"standard","meta":{"footnotes":""},"categories":[5,29],"tags":[],"class_list":["post-4479","post","type-post","status-publish","format-standard","has-post-thumbnail","hentry","category-durazno","category-junta-departamental"],"_links":{"self":[{"href":"https:\/\/paginacero.com.uy\/index.php?rest_route=\/wp\/v2\/posts\/4479","targetHints":{"allow":["GET"]}}],"collection":[{"href":"https:\/\/paginacero.com.uy\/index.php?rest_route=\/wp\/v2\/posts"}],"about":[{"href":"https:\/\/paginacero.com.uy\/index.php?rest_route=\/wp\/v2\/types\/post"}],"author":[{"embeddable":true,"href":"https:\/\/paginacero.com.uy\/index.php?rest_route=\/wp\/v2\/users\/4"}],"replies":[{"embeddable":true,"href":"https:\/\/paginacero.com.uy\/index.php?rest_route=%2Fwp%2Fv2%2Fcomments&post=4479"}],"version-history":[{"count":1,"href":"https:\/\/paginacero.com.uy\/index.php?rest_route=\/wp\/v2\/posts\/4479\/revisions"}],"predecessor-version":[{"id":4481,"href":"https:\/\/paginacero.com.uy\/index.php?rest_route=\/wp\/v2\/posts\/4479\/revisions\/4481"}],"wp:featuredmedia":[{"embeddable":true,"href":"https:\/\/paginacero.com.uy\/index.php?rest_route=\/wp\/v2\/media\/4480"}],"wp:attachment":[{"href":"https:\/\/paginacero.com.uy\/index.php?rest_route=%2Fwp%2Fv2%2Fmedia&parent=4479"}],"wp:term":[{"taxonomy":"category","embeddable":true,"href":"https:\/\/paginacero.com.uy\/index.php?rest_route=%2Fwp%2Fv2%2Fcategories&post=4479"},{"taxonomy":"post_tag","embeddable":true,"href":"https:\/\/paginacero.com.uy\/index.php?rest_route=%2Fwp%2Fv2%2Ftags&post=4479"}],"curies":[{"name":"wp","href":"https:\/\/api.w.org\/{rel}","templated":true}]}}