{"id":4476,"date":"2024-05-30T10:08:08","date_gmt":"2024-05-30T13:08:08","guid":{"rendered":"https:\/\/paginacero.com.uy\/?p=4476"},"modified":"2024-05-30T10:08:08","modified_gmt":"2024-05-30T13:08:08","slug":"seguimos-esperando-soluciones-a-calles-y-camineria-del-interior","status":"publish","type":"post","link":"https:\/\/paginacero.com.uy\/?p=4476","title":{"rendered":"\u201cSeguimos esperando soluciones a calles y caminer\u00eda del interior\u201d"},"content":{"rendered":"<p><strong>El edil Jos\u00e9 Rizzo volvi\u00f3 a manifestar la molestia de vecinos del interior del departamento, especialmente Sarand\u00ed del Y\u00ed, por la falta de mantenimiento de la caminer\u00eda rural y calles.<\/strong><!--more--><\/p>\n<p>\u201cHicimos llegar a la mesa de entrada a una solicitud de pedido de informes que dice lo siguiente \u201cse solicita copia de contrato, tipo correspondiente a los contratos por r\u00e9gimen de Programa Oportunidad Laboral Jornales Solidarios, detalles de r\u00e9gimen de trabajo, de las personas contratadas a trav\u00e9s de dichos programas, duraci\u00f3n de la jornada laboral, cantidad de horas semanales, \u00e1rea en la que se desempe\u00f1an las mismas, si les aporta a los participantes alguna capacitaci\u00f3n u otra asistencia, asesoramiento, acompa\u00f1amiento, etc\u00e9tera, que no est\u00e9 establecido en las condiciones generales dispuestas por el Programa por parte de la Intendencia de Durazno, detalle si se les provee a los participantes de uniforme acorde a la tarea realizada\u201d dijo.<\/p>\n<p>Tambi\u00e9n destac\u00f3 que le reconforta que el oficialismo tambi\u00e9n se sume a los reclamos por la caminer\u00eda del departamento.<\/p>\n<p>\u201cMuch\u00edsimo me alegra que el oficialismo empiece a pedir por obras en Sarand\u00ed del Y\u00ed, sobre todo en el presupuesto de cord\u00f3n cunetas que no se hicieron. En declaraciones realizadas a la prensa hace unos d\u00edas del alcalde dijo que est\u00e1 dispuesto a renunciar para que le destraben desde Durazno las obras, seguimos con aquella vieja pelea de que como no acompa\u00f1amos al Intendente y no ten\u00eda lista a la Junta Departamental, parece que le sigue trancando las obras\u201d agreg\u00f3.<\/p>\n<p>La caminer\u00eda interna sigue siendo un tema replanteado en la Junta desde todas las bancadas.<\/p>\n<p>\u201cEn la sesi\u00f3n pasada hac\u00edamos referencia a las caminer\u00edas internas, destacamos tambi\u00e9n la cantidad destinada a los cordones cunetas, de la obra que se hac\u00edan supuestamente para traer soluci\u00f3n a los barrios y estaban trayendo complicaciones, calle Artigas, Avenida Petrini que hace tiempo la est\u00e1n trabajando y no saben c\u00f3mo solucionarlo. Y ahora lo encontramos con la caminer\u00eda rural, hab\u00edamos cargado unas im\u00e1genes del camino a la Colonia Rossell, que hay un cartelito muy significativo, donde se muestra esas \u00ednfulas que hablan de proyectarse fuera de los l\u00edmites del municipio y destacamos que el estado de ese camino no es responsabilidad del municipio de Sarand\u00ed, es responsabilidad de la Intendencia de Durazno\u201d dijo.<\/p>\n<p>\u201cHay una imagen ah\u00ed, muy elocuente, en que mostramos algo que es m\u00e1s que una zanja, es posible hacer una instalaci\u00f3n de saneamiento, pero hay much\u00edsimo dinero presupuestado para la caminer\u00eda rural, por ejemplo el camino de los Molles, hoy hace un mes sal\u00edamos en la prensa nacional de unos vecinos reclamando sobre ese camino, en diciembre en la audiencia p\u00fablica de Sarand\u00ed del Y\u00ed se le dijo en una conversaci\u00f3n que tuvimos con el Director de Obras y un edil departamental, radicado en la ciudad de Sarand\u00ed del Y\u00ed, se le manifest\u00f3 sobre el deterioro que estaba teniendo ese camino y que se iba a intervenir. El camino a la Colonia Rossell tiene platales presupuestados, porque se iba a unir la ruta 14 y la 19 con asfalto, esas son las condiciones del camino actualmente y el cartelito illustra que es responsabilidad del Departamento de Obras de la Intendencia, es cierto, ha sido llovedor pero hace a\u00f1os que hay plata presupuestada para un mont\u00f3n de caminos\u201d dijo.<\/p>\n<p>\u201cHoy le preguntaba a la compa\u00f1era Niche como estaba la ruta 42, todos los a\u00f1os tiene plata presupuestada, una de ellas a la empresa que fue denunciada por el Sunca en la Dinatra, y tambi\u00e9n seguimos con esa ruta 42 que est\u00e1 intransitable\u201d agreg\u00f3.<\/p>\n<p>\u201cTodos los d\u00edas tenemos quejas, podemos revisar los archivos de la Junta Departamental, los ediles han reclamado por la caminer\u00eda rural, pero no ahora por el clima, sino desde hace a\u00f1os, incluso cuando hab\u00eda seca. Esperemos que ahora, que van a contar con el dinero que les env\u00eda la OPP, puedan solucionar estos problemas\u201d finaliz\u00f3 diciendo.<\/p>\n","protected":false},"excerpt":{"rendered":"<p>El edil Jos\u00e9 Rizzo volvi\u00f3 a manifestar la molestia de vecinos del interior del departamento, especialmente Sarand\u00ed del Y\u00ed, por la falta de mantenimiento de la caminer\u00eda rural y calles.<\/p>\n","protected":false},"author":4,"featured_media":4477,"comment_status":"closed","ping_status":"closed","sticky":false,"template":"","format":"standard","meta":{"footnotes":""},"categories":[5,29],"tags":[],"class_list":["post-4476","post","type-post","status-publish","format-standard","has-post-thumbnail","hentry","category-durazno","category-junta-departamental"],"_links":{"self":[{"href":"https:\/\/paginacero.com.uy\/index.php?rest_route=\/wp\/v2\/posts\/4476","targetHints":{"allow":["GET"]}}],"collection":[{"href":"https:\/\/paginacero.com.uy\/index.php?rest_route=\/wp\/v2\/posts"}],"about":[{"href":"https:\/\/paginacero.com.uy\/index.php?rest_route=\/wp\/v2\/types\/post"}],"author":[{"embeddable":true,"href":"https:\/\/paginacero.com.uy\/index.php?rest_route=\/wp\/v2\/users\/4"}],"replies":[{"embeddable":true,"href":"https:\/\/paginacero.com.uy\/index.php?rest_route=%2Fwp%2Fv2%2Fcomments&post=4476"}],"version-history":[{"count":1,"href":"https:\/\/paginacero.com.uy\/index.php?rest_route=\/wp\/v2\/posts\/4476\/revisions"}],"predecessor-version":[{"id":4478,"href":"https:\/\/paginacero.com.uy\/index.php?rest_route=\/wp\/v2\/posts\/4476\/revisions\/4478"}],"wp:featuredmedia":[{"embeddable":true,"href":"https:\/\/paginacero.com.uy\/index.php?rest_route=\/wp\/v2\/media\/4477"}],"wp:attachment":[{"href":"https:\/\/paginacero.com.uy\/index.php?rest_route=%2Fwp%2Fv2%2Fmedia&parent=4476"}],"wp:term":[{"taxonomy":"category","embeddable":true,"href":"https:\/\/paginacero.com.uy\/index.php?rest_route=%2Fwp%2Fv2%2Fcategories&post=4476"},{"taxonomy":"post_tag","embeddable":true,"href":"https:\/\/paginacero.com.uy\/index.php?rest_route=%2Fwp%2Fv2%2Ftags&post=4476"}],"curies":[{"name":"wp","href":"https:\/\/api.w.org\/{rel}","templated":true}]}}