{"id":4473,"date":"2024-05-30T10:06:46","date_gmt":"2024-05-30T13:06:46","guid":{"rendered":"https:\/\/paginacero.com.uy\/?p=4473"},"modified":"2024-05-30T10:06:46","modified_gmt":"2024-05-30T13:06:46","slug":"calle-pantaleon-astiazaran-esta-esperando-una-intervencion-desde-hace-quince-anos-queremos-soluciones","status":"publish","type":"post","link":"https:\/\/paginacero.com.uy\/?p=4473","title":{"rendered":"\u201cCalle Pantale\u00f3n Astiazar\u00e1n est\u00e1 esperando una intervenci\u00f3n desde hace quince a\u00f1os: queremos soluciones\u201d"},"content":{"rendered":"<p><strong>El edil Santiago Icasuriaga present\u00f3 una inquietud de vecinos por una calle en particular que est\u00e1 en muy malas condiciones y por la cual se ha pedido reiteradamente, sin resultados, desde hace quince a\u00f1os.<\/strong><!--more--><\/p>\n<p>\u201cEn la noche de hoy el planteamiento que voy a hacer, m\u00e1s bien tendr\u00eda que hacer un pedido informes que no puedo hacer porque este municipio no me puede contestar de 15 a\u00f1os para atr\u00e1s. Es una problem\u00e1tica que hemos venido insistiendo con respecto a por qu\u00e9 no se hace nada en las calles de Sarand\u00ed del Y\u00ed, concretamente Pantale\u00f3n Astiazar\u00e1n, la continuaci\u00f3n, son tres cuadras hacia el r\u00edo despu\u00e9s del bulevar, por ah\u00ed van a ver im\u00e1genes en el estado que est\u00e1n en esas calles. La gente no entiende por qu\u00e9 nunca ning\u00fan municipio, ning\u00fan consejo como le gusta llamar al alcalde anterior, en forma correcta porque afirma que es \u00e9l y cuatro concejales. Pero nadie nos explica por qu\u00e9 nadie se preocup\u00f3 por el arreglo de estas cuadras, tres cuadras, la continuaci\u00f3n de cualquiera de esas calles. no tiene cuneta, no se por qu\u00e9 en todos estos a\u00f1os no se ha podido hacer un cord\u00f3n cuneta y as\u00ed evitar la problem\u00e1tica que tienen los vecinos\u201d agreg\u00f3.<\/p>\n<p>\u201cLos d\u00edas de lluvia o cualquier d\u00eda en la calle Sarand\u00ed, donde se desagua la piscina tambi\u00e9n, el agua se le mete para la casa a un vecino, nos llam\u00f3 para que vi\u00e9ramos en las condiciones que queda. Nosotros hemos hablado con los vecinos y nos plantean la inquietud, por qu\u00e9 en todos estos a\u00f1os, habiendo pasado tres gobiernos, tres municipios, ninguno se ha preocupado por hacer el cord\u00f3n cuneta. Estamos hablando de que no es solo pedir un informe, con retroactividad a quince a\u00f1os, pedimos que estas palabras pasen al Intendente, al Municipio de Sarand\u00ed del Y\u00ed y a la Comisi\u00f3n de Obras de este cuerpo para que se hagan presentes en nuestra ciudad y vean en qu\u00e9 condiciones est\u00e1n estas calles\u201d manifest\u00f3.<\/p>\n<p>\u201cPara los que conocen la ciudad, est\u00e1n a tres cuadras de la plaza de deportes, no se entiende como se hizo una obra como la de Avenida Artigas, que todav\u00eda est\u00e1 inconclusa, que no hab\u00eda sido pedida, pero que esta obra que se ha pedido reiteradamente, no se realiza\u201d finaliz\u00f3 diciendo.<\/p>\n","protected":false},"excerpt":{"rendered":"<p>El edil Santiago Icasuriaga present\u00f3 una inquietud de vecinos por una calle en particular que est\u00e1 en muy malas condiciones y por la cual se ha pedido reiteradamente, sin resultados, desde hace quince a\u00f1os.<\/p>\n","protected":false},"author":4,"featured_media":4474,"comment_status":"closed","ping_status":"closed","sticky":false,"template":"","format":"standard","meta":{"footnotes":""},"categories":[5,29],"tags":[],"class_list":["post-4473","post","type-post","status-publish","format-standard","has-post-thumbnail","hentry","category-durazno","category-junta-departamental"],"_links":{"self":[{"href":"https:\/\/paginacero.com.uy\/index.php?rest_route=\/wp\/v2\/posts\/4473","targetHints":{"allow":["GET"]}}],"collection":[{"href":"https:\/\/paginacero.com.uy\/index.php?rest_route=\/wp\/v2\/posts"}],"about":[{"href":"https:\/\/paginacero.com.uy\/index.php?rest_route=\/wp\/v2\/types\/post"}],"author":[{"embeddable":true,"href":"https:\/\/paginacero.com.uy\/index.php?rest_route=\/wp\/v2\/users\/4"}],"replies":[{"embeddable":true,"href":"https:\/\/paginacero.com.uy\/index.php?rest_route=%2Fwp%2Fv2%2Fcomments&post=4473"}],"version-history":[{"count":1,"href":"https:\/\/paginacero.com.uy\/index.php?rest_route=\/wp\/v2\/posts\/4473\/revisions"}],"predecessor-version":[{"id":4475,"href":"https:\/\/paginacero.com.uy\/index.php?rest_route=\/wp\/v2\/posts\/4473\/revisions\/4475"}],"wp:featuredmedia":[{"embeddable":true,"href":"https:\/\/paginacero.com.uy\/index.php?rest_route=\/wp\/v2\/media\/4474"}],"wp:attachment":[{"href":"https:\/\/paginacero.com.uy\/index.php?rest_route=%2Fwp%2Fv2%2Fmedia&parent=4473"}],"wp:term":[{"taxonomy":"category","embeddable":true,"href":"https:\/\/paginacero.com.uy\/index.php?rest_route=%2Fwp%2Fv2%2Fcategories&post=4473"},{"taxonomy":"post_tag","embeddable":true,"href":"https:\/\/paginacero.com.uy\/index.php?rest_route=%2Fwp%2Fv2%2Ftags&post=4473"}],"curies":[{"name":"wp","href":"https:\/\/api.w.org\/{rel}","templated":true}]}}