{"id":4470,"date":"2024-05-30T10:01:07","date_gmt":"2024-05-30T13:01:07","guid":{"rendered":"https:\/\/paginacero.com.uy\/?p=4470"},"modified":"2024-05-30T10:01:07","modified_gmt":"2024-05-30T13:01:07","slug":"el-presidente-del-partido-nacional-debe-una-explicacion-a-todos-los-uruguayos","status":"publish","type":"post","link":"https:\/\/paginacero.com.uy\/?p=4470","title":{"rendered":"\u201cEl Presidente del Partido Nacional debe una explicaci\u00f3n a todos los uruguayos\u201d"},"content":{"rendered":"<p><strong>El edil frenteamplista Pablo Revello hizo una presentaci\u00f3n donde varios temas fueron planteados.<\/strong><!--more--><\/p>\n<p>\u201cEn la noche de hoy, primeramente quiero recordar al compa\u00f1ero, al ex edil Eduardo O\u2019Neill que este lunes hicieron 4 a\u00f1os de fallecimiento. Eduardo, con una gran pasi\u00f3n por su club Wanderers de cual fue hincha, fue directivo, fue presidente y por la actividad pol\u00edtica en la cual particip\u00f3 de manera muy dedicada, muy \u00edntegra, lo que implicaba estudiar profundamente en detalle todos los temas de las comisiones que le tocaba integrar. Una participaci\u00f3n activa y comprometida, por lo que \u00e9l consideraba, con la construcci\u00f3n de una sociedad m\u00e1s justa\u201d dijo.<\/p>\n<p>\u201cEsas pasiones solamente se pod\u00edan eclipsar entre sus amores, con el amor por su madre, por su hija y por su nieta Victoria. En esta fecha quer\u00eda tener esta palabra de recuerdo un compa\u00f1ero que actu\u00f3 en forma tan dedicada en esta Junta\u201d agreg\u00f3.<\/p>\n<p>El edil tambi\u00e9n hizo referencia a la instalaci\u00f3n de un Espacio de la Memoria.<\/p>\n<p>\u201cComo segundo punto queremos reiterar una propuesta que hicimos a\u00f1os pasados, de tener un Espacio de la Memoria, yo me lo imagino en la plaza Artigas, un espacio para recordar a las personas desaparecidas por la acci\u00f3n del terrorismo de Estado. En alg\u00fan momento explicamos que nosotros consideramos que hay una buena parte de la poblaci\u00f3n que es muy sensible al hecho y eso lo demuestra cada 20 de mayo la marcha que se genera. Entendemos que el intendente no es precisamente del grupo de uruguayos que se que tuvo una militancia en contra de Dictadura, que gener\u00f3 esos desaparecidos, pero creo que lo enaltecer\u00edade todas formas mandar una iniciativa para que exista un Espacio de la Memoria, para el recuerdo de esos desaparecidos por el terrorismo de Estado que es una forma tambi\u00e9n de valorar nuestra democracia\u201d indic\u00f3. \u201cQuiero que estas palabras pasen al intendente\u201d.<\/p>\n<p>Tambi\u00e9n hizo alusi\u00f3n a la renuncia del Presidente del Partido Nacional, aunque destac\u00f3 que es necesaria una explicaci\u00f3n de sus acciones para la ciudadan\u00eda.<\/p>\n<p>\u201c Y hablando de democracia en especial es importante valorarla, hoy la democracia que implica fundamentalmente la separaci\u00f3n de poderes, hay que valorarla y cuidarla, en especial cuando vemos un d\u00eda s\u00ed y otro tambi\u00e9n, que algunos actores pol\u00edticos juegan con ella, la presionan, a uno de los poderes del Estado y consideramos que cuando un hecho se hace p\u00fablico, de que una persona ha presionado, ha manipulado y hasta se vanagloria juntos con sus amigos, o amigotes le podr\u00edamos llamar, no alcanza con una renuncia, en especial cuando el que renuncia es el Presidente de un partido que tiene un lema tan digno y tan caro para los uruguayos de todos los partidos, que era el Partido de las Leyes. Nos parece que no alcanza con la renuncia, tiene que haber una explicaci\u00f3n a sus correligionarios, pero a todos los uruguayos, porque la democracia es de todos y el poder Judicial nos rige, nos controla a todos\u201d finaliz\u00f3 diciendo.<\/p>\n","protected":false},"excerpt":{"rendered":"<p>El edil frenteamplista Pablo Revello hizo una presentaci\u00f3n donde varios temas fueron planteados.<\/p>\n","protected":false},"author":4,"featured_media":4471,"comment_status":"closed","ping_status":"closed","sticky":false,"template":"","format":"standard","meta":{"footnotes":""},"categories":[5],"tags":[],"class_list":["post-4470","post","type-post","status-publish","format-standard","has-post-thumbnail","hentry","category-durazno"],"_links":{"self":[{"href":"https:\/\/paginacero.com.uy\/index.php?rest_route=\/wp\/v2\/posts\/4470","targetHints":{"allow":["GET"]}}],"collection":[{"href":"https:\/\/paginacero.com.uy\/index.php?rest_route=\/wp\/v2\/posts"}],"about":[{"href":"https:\/\/paginacero.com.uy\/index.php?rest_route=\/wp\/v2\/types\/post"}],"author":[{"embeddable":true,"href":"https:\/\/paginacero.com.uy\/index.php?rest_route=\/wp\/v2\/users\/4"}],"replies":[{"embeddable":true,"href":"https:\/\/paginacero.com.uy\/index.php?rest_route=%2Fwp%2Fv2%2Fcomments&post=4470"}],"version-history":[{"count":1,"href":"https:\/\/paginacero.com.uy\/index.php?rest_route=\/wp\/v2\/posts\/4470\/revisions"}],"predecessor-version":[{"id":4472,"href":"https:\/\/paginacero.com.uy\/index.php?rest_route=\/wp\/v2\/posts\/4470\/revisions\/4472"}],"wp:featuredmedia":[{"embeddable":true,"href":"https:\/\/paginacero.com.uy\/index.php?rest_route=\/wp\/v2\/media\/4471"}],"wp:attachment":[{"href":"https:\/\/paginacero.com.uy\/index.php?rest_route=%2Fwp%2Fv2%2Fmedia&parent=4470"}],"wp:term":[{"taxonomy":"category","embeddable":true,"href":"https:\/\/paginacero.com.uy\/index.php?rest_route=%2Fwp%2Fv2%2Fcategories&post=4470"},{"taxonomy":"post_tag","embeddable":true,"href":"https:\/\/paginacero.com.uy\/index.php?rest_route=%2Fwp%2Fv2%2Ftags&post=4470"}],"curies":[{"name":"wp","href":"https:\/\/api.w.org\/{rel}","templated":true}]}}