{"id":4460,"date":"2024-05-28T22:17:24","date_gmt":"2024-05-29T01:17:24","guid":{"rendered":"https:\/\/paginacero.com.uy\/?p=4460"},"modified":"2024-05-28T22:17:24","modified_gmt":"2024-05-29T01:17:24","slug":"cajitas-de-tesoros-en-el-dia-del-ceramista","status":"publish","type":"post","link":"https:\/\/paginacero.com.uy\/?p=4460","title":{"rendered":"Cajitas de tesoros en el D\u00eda del Ceramista"},"content":{"rendered":"<p><strong>Se celebr\u00f3 el D\u00eda del Ceramista con una muestra protagonizada por los ni\u00f1os del Taller de Artes Pl\u00e1sticas que expusieron 70 producciones propias y el escultor en cer\u00e1mica Claudio Dalmao que lleg\u00f3 desde Paysand\u00fa para engalanar la sala del Espacio Cultural.<\/strong><!--more--><\/p>\n<p>\u201cPrimero que nada felicitar a todos los ceramistas que est\u00e1n aqu\u00ed, que son much\u00edsimos, de los m\u00e1s peque\u00f1os a los m\u00e1s grandes. Un d\u00eda hermoso para celebrar este arte milenario, de trabajar con la propia tierra, con las manos y crear estas maravillosas obras que tenemos ac\u00e1. Durante toda la jornada sin duda en el Taller y en este nuevo espacio se pudo disfrutar con clases abiertas de alfareros como Pedro Zamarrena que lo tenemos por all\u00e1, Daniel Rodr\u00edguez que tambi\u00e9n estuvo en la propuesta. Agradecer la iniciativa de la profesora Cecilia H\u00e9mala e In\u00e9s Garcia que con sus chiquitos hicieron dos colecciones hermosas para compartir, al personal de Cultura, al Espacio Cultural, a Lucy y por supuesto la presencia de este expositor que llega desde Paysand\u00fa, Claudio Dalmao y que nos trajo esta hermosa obra para disfrutar\u201d dijo el Coordinador de Cultura Walter Fumero.<\/p>\n<p>\u201cAgradecer la presencia de todos ustedes, esta buen\u00edsimo y valoramos que nos acompa\u00f1en en esta jornada, es bueno acompa\u00f1ar a nuestros hijos en estas actividades culturales, que se acerquen al Taller, que recorran el Espacio Cultural que pueden hacerlo cualquier dia que prefieran para disfrutarlo, est\u00e1 abierto a que lo puedan visitar y conocer todo lo que se realiza ac\u00e1, tanto en el Taller de artes Pl\u00e1sticas como el Conservatorio Departamental. Estas exposiciones son el motivo central para que nos acompa\u00f1en y disfruten de esta actividad\u201d agreg\u00f3.<\/p>\n<p>La docente y ceramista Cecilia H\u00e9mala cont\u00f3 que \u201choy es la presentaci\u00f3n de esta muestra, pero va a estar abierta durante toda la semana, pueden llegar las escuelas, el p\u00fablico en general para recorrerla, tal vez en forma m\u00e1s tranquila. Todos los 28 de mayo en el Taller de Artes Pl\u00e1sticas se arma un movimiento y una fiesta porque consideramos que son todas las artes importantes, pero para nosotros la cer\u00e1mica es el furor, sobre todo para el Taller. Durazno tiene unas canteras maravillosas, tenemos la arcilla, siempre ha sido la identidad de nosotros la cer\u00e1mica, si bien en nuestros or\u00edgenes ind\u00edgenas no ten\u00edamos una base muy fuerte de lo que era la cer\u00e1mica, pero hoy Durazno al tener todas esas canteras y esa arcilla ha sido una identidad para nosotros\u201d.<\/p>\n<p>\u201cEstos artistas que est\u00e1n ac\u00e1, todav\u00eda nos falta mudar el horno y tenemos a Lucy que es la que nos ayuda a preparar la masa que cada ni\u00f1o utiliza, no es lo que le corresponde pero de coraz\u00f3n lo hace. Entonces les puse algo dif\u00edcil para hacer, que es lo que hoy estamos mostrando, hacer una caja cuadrada es lo m\u00e1s dif\u00edcil que hay, porque hay que unir varios v\u00e9rtices, planos, es complicado. Por lo general a los grandes se nos agrietan las cajas, sin embargo las 70 cajas que hay ac\u00e1 est\u00e1n bien selladas, eso habla del buen trabajo que hicieron. Cajas con tapa, con sus patitas, trabajaron con una gran motivaci\u00f3n en sus cajitas de tesoros, ellos estiraron la masa pensando en que pod\u00edan guardar en esas cajitas, monedas, zapatos de Barbie, recuerdos de los m\u00e1s variados, esa magia, esa creatividad que fomenta un docente hace que tambi\u00e9n tengan muchas ganas de hacerlas. Las cajitas son una obra de arte maravillosa, cada una de ellas es una joya, en mayo, ellos ya lo est\u00e1n logrando, as\u00ed que felicitaciones para estos artistas maravillosos\u201d agreg\u00f3.<\/p>\n<p>\u201cSon 70 ni\u00f1os, hay 70 cajas y pude contactarme con el genio de Claudio Dalmao para llegar desde Paysand\u00fa, gracias a la Intendencia, Lucy y Walter consiguieron traerlo con sus obras y hoy est\u00e1 tambi\u00e9n ac\u00e1 mostr\u00e1ndonos esta maravilla. Es un honor para el Taller que hoy est\u00e9 con nosotros\u201d dijo.<\/p>\n<p>Claudio Dalmao fue el artista invitado desde Paysand\u00fa para exponer en esta fecha y dijo que \u201cme queda agradecer por la invitaci\u00f3n y al p\u00fablico que hoy nos acompa\u00f1a. Es dif\u00edcil hacer una muestra y que se logre esta convocatoria. Esta muestra de escultura en cer\u00e1mica se debe desgastar un bloque, pero decid\u00ed trabajar desde el ensamble, tomando figuras cotidianas para realizarlas. He sido artista pl\u00e1stico en otras \u00e1reas, pero estoy enamorado actualmente de esta t\u00e9cnica, una escultura con lenguaje propio y algunas piezas son integradas. En esta t\u00e9cnica podemos trabajar muchas obras tal como lo estamos viendo, construyendo las esculturas desde objetos cotidianos que se rellenan con arcilla\u201d cont\u00f3 el escultor.<\/p>\n","protected":false},"excerpt":{"rendered":"<p>Se celebr\u00f3 el D\u00eda del Ceramista con una muestra protagonizada por los ni\u00f1os del Taller de Artes Pl\u00e1sticas que expusieron 70 producciones propias y el escultor en cer\u00e1mica Claudio Dalmao que lleg\u00f3 desde Paysand\u00fa para engalanar la sala del Espacio Cultural.<\/p>\n","protected":false},"author":4,"featured_media":4461,"comment_status":"closed","ping_status":"closed","sticky":false,"template":"","format":"standard","meta":{"footnotes":""},"categories":[5],"tags":[],"class_list":["post-4460","post","type-post","status-publish","format-standard","has-post-thumbnail","hentry","category-durazno"],"_links":{"self":[{"href":"https:\/\/paginacero.com.uy\/index.php?rest_route=\/wp\/v2\/posts\/4460","targetHints":{"allow":["GET"]}}],"collection":[{"href":"https:\/\/paginacero.com.uy\/index.php?rest_route=\/wp\/v2\/posts"}],"about":[{"href":"https:\/\/paginacero.com.uy\/index.php?rest_route=\/wp\/v2\/types\/post"}],"author":[{"embeddable":true,"href":"https:\/\/paginacero.com.uy\/index.php?rest_route=\/wp\/v2\/users\/4"}],"replies":[{"embeddable":true,"href":"https:\/\/paginacero.com.uy\/index.php?rest_route=%2Fwp%2Fv2%2Fcomments&post=4460"}],"version-history":[{"count":1,"href":"https:\/\/paginacero.com.uy\/index.php?rest_route=\/wp\/v2\/posts\/4460\/revisions"}],"predecessor-version":[{"id":4462,"href":"https:\/\/paginacero.com.uy\/index.php?rest_route=\/wp\/v2\/posts\/4460\/revisions\/4462"}],"wp:featuredmedia":[{"embeddable":true,"href":"https:\/\/paginacero.com.uy\/index.php?rest_route=\/wp\/v2\/media\/4461"}],"wp:attachment":[{"href":"https:\/\/paginacero.com.uy\/index.php?rest_route=%2Fwp%2Fv2%2Fmedia&parent=4460"}],"wp:term":[{"taxonomy":"category","embeddable":true,"href":"https:\/\/paginacero.com.uy\/index.php?rest_route=%2Fwp%2Fv2%2Fcategories&post=4460"},{"taxonomy":"post_tag","embeddable":true,"href":"https:\/\/paginacero.com.uy\/index.php?rest_route=%2Fwp%2Fv2%2Ftags&post=4460"}],"curies":[{"name":"wp","href":"https:\/\/api.w.org\/{rel}","templated":true}]}}