{"id":4454,"date":"2024-05-28T10:04:57","date_gmt":"2024-05-28T13:04:57","guid":{"rendered":"https:\/\/paginacero.com.uy\/?p=4454"},"modified":"2024-05-28T10:04:57","modified_gmt":"2024-05-28T13:04:57","slug":"vecinos-al-este-de-ruta-5-piden-por-un-nuevo-espacio-de-recreacion-para-ninos","status":"publish","type":"post","link":"https:\/\/paginacero.com.uy\/?p=4454","title":{"rendered":"Vecinos al Este de ruta 5 piden por un nuevo espacio de recreaci\u00f3n para ni\u00f1os"},"content":{"rendered":"<p><strong>El edil Mart\u00edn Vidal\u00edn hizo referencia a los planteos de vecinos de la localidad de Blanquillo por la inseguridad en el tr\u00e1nsito en la intersecci\u00f3n con la ruta 43 y las calles de la zona.<\/strong><!--more--><\/p>\n<p>\u201cVoy a hacer un planteo de los vecinos de Blanquillo que solicitan que en la ruta 43 a la entrada de esta localidad donde hay una situaci\u00f3n bastante complicada por el tr\u00e1nsito de veh\u00edculos, sean puestos lomos de burro o alg\u00fan tipo de despertador en las intersecciones de la ruta con Jos\u00e9 Pedro Carela, Juana de Ibarbourou, 19 de Junio y calle Argentina.<\/p>\n<p>Queremos que estas palabras pasen al Ministerio de Transporte y Obras P\u00fablicas, a la Comisi\u00f3n de obras y al Ejecutivo Departamental\u201d dijo.<\/p>\n<p>\u201cTambi\u00e9n me voy a hacer eco de pedidos de vecinos de Vista Linda, Sand\u00fa, Sanducito, sobre este tema en la pr\u00f3xima sesi\u00f3n se har\u00e1 un pedido, porque piden que se pueda tener un predio con una placita con juegos infantiles, lo m\u00e1s cerca que tienen es la Placita Pirotto o la plaza que est\u00e1 en Scaffo y Orlando Giordano o tienen que ir a la placita de Morquio, que les queda m\u00e1s lejos. por eso solicitamos que se tenga en cuenta por parte de la Intendencia construir un lugar de recreaci\u00f3n para ni\u00f1os en esa zona\u201d agreg\u00f3.<\/p>\n<p>\u201cQuiero que estas palabras pasen a la Comisi\u00f3n de Obras de la Junta y el Ejecutivo Departamental\u201d finaliz\u00f3 diciendo.<\/p>\n","protected":false},"excerpt":{"rendered":"<p>El edil Mart\u00edn Vidal\u00edn hizo referencia a los planteos de vecinos de la localidad de Blanquillo por la inseguridad en el tr\u00e1nsito en la intersecci\u00f3n con la ruta 43 y las calles de la zona.<\/p>\n","protected":false},"author":4,"featured_media":4455,"comment_status":"closed","ping_status":"closed","sticky":false,"template":"","format":"standard","meta":{"footnotes":""},"categories":[5,29],"tags":[],"class_list":["post-4454","post","type-post","status-publish","format-standard","has-post-thumbnail","hentry","category-durazno","category-junta-departamental"],"_links":{"self":[{"href":"https:\/\/paginacero.com.uy\/index.php?rest_route=\/wp\/v2\/posts\/4454","targetHints":{"allow":["GET"]}}],"collection":[{"href":"https:\/\/paginacero.com.uy\/index.php?rest_route=\/wp\/v2\/posts"}],"about":[{"href":"https:\/\/paginacero.com.uy\/index.php?rest_route=\/wp\/v2\/types\/post"}],"author":[{"embeddable":true,"href":"https:\/\/paginacero.com.uy\/index.php?rest_route=\/wp\/v2\/users\/4"}],"replies":[{"embeddable":true,"href":"https:\/\/paginacero.com.uy\/index.php?rest_route=%2Fwp%2Fv2%2Fcomments&post=4454"}],"version-history":[{"count":1,"href":"https:\/\/paginacero.com.uy\/index.php?rest_route=\/wp\/v2\/posts\/4454\/revisions"}],"predecessor-version":[{"id":4456,"href":"https:\/\/paginacero.com.uy\/index.php?rest_route=\/wp\/v2\/posts\/4454\/revisions\/4456"}],"wp:featuredmedia":[{"embeddable":true,"href":"https:\/\/paginacero.com.uy\/index.php?rest_route=\/wp\/v2\/media\/4455"}],"wp:attachment":[{"href":"https:\/\/paginacero.com.uy\/index.php?rest_route=%2Fwp%2Fv2%2Fmedia&parent=4454"}],"wp:term":[{"taxonomy":"category","embeddable":true,"href":"https:\/\/paginacero.com.uy\/index.php?rest_route=%2Fwp%2Fv2%2Fcategories&post=4454"},{"taxonomy":"post_tag","embeddable":true,"href":"https:\/\/paginacero.com.uy\/index.php?rest_route=%2Fwp%2Fv2%2Ftags&post=4454"}],"curies":[{"name":"wp","href":"https:\/\/api.w.org\/{rel}","templated":true}]}}