{"id":4451,"date":"2024-05-28T10:00:28","date_gmt":"2024-05-28T13:00:28","guid":{"rendered":"https:\/\/paginacero.com.uy\/?p=4451"},"modified":"2024-05-28T10:00:28","modified_gmt":"2024-05-28T13:00:28","slug":"futsal-inclusivo-habra-jornada-en-el-estadio-cerrado","status":"publish","type":"post","link":"https:\/\/paginacero.com.uy\/?p=4451","title":{"rendered":"Futsal inclusivo: habr\u00e1 jornada en el Estadio Cerrado"},"content":{"rendered":"<p><strong>El Futsal, un deporte netamente uruguayo, tendr\u00e1 su propuesta inclusiva de ni\u00f1os y j\u00f3venes el 8 de junio en el Estadio Cerrado.<\/strong><!--more--><\/p>\n<p>\u201cLa actividad es organizada por el Area de Deporte y Recreaci\u00f3n que estamos trabajando con varios docentes de la Intendencia, como hay diferentes escuelitas de Futsal que se han ido anexando en los diferentes CIB la idea es hacer un encuentro que conozcan el estadio Cerrado tambi\u00e9n, haciendo un encuentro inclusivo, ya que en algunos centros tenemos chicos que andan con andador, que tienen dificultades motrices, otros que tienen s\u00edndrome de Down, algunos con capacidades diferentes, motrices o no. Entonces la actividad es inclusiva para que todos los chicos puedan jugar en conjunto como lo hacen en las clases, pero esta vez con todos los Cib y todos los chicos\u201d dijo uno de los organizadores, el profesor Leonardo Mart\u00ednez.<\/p>\n<p>\u201cM\u00e1s adelante est\u00e1 planeado hacer un torneo, pero con aquellos que dominan m\u00e1s el deporte, pero no queremos dejar de lado a quienes lo practican diariamente en nuestros centros, que participan cotidianamente y que sea un encuentro amistoso. Lo estamos organizado a trav\u00e9s del Area de Deporte y Recreaci\u00f3n de las escuelas, anex\u00e1ndose tambi\u00e9n la Oficina de la Juventud\u201d agreg\u00f3.<\/p>\n<p>Los docentes a cargo de las distintas escuelitas de futsal son Luc\u00eda Denis, Juli\u00e1n Pacheco, Enzo Mart\u00ednez, Mar\u00eda Alfonso, Marcelo Caraballo, Leonardo Mart\u00ednez y el entrenador Cristian Marcel.<\/p>\n<p>\u201cLo que queremos generar es una inclusi\u00f3n activa, la inclusi\u00f3n parte del momento en que est\u00e1n todos en una actividad, como vivimos en sociedad inclu\u00eddos entonces tambi\u00e9n en el deporte es bueno que todos estemos en algunas ocasiones trabajando a la par, si bien en alg\u00fan momento estaremos cada uno en su \u00e1rea. Todos los que asistan a los centros barriales y a las escuelitas de Futsal entonces ser\u00e1n parte del universo de esta actividad\u201d dijo.<\/p>\n<p>En la actividad estar\u00e1n integrantes de los CIB de Las Higueras, La Amarilla, Varona, Buem, Plaza 1 y Complejo Deportivo Municipal.<\/p>\n<p>El f\u00fatbol de sal\u00f3n, f\u00fatbol sala, microf\u00fatbol o futsal es un deporte similar al f\u00fatbol pero con reglas diferentes, que se juega en piso liso, entre dos equipos de cinco jugadores. Hasta finales de la d\u00e9cada de 1980, el deporte tuvo una sola regulaci\u00f3n, a partir de ah\u00ed y durante aproximadamente 10 a\u00f1os hubo un interregno que termin\u00f3 a principios del siglo xxi, desde entonces est\u00e1 reglamentado por dos organizaciones la AMF (entidad que reemplazo a la FIFUSA de forma administrativa y hered\u00f3 las normas originales) y la FIFA que ha establecido reglas y competencias diferentes, raz\u00f3n por la cual algunos especialistas sostienen que son dos deportes diferentes, llamados futsal o f\u00fatbol de sal\u00f3n en el caso de la AMF y tambi\u00e9n futsal o f\u00fatbol sala en el caso de la FIFA.<\/p>\n<p>El deporte fue inventado en 1930 por el uruguayo Juan Carlos Ceriani, un profesor de educaci\u00f3n f\u00edsica en Uruguay, que inicialmente lo denomin\u00f3 indoor soccer. El deporte gan\u00f3 r\u00e1pidamente popularidad debido al fervor de la primera Copa del Mundo de 1930 organizada y ganada por Uruguay, r\u00e1pidamente se expandi\u00f3 por Am\u00e9rica del sur y el resto de los continentes.<\/p>\n<p>La creaci\u00f3n de este deporte nos remonta a 1930 en Montevideo, a\u00f1o de la primera Copa del Mundo de 1930 organizada y ganada por Uruguay. Los j\u00f3venes se sent\u00edan euf\u00f3ricos por practicar el f\u00fatbol sin tener en cuenta el tama\u00f1o o el tipo de superficie. Eran pocas las canchas para practicarlo y permanec\u00edan llenas, obligando a ni\u00f1os y j\u00f3venes a jugar en las calles y en terrenos m\u00e1s peque\u00f1os.<\/p>\n<p>Fue el profesor Juan Carlos Ceriani, de la Asociaci\u00f3n Cristiana de J\u00f3venes (YMCA) de Montevideo, quien llev\u00f3 su pr\u00e1ctica a escenarios cerrados. Se le ocurri\u00f3 adaptar las normas del f\u00fatbol, combin\u00e1ndolas con reglas de otros deportes como el balonmano y el waterpolo a un campo peque\u00f1o y duro. Del baloncesto tom\u00f3 el n\u00famero de jugadores, cinco por cada equipo, y el tiempo total de juego de 40 minutos; del balonmano el tama\u00f1o de las porter\u00edas, el bal\u00f3n de escaso rebote y las medidas del campo; y del waterpolo las reglas referentes al arquero. Inicialmente se le llam\u00f3 \u00abf\u00fatbol de sala\u00bb y caus\u00f3 sensaci\u00f3n en Uruguay, pasando posteriormente al resto de Sudam\u00e9rica y extendi\u00e9ndose por todos los pa\u00edses. Se desarroll\u00f3 originalmente para jugar en canchas de baloncesto. La idea fue crear un juego que se pareciera al f\u00fatbol, pero que se pudiera jugar tanto en campo abierto como cerrado. Y se volvi\u00f3 muy popular en Uruguay despu\u00e9s que este pa\u00eds ganara la Copa del Mundo de 1930, adem\u00e1s de medallas ol\u00edmpicas en los Juegos Ol\u00edmpicos de 1924 y 1928.<\/p>\n","protected":false},"excerpt":{"rendered":"<p>El Futsal, un deporte netamente uruguayo, tendr\u00e1 su propuesta inclusiva de ni\u00f1os y j\u00f3venes el 8 de junio en el Estadio Cerrado.<\/p>\n","protected":false},"author":4,"featured_media":4452,"comment_status":"closed","ping_status":"closed","sticky":false,"template":"","format":"standard","meta":{"footnotes":""},"categories":[5],"tags":[],"class_list":["post-4451","post","type-post","status-publish","format-standard","has-post-thumbnail","hentry","category-durazno"],"_links":{"self":[{"href":"https:\/\/paginacero.com.uy\/index.php?rest_route=\/wp\/v2\/posts\/4451","targetHints":{"allow":["GET"]}}],"collection":[{"href":"https:\/\/paginacero.com.uy\/index.php?rest_route=\/wp\/v2\/posts"}],"about":[{"href":"https:\/\/paginacero.com.uy\/index.php?rest_route=\/wp\/v2\/types\/post"}],"author":[{"embeddable":true,"href":"https:\/\/paginacero.com.uy\/index.php?rest_route=\/wp\/v2\/users\/4"}],"replies":[{"embeddable":true,"href":"https:\/\/paginacero.com.uy\/index.php?rest_route=%2Fwp%2Fv2%2Fcomments&post=4451"}],"version-history":[{"count":1,"href":"https:\/\/paginacero.com.uy\/index.php?rest_route=\/wp\/v2\/posts\/4451\/revisions"}],"predecessor-version":[{"id":4453,"href":"https:\/\/paginacero.com.uy\/index.php?rest_route=\/wp\/v2\/posts\/4451\/revisions\/4453"}],"wp:featuredmedia":[{"embeddable":true,"href":"https:\/\/paginacero.com.uy\/index.php?rest_route=\/wp\/v2\/media\/4452"}],"wp:attachment":[{"href":"https:\/\/paginacero.com.uy\/index.php?rest_route=%2Fwp%2Fv2%2Fmedia&parent=4451"}],"wp:term":[{"taxonomy":"category","embeddable":true,"href":"https:\/\/paginacero.com.uy\/index.php?rest_route=%2Fwp%2Fv2%2Fcategories&post=4451"},{"taxonomy":"post_tag","embeddable":true,"href":"https:\/\/paginacero.com.uy\/index.php?rest_route=%2Fwp%2Fv2%2Ftags&post=4451"}],"curies":[{"name":"wp","href":"https:\/\/api.w.org\/{rel}","templated":true}]}}