{"id":4448,"date":"2024-05-28T09:55:25","date_gmt":"2024-05-28T12:55:25","guid":{"rendered":"https:\/\/paginacero.com.uy\/?p=4448"},"modified":"2024-05-28T09:55:25","modified_gmt":"2024-05-28T12:55:25","slug":"lanzaron-el-programa-ni-silencio-ni-tabu","status":"publish","type":"post","link":"https:\/\/paginacero.com.uy\/?p=4448","title":{"rendered":"Lanzaron el programa \u201cNi silencio ni tab\u00fa\u201d"},"content":{"rendered":"<p><strong>INJU, UNICEF y MSP invitan a la presentaci\u00f3n de una nueva edici\u00f3n de \u201cNi Silencio Ni Tab\u00fa\u201d, un programa de promoci\u00f3n del bienestar psicoemocional de adolescentes y j\u00f3venes. En el evento participaron j\u00f3venes representantes del Espacio Joven y autoridades referentes de las instituciones.<\/strong><!--more--><\/p>\n<p>En esta jornada se presentaron avances obtenidos, proyecciones para 2024 en cuanto a actividades y cantidad de j\u00f3venes y adultos a alcanzar. Adem\u00e1s, se dieron a conocer las locaciones de los siete Centros de referencia que se inaugurar\u00e1n en los pr\u00f3ximos meses en distintos puntos del pa\u00eds y detalles sobre su funcionamiento.<\/p>\n<p>#NiSilencioNiTab\u00fa es una campa\u00f1a nacional de sensibilizaci\u00f3n sobre salud mental y bienestar psicosocial dirigida a adolescentes y j\u00f3venes que busca promover su involucramiento y participaci\u00f3n en la tem\u00e1tica, haciendo visible lo que piensan, lo que sienten y lo que proponen.<\/p>\n<p>La propuesta le da continuidad a la implementaci\u00f3n de los talleres de sensibilizaci\u00f3n dirigidos a adolescentes y j\u00f3venes en todo el pa\u00eds; desarrollando un m\u00f3dulo de capacitaci\u00f3n para adultos referentes en la plataforma Ceibal; implementando un m\u00f3dulo de investigaci\u00f3n acad\u00e9mica en el tema, y fortaleciendo un espacio de participaci\u00f3n de adolescentes y j\u00f3venes para acompa\u00f1ar los procesos de ejecuci\u00f3n de Ni Silencio Ni Tab\u00fa.<\/p>\n<p>#NiSilencioNiTab\u00fa llega a adolescentes y j\u00f3venes en todo el pa\u00eds, con el apoyo de un kit de materiales con din\u00e1micas y propuestas desarrollados por profesionales de la salud mental, con el apoyo de UNICEF. Este despliegue en territorio busca sensibilizar a los j\u00f3venes en el tema de la campa\u00f1a, para que act\u00faen como agentes de cambio en sus comunidades, y as\u00ed poder visibilizar la importancia de hablar sobre salud mental y bienestar socioemocional.<\/p>\n<p>El p\u00fablico primario de la campa\u00f1a son adolescentes de 14 a 19 a\u00f1os; y el p\u00fablico secundario: j\u00f3venes, educadores, docentes, referentes adultos, familias.<\/p>\n<p>El programa tiene acciones en territorio: despliegue de actividades dirigidas a adolescentes y j\u00f3venes, identificaci\u00f3n de adolescentes y j\u00f3venes voceros, articulaci\u00f3n interinstitucional a nivel local; colocar el tema en agenda p\u00fablica, realizaci\u00f3n de campa\u00f1a audiovisual para plataformas digitales (redes sociales, p\u00e1ginas web); sitio de soporte de contenidos para adolescentes y j\u00f3venes, docentes y referentes adultos, y familiares.<\/p>\n<p>Es una campa\u00f1a interinstitucional y a nivel nacional, liderada por INJU, con el apoyo de UNICEF y el Ministerio de Salud P\u00fablica. Cuenta con la participaci\u00f3n de instituciones claves para lograr los objetivos, que adhieren y colaboran con la campa\u00f1a: Administraci\u00f3n de los Servicios de Salud del Estado (ASSE), Administraci\u00f3n Nacional de Educaci\u00f3n P\u00fablica (ANEP), Ministerio de Educaci\u00f3n y Cultura (MEC), Instituto del Ni\u00f1o y del Adolescente del Uruguay (INAU), Instituto Nacional de Inclusi\u00f3n Adolescente (INISA), Ministerio de Desarrollo Social (MIDES) a trav\u00e9s de la participaci\u00f3n de Enlace Educativo, INMUJERES y el Departamento de Salud Mental, Secretar\u00eda Nacional del Deporte (SND), Agencia de Gobierno Electr\u00f3nico y Sociedad de la Informaci\u00f3n y el Conocimiento (AGESIC), Medios P\u00fablicos, la Junta Nacional de Drogas (JND) y Secretar\u00edas y Direcciones de Juventud de los gobiernos departamentales de todo el pa\u00eds. Asimismo, la Comisi\u00f3n Honoraria de Prevenci\u00f3n del Suicidio (CHOPS) y sus estructuras territoriales acompa\u00f1an la implementaci\u00f3n de la Campa\u00f1a. Por \u00faltimo, es de destacar la participaci\u00f3n de adolescentes y j\u00f3venes que aportan propuestas e iniciativas para la construcci\u00f3n de la campa\u00f1a.<\/p>\n<p>A nivel mundial, uno de cada siete j\u00f3venes de 10 a 19 a\u00f1os padece alg\u00fan trastorno mental (OMS, 2021). La depresi\u00f3n, la ansiedad y los trastornos del comportamiento se encuentran entre las principales causas de enfermedad y discapacidad entre los adolescentes. El suicidio es la cuarta causa de muerte en el mundo entre los j\u00f3venes de 15 a 19 a\u00f1os. En Uruguay, de acuerdo a la Encuesta Nacional de Adolescencia y Juventud de 2018, el 14,4% de los adolescentes y j\u00f3venes se han sentido tan tristes o desesperados que dejaron de hacer sus actividades habituales por dos semanas seguidas o m\u00e1s tiempo. Esa proporci\u00f3n representa aproximadamente a 132.000 j\u00f3venes, de los cuales la mitad tienen entre 18 a 24 a\u00f1os. El hecho de no ocuparse de los trastornos de salud mental de los adolescentes y j\u00f3venes tiene consecuencias que pueden extenderse a lo largo de toda la vida, perjudicando la salud f\u00edsica y mental de la persona y restringiendo sus posibilidades de<\/p>\n<p>llevar una vida plena.<\/p>\n<p>Cuando aludimos a los factores que constituyen un problema para la salud mental, hacemos referencia a que esta depende y est\u00e1 en relaci\u00f3n directa con el ambiente, el entorno y los factores microsociales \u2014edad, sexo, etnia, vivienda, familia, situaciones de violencia, oportunidades de educaci\u00f3n y participaci\u00f3n, entre otras\u2014 y macrosociales \u2014cuestiones de g\u00e9nero, pobreza, cambio clim\u00e1tico, conflictos y desastres naturales, cultura y otros factores del contexto. Por eso, cuando hablamos de salud mental desde una perspectiva no patologizante, nos referimos a que el bienestar de los adolescentes y j\u00f3venes est\u00e1 influenciado directamente por los apoyos que reciben de su familia, la comunidad educativa y el entorno, los soportes y acompa\u00f1amientos que los contienen, y el acceso a derechos y oportunidades que encuentran en su contexto.<\/p>\n<p>Los problemas de salud mental son expresiones de malestar o sufrimiento que, si bien pueden no configurar un trastorno psicopatol\u00f3gico, deben ser escuchados y abordados. Las manifestaciones de este malestar pueden tener mayor expresi\u00f3n en lo som\u00e1tico, en lo psicol\u00f3gico, en la conducta, en el cuerpo o abarcar m\u00e1s de un \u00e1rea.<\/p>\n<p>Manifestaciones som\u00e1ticas: quejas y comentarios de los adolescentes acerca de su cuerpo (fatiga, insomnio, pesadillas, dolores de espalda, cefalea, dolor abdominal, problemas dermatol\u00f3gicos).<\/p>\n<p>Manifestaciones psicol\u00f3gicas: quejas y comentarios de los adolescentes concernientes a su estado psicol\u00f3gico (nerviosos, deprimidos, ganas de llorar, aburrimiento, ideas de suicidio, irritabilidad, soledad, sensaci\u00f3n de inadecuaci\u00f3n, problemas acad\u00e9micos). Percepci\u00f3n del cuerpo (se perciben con sobrepeso o bajo peso, con defectos, con dudas e inquietudes por su identidad sexual). Problemas de conducta: autolesiones, heteroagresividad, trastorno en la alimentaci\u00f3n, consumos, conductas de riesgo, transgresiones graves, conductas delictivas.<\/p>\n","protected":false},"excerpt":{"rendered":"<p>INJU, UNICEF y MSP invitan a la presentaci\u00f3n de una nueva edici\u00f3n de \u201cNi Silencio Ni Tab\u00fa\u201d, un programa de promoci\u00f3n del bienestar psicoemocional de adolescentes y j\u00f3venes. En el evento participaron j\u00f3venes representantes del Espacio Joven y autoridades referentes de las instituciones.<\/p>\n","protected":false},"author":4,"featured_media":4449,"comment_status":"closed","ping_status":"closed","sticky":false,"template":"","format":"standard","meta":{"footnotes":""},"categories":[12],"tags":[],"class_list":["post-4448","post","type-post","status-publish","format-standard","has-post-thumbnail","hentry","category-deporte"],"_links":{"self":[{"href":"https:\/\/paginacero.com.uy\/index.php?rest_route=\/wp\/v2\/posts\/4448","targetHints":{"allow":["GET"]}}],"collection":[{"href":"https:\/\/paginacero.com.uy\/index.php?rest_route=\/wp\/v2\/posts"}],"about":[{"href":"https:\/\/paginacero.com.uy\/index.php?rest_route=\/wp\/v2\/types\/post"}],"author":[{"embeddable":true,"href":"https:\/\/paginacero.com.uy\/index.php?rest_route=\/wp\/v2\/users\/4"}],"replies":[{"embeddable":true,"href":"https:\/\/paginacero.com.uy\/index.php?rest_route=%2Fwp%2Fv2%2Fcomments&post=4448"}],"version-history":[{"count":1,"href":"https:\/\/paginacero.com.uy\/index.php?rest_route=\/wp\/v2\/posts\/4448\/revisions"}],"predecessor-version":[{"id":4450,"href":"https:\/\/paginacero.com.uy\/index.php?rest_route=\/wp\/v2\/posts\/4448\/revisions\/4450"}],"wp:featuredmedia":[{"embeddable":true,"href":"https:\/\/paginacero.com.uy\/index.php?rest_route=\/wp\/v2\/media\/4449"}],"wp:attachment":[{"href":"https:\/\/paginacero.com.uy\/index.php?rest_route=%2Fwp%2Fv2%2Fmedia&parent=4448"}],"wp:term":[{"taxonomy":"category","embeddable":true,"href":"https:\/\/paginacero.com.uy\/index.php?rest_route=%2Fwp%2Fv2%2Fcategories&post=4448"},{"taxonomy":"post_tag","embeddable":true,"href":"https:\/\/paginacero.com.uy\/index.php?rest_route=%2Fwp%2Fv2%2Ftags&post=4448"}],"curies":[{"name":"wp","href":"https:\/\/api.w.org\/{rel}","templated":true}]}}