{"id":4436,"date":"2024-05-27T11:13:54","date_gmt":"2024-05-27T14:13:54","guid":{"rendered":"https:\/\/paginacero.com.uy\/?p=4436"},"modified":"2024-05-27T11:13:54","modified_gmt":"2024-05-27T14:13:54","slug":"quien-esta-capacitado-para-decir-que-informacion-es-completa-imparcial-seria-rigurosa-plural-y-equilibrada-como-lo-plantea-esta-nueva-ley-de-medios","status":"publish","type":"post","link":"https:\/\/paginacero.com.uy\/?p=4436","title":{"rendered":"\u00bfQui\u00e9n est\u00e1 capacitado para decir qu\u00e9 informaci\u00f3n es completa, imparcial, seria, rigurosa, plural y equilibrada? Como lo plantea esta nueva Ley de Medios"},"content":{"rendered":"<p>Rody Olivera, Secretario General de la Asociaci\u00f3n de Prensa Uruguaya visit\u00f3 Durazno Con el objetivo de poder conformar una filial del sindicato en Durazno. Charlamos sobre esto, el trabajo period\u00edstico en el interior y sobre la Ley de Medios y sus recientes reformas que van hacia una concentraci\u00f3n de medios y un retroceso en la libertad de prensa.<!--more--><\/p>\n<p><strong>\u00bfQu\u00e9 los trae o qu\u00e9 te trae por Durazno?<\/strong><\/p>\n<p>Nosotros, desde APU, hace ya varios a\u00f1os que venimos visitando y tomando contacto con trabajadoras y trabajadores de los medios de comunicaci\u00f3n de Durazno. En un primer contacto, hace como cinco a\u00f1os, con la Con la Asociaci\u00f3n Duraznense de Prensa. Despu\u00e9s, como no se ha concretado que la ADP participe dentro de APU, como en su momento propuso la ADP ser parte de APU, en esta oportunidad estamos viniendo ya con la definici\u00f3n pol\u00edtica de conformar la primera filial en Durazno de APU.<\/p>\n<p><strong>\u00bfC\u00f3mo ves el trabajo de la prensa en el interior?<\/strong><\/p>\n<p>Por lo general en el interior es muy complejo porque su trabajo es muy precarizado. Hay pocos trabajadores dependientes de los medios. Y por lo general, tienen muchas complicaciones en las condiciones laborales. Sucede que la relaci\u00f3n entre trabajador y patr\u00f3n es como familiar, entonces muchas veces se plantea: \u00bfc\u00f3mo voy a afiliarme al sindicato si fulano es como de la familia o me trata bien? Y as\u00ed mismo se van vulnerando muchos derechos de los trabajadores y las trabajadoras.<\/p>\n<p>Ac\u00e1 en Durazno hay una necesidad por parte de las trabajadoras y trabajadores de poder tener una contenci\u00f3n desde lo sindical, desde los derechos. Por ejemplo, en la recorrida de hoy he estado mucho por medios de prensa, conversando con muchos colegas, lo fundamental que plantean es que esta nueva ley de medios nos va a generar complicaciones a los trabajadores. De ah\u00ed en m\u00e1s empezamos a conversar de varios temas, pero uno de ellos ha sido fundamentalmente la ley de medios que votaron el martes los legisladores.<\/p>\n<p><strong>Con respecto a eso, ya se hab\u00eda venido trabajando en una ley de medios.<\/strong><\/p>\n<p>Nosotros ten\u00edamos una ley de medios vigente desde el a\u00f1o 2015 que no hab\u00eda sido instrumentada, pero s\u00ed se iba a ir instrumentando desde 2016. En el \u00faltimo a\u00f1o de gobierno del Frente Amplio se intentan instrumentar algunas partes de la ley y no se tuvo suerte en el sentido de que vino la elecci\u00f3n, vino el cambio de gobierno y se paraliz\u00f3 todo, se dej\u00f3 sin efecto la ley.<\/p>\n<p>En 2021, el poder ejecutivo envi\u00f3 un proyecto de ley al parlamento que tiene que ver con los medios de comunicaci\u00f3n y esta ley de medios. Ingres\u00f3 por diputados, tuvo media sanci\u00f3n, y en junio o julio, Cabildo Abierto plante\u00f3 un proyecto similar, distinto, pero en ese sentido. Y ah\u00ed se qued\u00f3 todo muerto, qued\u00f3 todo muerto. Y reci\u00e9n ahora, el martes, se present\u00f3 como grave y urgente una tratativa de una ley que no estaba planificada en la coordinaci\u00f3n de bancada que se realiza los lunes. Al punto que la presidenta de la asamblea general se sorprendi\u00f3 y dijo \u00abesto no estaba\u00bb, y se vot\u00f3 y para afuera, ya est\u00e1.<\/p>\n<p>Ahora, como tiene un aditivo, que es el art\u00edculo 72, que recoge mucho de lo que planteaba en su proyecto Cabildo Abierto, el art\u00edculo 72 va de nuevo. Tiene que ir a la c\u00e1mara baja para que se trate y si se aprueba, queda aprobado. Si hacen cambios, vuelve a la alta.<\/p>\n<p>En este art\u00edculo lo que se est\u00e1 diciendo es lo que tenes que hacer como medio de comunicaci\u00f3n: brindar a los ciudadanos informaci\u00f3n, an\u00e1lisis, opiniones, comentarios y valoraciones de manera completa, imparcial, seria, rigurosa, plural y equilibrada entre los actores pol\u00edticos y respecto a los mismos. \u00bfQui\u00e9n est\u00e1 capacitado para decir que informaci\u00f3n es completa, imparcial, seria, rigurosa, plural y equilibrada? Y despu\u00e9s contin\u00faa diciendo: esta obligaci\u00f3n comprende a todos los programas y espacios que emitan an\u00e1lisis, opiniones, comentarios, valoraci\u00f3n e informaci\u00f3n, valoraciones e informaci\u00f3n, comentarios y opiniones de car\u00e1cter pol\u00edtico en el sentido m\u00e1s amplio del t\u00e9rmino, incluyendo contenido de alcance gubernativo, parlamentario, legislativo, administrativo, partidario, jur\u00eddico, acad\u00e9mico y electoral. O sea, alguien va a venir a valorar c\u00f3mo hablas, c\u00f3mo escribes, qu\u00e9 escribiste, de qui\u00e9n escribiste, por qu\u00e9 lo escribiste. O sea, va contra todas las normas internacionales de la libertad de expresi\u00f3n, de la libertad de prensa y de los derechos humanos. Que ha firmado o que ha asumido Uruguay, que ha sido pionero en muchos de estos planteamientos, pero tambi\u00e9n, en los que no ha sido pionero, lo ha tomado de los distintos organismos que se expresan en ese sentido.<\/p>\n<p><strong>En ese sentido no es algo nuevo. En estos \u00faltimos a\u00f1os, en este \u00faltimo tiempo, ese intento de controlar las opiniones o achicar esa libertad de expresi\u00f3n, \u00bfno?<\/strong><\/p>\n<p>S\u00ed, yo lo expres\u00e9 en el primer gobierno de Tabar\u00e9 V\u00e1zquez, en 2005, 2006. Se tom\u00f3 la ley de injurias de los periodistas, o sea, se sac\u00f3 de lo penal la injuria cuando era denuncia de un periodista. Esto est\u00e1 yendo todo en contra. El culpable primero es el periodista por c\u00f3mo entendi\u00f3 la noticia, la digiri\u00f3, la proces\u00f3 y la entreg\u00f3 al p\u00fablico. Tenes que hablar como yo te digo de ciertas cosas. Te doy todos los par\u00e1metros, pero la informaci\u00f3n es una sola, la vas a hacer como yo digo, \u00bfme explico?<\/p>\n<p><strong>\u00bfCu\u00e1l piensas que es el esp\u00edritu de ese art\u00edculo, precisamente?<\/strong><\/p>\n<p>Ir acallando voces disonantes o enfoques distintos, porque voces disonantes ya las est\u00e1n acallando. Tenemos el caso de Eduardo Preve, que ha sido bien claro y que nos ha puesto en alerta m\u00e1s de una vez. Como \u00e9l, hay otros y otras compa\u00f1eras que van sufriendo un poco la persecuci\u00f3n. Ya cuando una senadora te tuitea y dice: \u00abNo, porque fulano de tal est\u00e1 haciendo los mandados.\u00bb Ya cuando otro senador t\u00e9 encara por otro lado, es muy complicado para el trabajador, la trabajadora, poder realizar su funci\u00f3n. Esas son presiones impresionantes. Ahora lo legalizamos, ahora todas esas presiones y todos esos par\u00e1metros est\u00e1n en una ley.<\/p>\n<p><strong> \u00bfQu\u00e9 medidas plantea APU de aqu\u00ed en adelante si se aprueba o para intentar que no se apruebe esto?<\/strong><\/p>\n<p>En realidad, tenemos que esperar a ver qu\u00e9 sucede con la c\u00e1mara baja, pero ya tenemos que ir empezando a atender l\u00edneas desde los organismos internacionales. APU tiene hoy d\u00eda la presidencia de la Federaci\u00f3n de Periodistas de Latinoam\u00e9rica y el Caribe, que es parte de la FIP. Ya estamos generando y hemos comunicado a trav\u00e9s de la FIP, la Federaci\u00f3n Internacional de Periodistas, y de la FEPA. Es un poco por ah\u00ed nuestro andar. Seguiremos con UNESCO, ONU. Venimos de conmemorar el D\u00eda Mundial de la Libertad de Expresi\u00f3n en Chile y nos cae un bombazo de esto,<\/p>\n<p><strong>Ahora volviendo un poco a lo local, \u00bfc\u00f3mo ves la aglomeraci\u00f3n de medios de comunicaci\u00f3n bajo un solo apellido?<\/strong><\/p>\n<p>Creo que est\u00e1 bastante complicado porque esta ley vino a complicarla m\u00e1s. Porque en realidad ahora permite la concentraci\u00f3n m\u00e1s compulsiva, m\u00e1s violenta.. Lo que en particular, en el interior, hemos podido corroborar es que, generalmente, los pol\u00edticos en el interior los han bancado. Entonces, ah\u00ed est\u00e1 tambi\u00e9n la poca diversidad de opiniones dentro de los medios de comunicaci\u00f3n en el interior y dentro de cada localidad o departamento.<\/p>\n<p><strong>\u00bfQu\u00e9 apoyo le va a brindar o qu\u00e9 apoyo le puede brindar APU a los trabajadores de la prensa del interior?<\/strong><\/p>\n<p>Nosotros somos una organizaci\u00f3n desde el a\u00f1o 1944, fue fundada por periodistas. Hoy no est\u00e1 integrada \u00fanicamente por periodistas, es m\u00e1s, nos est\u00e1n haciendo falta periodistas que ingresen. Junto con ese bagaje de historia, fundadores de la CNT, del PIT-CNT, de la FEPALC y la FIP, lo que generamos es fortaleza para que el trabajador tenga derechos laborales, de defender y construir condiciones laborales dignas, y la obligaci\u00f3n de defender el salario. Categor\u00eda, salario. Eso es lo que nos toca, pero desde hace un tiempo estamos abocados a poder reivindicar la militancia de la profesi\u00f3n. Que pueda reivindicar la militancia de la profesi\u00f3n, que no es como te dicen a veces: \u00abOh, periodista militante\u00bb, como queri\u00e9ndote tirar para la vereda de enfrente, sino que nosotros podemos realmente militar la profesi\u00f3n y hacer cosas buenas.<\/p>\n<p><strong>\u00bfC\u00f3mo contin\u00faa este trabajo en Durazno?<\/strong><\/p>\n<p>Lo que venimos a tratar es de escuchar y que nos digan qu\u00e9 es lo que hace falta, y ver si desde all\u00e1 podemos traer algo o, mejor, generarlo ac\u00e1 para que ac\u00e1 viva solo y como filial. Y que ramifique. Tenemos unos talleres en los que vamos a venir a hablar sobre noticias falsas, y probablemente lo demos ac\u00e1 en Durazno.<\/p>\n<p>&nbsp;<\/p>\n","protected":false},"excerpt":{"rendered":"<p>Rody Olivera, Secretario General de la Asociaci\u00f3n de Prensa Uruguaya visit\u00f3 Durazno Con el objetivo de poder conformar una filial del sindicato en Durazno. Charlamos sobre esto, el trabajo period\u00edstico en el interior y sobre la Ley de Medios y sus recientes reformas que van hacia una concentraci\u00f3n de medios y un retroceso en la [&hellip;]<\/p>\n","protected":false},"author":4,"featured_media":4437,"comment_status":"closed","ping_status":"closed","sticky":false,"template":"","format":"standard","meta":{"footnotes":""},"categories":[5,36],"tags":[],"class_list":["post-4436","post","type-post","status-publish","format-standard","has-post-thumbnail","hentry","category-durazno","category-nota-periodistica"],"_links":{"self":[{"href":"https:\/\/paginacero.com.uy\/index.php?rest_route=\/wp\/v2\/posts\/4436","targetHints":{"allow":["GET"]}}],"collection":[{"href":"https:\/\/paginacero.com.uy\/index.php?rest_route=\/wp\/v2\/posts"}],"about":[{"href":"https:\/\/paginacero.com.uy\/index.php?rest_route=\/wp\/v2\/types\/post"}],"author":[{"embeddable":true,"href":"https:\/\/paginacero.com.uy\/index.php?rest_route=\/wp\/v2\/users\/4"}],"replies":[{"embeddable":true,"href":"https:\/\/paginacero.com.uy\/index.php?rest_route=%2Fwp%2Fv2%2Fcomments&post=4436"}],"version-history":[{"count":1,"href":"https:\/\/paginacero.com.uy\/index.php?rest_route=\/wp\/v2\/posts\/4436\/revisions"}],"predecessor-version":[{"id":4438,"href":"https:\/\/paginacero.com.uy\/index.php?rest_route=\/wp\/v2\/posts\/4436\/revisions\/4438"}],"wp:featuredmedia":[{"embeddable":true,"href":"https:\/\/paginacero.com.uy\/index.php?rest_route=\/wp\/v2\/media\/4437"}],"wp:attachment":[{"href":"https:\/\/paginacero.com.uy\/index.php?rest_route=%2Fwp%2Fv2%2Fmedia&parent=4436"}],"wp:term":[{"taxonomy":"category","embeddable":true,"href":"https:\/\/paginacero.com.uy\/index.php?rest_route=%2Fwp%2Fv2%2Fcategories&post=4436"},{"taxonomy":"post_tag","embeddable":true,"href":"https:\/\/paginacero.com.uy\/index.php?rest_route=%2Fwp%2Fv2%2Ftags&post=4436"}],"curies":[{"name":"wp","href":"https:\/\/api.w.org\/{rel}","templated":true}]}}