{"id":4427,"date":"2024-05-27T10:09:05","date_gmt":"2024-05-27T13:09:05","guid":{"rendered":"https:\/\/paginacero.com.uy\/?p=4427"},"modified":"2024-05-27T10:09:05","modified_gmt":"2024-05-27T13:09:05","slug":"cursos-del-programa-de-formacion-para-la-igualdad","status":"publish","type":"post","link":"https:\/\/paginacero.com.uy\/?p=4427","title":{"rendered":"Cursos del Programa de Formaci\u00f3n para la igualdad"},"content":{"rendered":"<p><strong>Se convoca a docentes, estudiantes de Formaci\u00f3n en Educaci\u00f3n y t\u00e9cnicos (que realizan su labor educativa en el \u00e1mbito de la educaci\u00f3n formal y\/o no formal en instituciones educativas p\u00fablicas y\/o privadas de todo el pa\u00eds) a realizar cursos del \u201cPrograma de Formaci\u00f3n para la Igualdad y no discriminaci\u00f3n entre mujeres y varones\u201d.<\/strong><!--more--><\/p>\n<p>Las inscripciones se realizan \u00fanicamente mediante un formulario en l\u00ednea y estar\u00e1n abiertas hasta el 31 de mayo inclusive.<\/p>\n<p>El objetivo en esta instancia es conformar listas de personas interesadas en realizar los cursos que ser\u00e1n convocados durante el per\u00edodo 2024-2025. Se realizar\u00e1 un sorteo en caso que los inscriptos sobrepasen los cupos disponibles.<\/p>\n<p>Por consultas escribir al correo: educacionygenero@mec.gub.uy.<\/p>\n<p>Los cursos son organizados por la Direcci\u00f3n de Derechos Humanos de la Administraci\u00f3n Nacional de Educaci\u00f3n P\u00fablica (ANEP), la Direcci\u00f3n de Educaci\u00f3n del Ministerio de Educaci\u00f3n y Cultura (MEC) y la Divisi\u00f3n G\u00e9nero y Derechos Humanos y el Instituto Nacional de las Mujeres (Inmujeres) del Ministerio de Desarrollo Social (Mides).<\/p>\n<p>Las propuestas educativas del Programa se enmarcan en el plan nacional \u201cPor una vida libre de violencia de g\u00e9nero hacia las mujeres 2022-2024\u201d, del Consejo Nacional Consultivo de Lucha contra la Violencia Dom\u00e9stica (CNCLVD), con el objetivo de \u201cbrindar las respuestas de atenci\u00f3n y de acceso a la justicia en pos de prevenir, enfrentar, reducir y reparar la violencia basada en g\u00e9nero, garantizando as\u00ed el derecho de las mujeres, ni\u00f1as, ni\u00f1os y adolescentes a una vida libre de violencia basada en g\u00e9nero\u201d.<\/p>\n<p>Los cursos tienen como cometido sensibilizar acerca del papel relevante del sistema educativo y de sus actores para el acceso y el ejercicio de los derechos humanos, para un cambio cultural superador de las desigualdades de g\u00e9nero, y para prevenir y dar respuestas oportunas y efectivas ante distintas situaciones y formas de violencia que se manifiestan y\/o ejercen en el \u00e1mbito educativo.<\/p>\n<p>Asimismo, tienen como objetivo brindar herramientas conceptuales y metodol\u00f3gicas al personal docente y t\u00e9cnico, para trabajar en la tem\u00e1tica de cada curso y aportar herramientas para la detecci\u00f3n y primera respuesta ante situaciones (presuntas o constatadas) de discriminaci\u00f3n, violencia de g\u00e9nero y\/o violencia lesbotransf\u00f3bica en el \u00e1mbito educativo.<\/p>\n<p>Los cursos tienen una dedicaci\u00f3n de noventa horas de formaci\u00f3n. Se proponen actividades asincr\u00f3nicas en plataformas virtuales educativas, con cuestionarios y foros obligatorios, y actividades sincr\u00f3nicas a trav\u00e9s de plataformas de videoconferencias. El requisito de aprobaci\u00f3n incluye la realizaci\u00f3n de un trabajo final.<\/p>\n<p>Tem\u00e1ticas de los cursos<\/p>\n<p>&#8211; Violencia basada en g\u00e9nero y normativa actual.<\/p>\n<p>&#8211; Noviazgos libres de violencia y estrategias para la pr\u00e1ctica educativa.<\/p>\n<p>&#8211; Prevenci\u00f3n de abusos sexuales en ni\u00f1as, ni\u00f1os y adolescentes.<\/p>\n<p>&#8211; Derechos sexuales y reproductivos con foco en la prevenci\u00f3n del embarazo en la adolescencia.<\/p>\n<p>&#8211; Prevenci\u00f3n de trata de personas con fines de explotaci\u00f3n sexual.<\/p>\n<p>&#8211; Educaci\u00f3n en Derechos Humanos.<\/p>\n<p>&#8211; G\u00e9nero, desigualdades sociales y discriminaci\u00f3n. Barreras en el acceso y permanencia en la educaci\u00f3n.<\/p>\n<p>&#8211; Incorporaci\u00f3n de la dimensi\u00f3n migrante a las pr\u00e1cticas educativas.<\/p>\n<p>&#8211; Masculinidades y cambio cultural para alcanzar mayor equidad.<\/p>\n<p>&#8211; Corresponsabilidad y educaci\u00f3n.<\/p>\n","protected":false},"excerpt":{"rendered":"<p>Se convoca a docentes, estudiantes de Formaci\u00f3n en Educaci\u00f3n y t\u00e9cnicos (que realizan su labor educativa en el \u00e1mbito de la educaci\u00f3n formal y\/o no formal en instituciones educativas p\u00fablicas y\/o privadas de todo el pa\u00eds) a realizar cursos del \u201cPrograma de Formaci\u00f3n para la Igualdad y no discriminaci\u00f3n entre mujeres y varones\u201d.<\/p>\n","protected":false},"author":4,"featured_media":4428,"comment_status":"closed","ping_status":"closed","sticky":false,"template":"","format":"standard","meta":{"footnotes":""},"categories":[5],"tags":[],"class_list":["post-4427","post","type-post","status-publish","format-standard","has-post-thumbnail","hentry","category-durazno"],"_links":{"self":[{"href":"https:\/\/paginacero.com.uy\/index.php?rest_route=\/wp\/v2\/posts\/4427","targetHints":{"allow":["GET"]}}],"collection":[{"href":"https:\/\/paginacero.com.uy\/index.php?rest_route=\/wp\/v2\/posts"}],"about":[{"href":"https:\/\/paginacero.com.uy\/index.php?rest_route=\/wp\/v2\/types\/post"}],"author":[{"embeddable":true,"href":"https:\/\/paginacero.com.uy\/index.php?rest_route=\/wp\/v2\/users\/4"}],"replies":[{"embeddable":true,"href":"https:\/\/paginacero.com.uy\/index.php?rest_route=%2Fwp%2Fv2%2Fcomments&post=4427"}],"version-history":[{"count":1,"href":"https:\/\/paginacero.com.uy\/index.php?rest_route=\/wp\/v2\/posts\/4427\/revisions"}],"predecessor-version":[{"id":4429,"href":"https:\/\/paginacero.com.uy\/index.php?rest_route=\/wp\/v2\/posts\/4427\/revisions\/4429"}],"wp:featuredmedia":[{"embeddable":true,"href":"https:\/\/paginacero.com.uy\/index.php?rest_route=\/wp\/v2\/media\/4428"}],"wp:attachment":[{"href":"https:\/\/paginacero.com.uy\/index.php?rest_route=%2Fwp%2Fv2%2Fmedia&parent=4427"}],"wp:term":[{"taxonomy":"category","embeddable":true,"href":"https:\/\/paginacero.com.uy\/index.php?rest_route=%2Fwp%2Fv2%2Fcategories&post=4427"},{"taxonomy":"post_tag","embeddable":true,"href":"https:\/\/paginacero.com.uy\/index.php?rest_route=%2Fwp%2Fv2%2Ftags&post=4427"}],"curies":[{"name":"wp","href":"https:\/\/api.w.org\/{rel}","templated":true}]}}