{"id":4417,"date":"2024-05-27T09:59:00","date_gmt":"2024-05-27T12:59:00","guid":{"rendered":"https:\/\/paginacero.com.uy\/?p=4417"},"modified":"2024-05-27T09:59:00","modified_gmt":"2024-05-27T12:59:00","slug":"jornada-conjunta-de-utu-en-flores-baston-inteligente-volvio-a-ser-presentado","status":"publish","type":"post","link":"https:\/\/paginacero.com.uy\/?p=4417","title":{"rendered":"Jornada conjunta de UTU en Flores: bast\u00f3n inteligente volvi\u00f3 a ser presentado"},"content":{"rendered":"<p>El viernes pasado en la Escuela Agraria de Flores se realiz\u00f3 una jornada convocada por la Inspecci\u00f3n de F\u00edsica y el equipo de Coordinaci\u00f3n y Mentor\u00eda de TCI de la regi\u00f3n Centro.<!--more--><\/p>\n<p>En la jornada el equipo de docentes y estudiantes de la Escuela T\u00e9cnica de Sarand\u00ed del Y\u00ed presentaron el proyecto de Bast\u00f3n Inteligente y el docente Marcel Romero hizo lo propio con un proyecto de robotizaci\u00f3n realizado en la Escuela Agraria trinitaria.<\/p>\n<p>Posteriormente, los docentes participantes recibieron orientaciones sobre propuestas de trabajo con enfoque competencial, que servir\u00e1n de gu\u00eda para sus cursos.<\/p>\n<p>Estuvieron presentes, entre otras autoridades, el Inspector de F\u00edsica Ariel Acosta, el Inspector Regional Carlos Rodr\u00edguez, el Director de la Escuela T\u00e9cnica de Sarand\u00ed del Y\u00ed Pedro Rodr\u00edguez, la ex directora de la misma instituci\u00f3n Astrid Mura\u00f1a.<\/p>\n<p>La primer presentaci\u00f3n fue realizada el 5 de octubre, donde estudiantes de la Escuela T\u00e9cnica de Sarand\u00ed del Y\u00ed, Durazno, mostraron un bast\u00f3n inteligente para personas no videntes, construido en el proyecto Ciencias de la Computaci\u00f3n y Tecnolog\u00eda. Participaron del evento el director del Campus Centro, David Cal, el inspector regional, Carlos Rodr\u00edguez; estudiantes, docentes y comunidad.<\/p>\n<p>N\u00e9stor Fern\u00e1ndez, un conocido vecino no vidente de Durazno y referente en el \u00e1rea, experiment\u00f3 la utilidad del Bast\u00f3n Inclusivo, capaz de medir la distancia entre el usuario y los obst\u00e1culos circundantes.<\/p>\n<p>Fue creado para aportar autonom\u00eda y se basa en una placa Arduino mega 2560 con un sensor de ultrasonido y regulador de volumen. Se trata de un micro sistema computacional que permite integrar una gran potencia de c\u00f3mputo y c\u00e1lculo capaz de lograr sus objetivos.<\/p>\n<p>Fern\u00e1ndez, adem\u00e1s de ser parte activa en la demostraci\u00f3n del prototipo, aport\u00f3 sugerencias sobre el bast\u00f3n y brind\u00f3 una charla sobre la importancia de la inclusi\u00f3n y los derechos de las personas con discapacidad.<\/p>\n<p>El proyecto es un emprendimiento que re\u00fane conocimientos, creatividad y solidaridad y ser\u00e1 presentado en los Premios Nodo, una iniciativa del Ministerio de Educaci\u00f3n y Cultura (MEC).<\/p>\n<p>Actualmente, el bast\u00f3n ha sido utilizado por N\u00e9stor Fern\u00e1ndez y ha experimentado adaptaciones para convertirlo en un elemento realmente indispensable para la persona no vidente.<\/p>\n","protected":false},"excerpt":{"rendered":"<p>El viernes pasado en la Escuela Agraria de Flores se realiz\u00f3 una jornada convocada por la Inspecci\u00f3n de F\u00edsica y el equipo de Coordinaci\u00f3n y Mentor\u00eda de TCI de la regi\u00f3n Centro.<\/p>\n","protected":false},"author":4,"featured_media":4418,"comment_status":"closed","ping_status":"closed","sticky":false,"template":"","format":"standard","meta":{"footnotes":""},"categories":[5],"tags":[],"class_list":["post-4417","post","type-post","status-publish","format-standard","has-post-thumbnail","hentry","category-durazno"],"_links":{"self":[{"href":"https:\/\/paginacero.com.uy\/index.php?rest_route=\/wp\/v2\/posts\/4417","targetHints":{"allow":["GET"]}}],"collection":[{"href":"https:\/\/paginacero.com.uy\/index.php?rest_route=\/wp\/v2\/posts"}],"about":[{"href":"https:\/\/paginacero.com.uy\/index.php?rest_route=\/wp\/v2\/types\/post"}],"author":[{"embeddable":true,"href":"https:\/\/paginacero.com.uy\/index.php?rest_route=\/wp\/v2\/users\/4"}],"replies":[{"embeddable":true,"href":"https:\/\/paginacero.com.uy\/index.php?rest_route=%2Fwp%2Fv2%2Fcomments&post=4417"}],"version-history":[{"count":1,"href":"https:\/\/paginacero.com.uy\/index.php?rest_route=\/wp\/v2\/posts\/4417\/revisions"}],"predecessor-version":[{"id":4419,"href":"https:\/\/paginacero.com.uy\/index.php?rest_route=\/wp\/v2\/posts\/4417\/revisions\/4419"}],"wp:featuredmedia":[{"embeddable":true,"href":"https:\/\/paginacero.com.uy\/index.php?rest_route=\/wp\/v2\/media\/4418"}],"wp:attachment":[{"href":"https:\/\/paginacero.com.uy\/index.php?rest_route=%2Fwp%2Fv2%2Fmedia&parent=4417"}],"wp:term":[{"taxonomy":"category","embeddable":true,"href":"https:\/\/paginacero.com.uy\/index.php?rest_route=%2Fwp%2Fv2%2Fcategories&post=4417"},{"taxonomy":"post_tag","embeddable":true,"href":"https:\/\/paginacero.com.uy\/index.php?rest_route=%2Fwp%2Fv2%2Ftags&post=4417"}],"curies":[{"name":"wp","href":"https:\/\/api.w.org\/{rel}","templated":true}]}}