{"id":4402,"date":"2024-05-24T10:09:06","date_gmt":"2024-05-24T13:09:06","guid":{"rendered":"https:\/\/paginacero.com.uy\/?p=4402"},"modified":"2024-05-24T10:09:06","modified_gmt":"2024-05-24T13:09:06","slug":"utu-firma-convenio-para-incrementar-el-apoyo-a-chicos-con-tea","status":"publish","type":"post","link":"https:\/\/paginacero.com.uy\/?p=4402","title":{"rendered":"UTU firma convenio para incrementar el apoyo a chicos con TEA"},"content":{"rendered":"<p><strong>Este martes 21 de mayo se realiz\u00f3 la firma de un convenio marco de cooperaci\u00f3n entre la Direcci\u00f3n General de Educaci\u00f3n T\u00e9cnico Profesional y la Federaci\u00f3n Autismo del Uruguay, con el objetivo de continuar y aumentar la inclusi\u00f3n y capacitaci\u00f3n en UTU de j\u00f3venes con trastorno del espectro autista.<\/strong><!--more--><\/p>\n<p>Firmaron este acuerdo el director general de UTU, Ing. Agr. Juan Pereyra, el presidente y secretaria de la Federaci\u00f3n Autismo del Uruguay, Gustavo Pariani y Gabriela Moraes, respectivamente.<\/p>\n<p>Pariani dijo que la UTU ha dado claras muestras de querer dar una mano e integrar a personas con TEA, en tanto la secretaria Moraes manifest\u00f3 que la federaci\u00f3n est\u00e1 abierta en brindarle a los docentes y a los alumnos \u201cnuestra experiencia desde lo familiar y lo institucional\u201d.<\/p>\n<p>Pereyra, por su parte, se\u00f1al\u00f3 que UTU ha establecido estrat\u00e9gicamente un plan de apoyo social a diferentes poblaciones y destac\u00f3, en tal sentido, el proyecto educativo La Cordobesa en la sede de la ONG \u201cPadres y amigos de ni\u00f1os con trastornos del espectro Autista\u201d (Panitea), ubicada en la ex estaci\u00f3n de AFE en el departamento de Flores, cercana a la ciudad de Durazno, donde UTU brinda capacitaciones a estos chicos en diferentes \u00e1reas.<\/p>\n<p>\u201cSe necesita mucha gente como ellos\u201d dijo Pereyra, refiri\u00e9ndose a los integrantes de la federaci\u00f3n, \u201cpara brindar soluciones a estos chicos y para ello, la UTU est\u00e1 presente, y para nosotros este convenio es algo que nos llena\u201d, finaliz\u00f3.<\/p>\n","protected":false},"excerpt":{"rendered":"<p>Este martes 21 de mayo se realiz\u00f3 la firma de un convenio marco de cooperaci\u00f3n entre la Direcci\u00f3n General de Educaci\u00f3n T\u00e9cnico Profesional y la Federaci\u00f3n Autismo del Uruguay, con el objetivo de continuar y aumentar la inclusi\u00f3n y capacitaci\u00f3n en UTU de j\u00f3venes con trastorno del espectro autista.<\/p>\n","protected":false},"author":4,"featured_media":4403,"comment_status":"closed","ping_status":"closed","sticky":false,"template":"","format":"standard","meta":{"footnotes":""},"categories":[5],"tags":[],"class_list":["post-4402","post","type-post","status-publish","format-standard","has-post-thumbnail","hentry","category-durazno"],"_links":{"self":[{"href":"https:\/\/paginacero.com.uy\/index.php?rest_route=\/wp\/v2\/posts\/4402","targetHints":{"allow":["GET"]}}],"collection":[{"href":"https:\/\/paginacero.com.uy\/index.php?rest_route=\/wp\/v2\/posts"}],"about":[{"href":"https:\/\/paginacero.com.uy\/index.php?rest_route=\/wp\/v2\/types\/post"}],"author":[{"embeddable":true,"href":"https:\/\/paginacero.com.uy\/index.php?rest_route=\/wp\/v2\/users\/4"}],"replies":[{"embeddable":true,"href":"https:\/\/paginacero.com.uy\/index.php?rest_route=%2Fwp%2Fv2%2Fcomments&post=4402"}],"version-history":[{"count":1,"href":"https:\/\/paginacero.com.uy\/index.php?rest_route=\/wp\/v2\/posts\/4402\/revisions"}],"predecessor-version":[{"id":4404,"href":"https:\/\/paginacero.com.uy\/index.php?rest_route=\/wp\/v2\/posts\/4402\/revisions\/4404"}],"wp:featuredmedia":[{"embeddable":true,"href":"https:\/\/paginacero.com.uy\/index.php?rest_route=\/wp\/v2\/media\/4403"}],"wp:attachment":[{"href":"https:\/\/paginacero.com.uy\/index.php?rest_route=%2Fwp%2Fv2%2Fmedia&parent=4402"}],"wp:term":[{"taxonomy":"category","embeddable":true,"href":"https:\/\/paginacero.com.uy\/index.php?rest_route=%2Fwp%2Fv2%2Fcategories&post=4402"},{"taxonomy":"post_tag","embeddable":true,"href":"https:\/\/paginacero.com.uy\/index.php?rest_route=%2Fwp%2Fv2%2Ftags&post=4402"}],"curies":[{"name":"wp","href":"https:\/\/api.w.org\/{rel}","templated":true}]}}