{"id":4396,"date":"2024-05-24T10:04:21","date_gmt":"2024-05-24T13:04:21","guid":{"rendered":"https:\/\/paginacero.com.uy\/?p=4396"},"modified":"2024-05-24T10:04:21","modified_gmt":"2024-05-24T13:04:21","slug":"sigue-faltando-la-consolidacion-de-obras-que-ya-estaban-prespuestadas","status":"publish","type":"post","link":"https:\/\/paginacero.com.uy\/?p=4396","title":{"rendered":"\u201cSigue faltando la consolidaci\u00f3n de obras que ya estaban prespuestadas\u201d"},"content":{"rendered":"<p><strong>El edil Jos\u00e9 Rizzo volvi\u00f3 a hacer una severa cr\u00edtica sobre la falta de cumplimiento en cuanto a la consolidaci\u00f3n de obras en la ciudad de Sarand\u00ed del Y\u00ed, al igual que en otros puntos del departamento.<\/strong><!--more--><\/p>\n<p>Durante este per\u00edodo en la Junta el edil ha reiterado varias veces la falta de consolidaci\u00f3n de obras, el mantenimiento que se realiza en lugar de concretar las obras comprometidas por parte del ejecutivo, para las cuales ya hab\u00eda presupuesto asignado.<\/p>\n<p>\u201cLuego de estos temporales de agua y vientos que azot\u00f3 al pa\u00eds y por supuesto al departamento que no fue ajeno, despu\u00e9s de escuchar la f\u00e1bula en la sesi\u00f3n pasada de las hormigas y la cigarra, me di cuenta por qu\u00e9 tanta gente, sobre todo en Sarand\u00ed del Y\u00ed, sub\u00eda a sus redes sociales videos entre bronca, impotencia por la falta de obras en determinados barrios, que se le inundaba la casa porque no hab\u00eda obra de infraestructura en esos barrios, hablo de la consolidaci\u00f3n urbana\u201d dijo.<\/p>\n<p>\u201cY me puse a buscar, porque ahora andan todas las m\u00e1quinas recorriendo Sarand\u00ed del Y\u00ed,recorriendo el departamento, la crisis que hay tambi\u00e9n en la capital, lo voy a repetir una y mil veces en la Junta, en el a\u00f1o 2021 cero por ciento de obras de consolidaci\u00f3n de barrios en Sarand\u00ed del Y\u00ed, en el a\u00f1o 2022 se hicieron unos metros de cord\u00f3n cuneta en el barrio Mevir 1 y 2, en el a\u00f1o 2023 habiendo y estado financiado supuestamente por el fondo de Desarrollo del Interior y Fondos de Incentivo a la Gesti\u00f3n Municipal, habr\u00eda que haber hecho obras de consolidaci\u00f3n en barrios de Sarand\u00ed del Y\u00ed, no se hicieron, solo se hizo mantenimiento de asfalto y bacheo de carpeta asf\u00e1ltica. Solo mantenimiento, no se hace obra nueva. Lo que se hace nuevo es de calles que no se pod\u00edan transitar, se arranca lo que estaba, se hace nuevo, pero siempre es parte del mantenimiento\u201d agreg\u00f3.<\/p>\n<p>Manifest\u00f3 que algunas obras de mantenimiento se hicieron, pero no era lo comprometido presupuestalmente.<\/p>\n<p>\u201cSe hicieron algunas cuadras en Mevir 1 y 2 de asfalto. En 2023 no se hizo absolutamente nada de consolidaci\u00f3n, hab\u00edan 15 millones de pesos presupuestados para esto. Si se hizo la calle Artigas, calle que no solamente arranc\u00f3 200 metros de cord\u00f3n cuneta que no se han colocado todav\u00eda, sino que a\u00fan le falta colocar los focos, porque as\u00ed lo dice el llamado a licitaci\u00f3n, las columnas con sus correspondientes focos de luz en ese cantero central. Eso est\u00e1 sin terminar. Pero si se hizo bacheo en carpeta asf\u00e1ltica, no se hicieron cordones cunetas en los barrios y a la gente se le llena de agua los hogares\u201d indic\u00f3.<\/p>\n<p>\u201cY ahora prometen cosas, que si ganan les van a solucionar eso, ya estaba para solucionar, estaba votado, se le dijo a la OPP que se iba a hacer cord\u00f3n cuneta y badenes en Sarand\u00ed del Y\u00cd, que se iban a consolidar barrios y no se consolidaron nada. Por eso nos indigna esos titulares, no estamos conformes con las obras de Sarand\u00ed del Y\u00ed, a la gente se le llenaba la casa de agua porque no hab\u00eda infraestructura\u201d dijo.<\/p>\n<p>El edil manifest\u00f3 que hay mucho dinero para la ciudad de Sarand\u00ed del Y\u00ed y que espera que se llegue a ejecutar los proyectos asignados.<\/p>\n<p>\u201cAhora para el 2024 y 2025, que se puede decir es un a\u00f1o corto, hay much\u00edsimo dinero, el a\u00f1o que viene Sarand\u00ed del Yi va a tener 110 millones para hacer obras, esperemos que las hagan. Y este a\u00f1o si, vamos a tener Casa de los Deportes que ya est\u00e1 adjudicado, vamos a tener un Estadio Carrasco, obras que son necesarias, pero se olvidaron de los barrios.<\/p>\n<p>hab\u00eda una obra que eran los boulevares de Sarand\u00ed del Y\u00ed que ten\u00edan unos 120 millones de pesos adjudicados que se utilizaron para solucionar el tema de una fiesta h\u00edpica en Sarand\u00ed del Y\u00ed, la empresa se hab\u00eda ido sin resolver y se us\u00f3 para tapar pozos, siendo que estaba destinado a hacer obras nuevas\u201d agreg\u00f3.<\/p>\n<p>\u201cEsta situaci\u00f3n, por lo que dijo el edil Hern\u00e1ndez,veo que muchas zonas del departamento est\u00e1n en la misma situaci\u00f3n. Se nos termina el per\u00edodo de gobierno y en Sarand\u00ed del Y\u00ed no se hacen las obras necesarias, seguimos igual, por eso no estamos conformes con las obras en la ciudad\u201d finaliz\u00f3.<\/p>\n","protected":false},"excerpt":{"rendered":"<p>El edil Jos\u00e9 Rizzo volvi\u00f3 a hacer una severa cr\u00edtica sobre la falta de cumplimiento en cuanto a la consolidaci\u00f3n de obras en la ciudad de Sarand\u00ed del Y\u00ed, al igual que en otros puntos del departamento.<\/p>\n","protected":false},"author":4,"featured_media":4397,"comment_status":"closed","ping_status":"closed","sticky":false,"template":"","format":"standard","meta":{"footnotes":""},"categories":[5,29],"tags":[],"class_list":["post-4396","post","type-post","status-publish","format-standard","has-post-thumbnail","hentry","category-durazno","category-junta-departamental"],"_links":{"self":[{"href":"https:\/\/paginacero.com.uy\/index.php?rest_route=\/wp\/v2\/posts\/4396","targetHints":{"allow":["GET"]}}],"collection":[{"href":"https:\/\/paginacero.com.uy\/index.php?rest_route=\/wp\/v2\/posts"}],"about":[{"href":"https:\/\/paginacero.com.uy\/index.php?rest_route=\/wp\/v2\/types\/post"}],"author":[{"embeddable":true,"href":"https:\/\/paginacero.com.uy\/index.php?rest_route=\/wp\/v2\/users\/4"}],"replies":[{"embeddable":true,"href":"https:\/\/paginacero.com.uy\/index.php?rest_route=%2Fwp%2Fv2%2Fcomments&post=4396"}],"version-history":[{"count":1,"href":"https:\/\/paginacero.com.uy\/index.php?rest_route=\/wp\/v2\/posts\/4396\/revisions"}],"predecessor-version":[{"id":4398,"href":"https:\/\/paginacero.com.uy\/index.php?rest_route=\/wp\/v2\/posts\/4396\/revisions\/4398"}],"wp:featuredmedia":[{"embeddable":true,"href":"https:\/\/paginacero.com.uy\/index.php?rest_route=\/wp\/v2\/media\/4397"}],"wp:attachment":[{"href":"https:\/\/paginacero.com.uy\/index.php?rest_route=%2Fwp%2Fv2%2Fmedia&parent=4396"}],"wp:term":[{"taxonomy":"category","embeddable":true,"href":"https:\/\/paginacero.com.uy\/index.php?rest_route=%2Fwp%2Fv2%2Fcategories&post=4396"},{"taxonomy":"post_tag","embeddable":true,"href":"https:\/\/paginacero.com.uy\/index.php?rest_route=%2Fwp%2Fv2%2Ftags&post=4396"}],"curies":[{"name":"wp","href":"https:\/\/api.w.org\/{rel}","templated":true}]}}