{"id":4393,"date":"2024-05-24T10:01:47","date_gmt":"2024-05-24T13:01:47","guid":{"rendered":"https:\/\/paginacero.com.uy\/?p=4393"},"modified":"2024-05-24T10:01:47","modified_gmt":"2024-05-24T13:01:47","slug":"carteles-del-nomenclator-en-zonas-de-santa-bernardina-cayeron-por-una-colocacion-improvisada","status":"publish","type":"post","link":"https:\/\/paginacero.com.uy\/?p=4393","title":{"rendered":"\u201cCarteles del nomenclator en zonas de Santa Bernardina cayeron por una colocaci\u00f3n improvisada\u201d"},"content":{"rendered":"<p><strong>La edila Ana Paula Guti\u00e9rrez se refiri\u00f3 a un pedido realizado por su compa\u00f1ero de bancada Javier Niche en febrero de 2023, adem\u00e1s de otros planteos referidos sobre todo al estado de las calles y el nomenclator en barrios de la ciudad.<\/strong><!--more--><\/p>\n<p>\u201cEl planteo al que me refiero en esa oportunidad de la falta de nomenclator de las calles Urano de los Santos, Exodo, Benjam\u00edn Barrios, Alcoba, entre otras, en la zona de Santa Bernardina. En ese momento se hizo saber sobre la faltante de carteles se\u00f1alizadores que en el transcurrir del a\u00f1o mencionado fue subsanado. Pero su instalaci\u00f3n efectuada de manera muy improvisada ha ocasionado que ante el advenimiento de lluvias muy copiosas acompa\u00f1ada de vientos muy fuertes y persistentes, el nomencl\u00e1tor no resista quedando indistintamente, los mismos pronunciadamente inclinados y algunos ca\u00eddos\u201d dijo.<\/p>\n<p>\u201cAdem\u00e1s es de honda preocupaci\u00f3n para los vecinos y vecinas del lugar el mal estado que presentan estas calles, inquietud que en el mismo planteo al que hacemos referencia tambi\u00e9n se menciona pero sin tener hasta la fecha una atenci\u00f3n adecuada. Si a eso le sumamos las condiciones que hoy se ven afectadas a ra\u00edz del transporte muy pesado que circula con frecuencia por estas v\u00edas de tr\u00e1nsito, lo que sumado a los reiterado impactos de la lluvia trae aparejados otros perjuicios, como por ejemplo los factores de anegamiento de los accesos a los hogares particulares de los vecinos de dicha zona\u201d agreg\u00f3.<\/p>\n<p>\u201cPor una soluci\u00f3n definitiva a estos reclamos solicito que estas palabras pasen al Intendente Departamental y al departamento de Obras\u201d dijo.<\/p>\n<p>La edila tambi\u00e9n se refiri\u00f3 al estado de algunas calles en particular, donde los perjuicios a los vecinos son importantes.<\/p>\n<p>\u201cComo segundo punto queremos mencionar el deplorable estado en el que se encuentra la intersecci\u00f3n de las calles Juan Manuel Besnes Irigoyen y Baltasar Brum, dicho lugar se ha transformado en un problema con serias consecuencias para el vecindario por la pronunciada zanja que intersecta ambas v\u00edas de tr\u00e1nsito, donde el material predominante es arena y barro sobre el cual se deposita un volumen de agua importante y en forma permanente\u201d dijo.<\/p>\n<p>\u201cQueremos hacer referencia adem\u00e1s, que ante los eventos clim\u00e1ticos de lluvias intensas un vecino en particular se ve afectado por el ingreso de agua a su vivienda, a ra\u00edz de este problema vial, del cual las autoridades municipales actuales tienen cabal conocimiento. Jerarcas y t\u00e9cnicos de distintas entidades se han hecho presentes en diferentes oportunidades en el lugar para visualizar el problema, pero hasta la fecha no se ha realizado ninguna soluci\u00f3n definitiva al mismo\u201d agreg\u00f3.<\/p>\n<p>\u201cAbogando por que se realicen las obras necesarias que pongan fin a los efectos adversos que presenta este problema, solicito que estas palabras pasen al Intendente, al Departamento de Obras y a la Comisi\u00f3n de este cuerpo\u201d indic\u00f3.<\/p>\n<p>Tambi\u00e9n present\u00f3 la problem\u00e1tica de un bache en zona centro, de grandes dimensiones, que habitualmente no cuenta con la se\u00f1alizaci\u00f3n correspondiente, para lo cual piden alguna soluci\u00f3n.<\/p>\n<p>\u201cPor \u00faltimo voy a hacer referencia, ya que se ha estado hablando del mal estado de las calles en general, a pocos metros de aqu\u00ed, por calle Artigas pasando 19 de Abril hay un importante pozo que se le ha colocado una baliza pero no se si son chiquilines o quienes, pero en varias oportunidades en la noche nos ha pasado de llevarnos el pozo porque la baliza es retirada. Por lo menos que sea cubierto ese pozo de alguna forma para que todos los que transitan por la ciudad podamos aunque sea no tener ese tipo de inconvenientes, ya que queda sin se\u00f1alizar\u201d finaliz\u00f3 diciendo.<\/p>\n","protected":false},"excerpt":{"rendered":"<p>La edila Ana Paula Guti\u00e9rrez se refiri\u00f3 a un pedido realizado por su compa\u00f1ero de bancada Javier Niche en febrero de 2023, adem\u00e1s de otros planteos referidos sobre todo al estado de las calles y el nomenclator en barrios de la ciudad.<\/p>\n","protected":false},"author":4,"featured_media":4394,"comment_status":"closed","ping_status":"closed","sticky":false,"template":"","format":"standard","meta":{"footnotes":""},"categories":[5,29],"tags":[],"class_list":["post-4393","post","type-post","status-publish","format-standard","has-post-thumbnail","hentry","category-durazno","category-junta-departamental"],"_links":{"self":[{"href":"https:\/\/paginacero.com.uy\/index.php?rest_route=\/wp\/v2\/posts\/4393","targetHints":{"allow":["GET"]}}],"collection":[{"href":"https:\/\/paginacero.com.uy\/index.php?rest_route=\/wp\/v2\/posts"}],"about":[{"href":"https:\/\/paginacero.com.uy\/index.php?rest_route=\/wp\/v2\/types\/post"}],"author":[{"embeddable":true,"href":"https:\/\/paginacero.com.uy\/index.php?rest_route=\/wp\/v2\/users\/4"}],"replies":[{"embeddable":true,"href":"https:\/\/paginacero.com.uy\/index.php?rest_route=%2Fwp%2Fv2%2Fcomments&post=4393"}],"version-history":[{"count":1,"href":"https:\/\/paginacero.com.uy\/index.php?rest_route=\/wp\/v2\/posts\/4393\/revisions"}],"predecessor-version":[{"id":4395,"href":"https:\/\/paginacero.com.uy\/index.php?rest_route=\/wp\/v2\/posts\/4393\/revisions\/4395"}],"wp:featuredmedia":[{"embeddable":true,"href":"https:\/\/paginacero.com.uy\/index.php?rest_route=\/wp\/v2\/media\/4394"}],"wp:attachment":[{"href":"https:\/\/paginacero.com.uy\/index.php?rest_route=%2Fwp%2Fv2%2Fmedia&parent=4393"}],"wp:term":[{"taxonomy":"category","embeddable":true,"href":"https:\/\/paginacero.com.uy\/index.php?rest_route=%2Fwp%2Fv2%2Fcategories&post=4393"},{"taxonomy":"post_tag","embeddable":true,"href":"https:\/\/paginacero.com.uy\/index.php?rest_route=%2Fwp%2Fv2%2Ftags&post=4393"}],"curies":[{"name":"wp","href":"https:\/\/api.w.org\/{rel}","templated":true}]}}