{"id":4389,"date":"2024-05-23T09:27:17","date_gmt":"2024-05-23T12:27:17","guid":{"rendered":"https:\/\/paginacero.com.uy\/?p=4389"},"modified":"2024-05-23T09:27:17","modified_gmt":"2024-05-23T12:27:17","slug":"un-plato-caliente-para-el-frio-del-invierno","status":"publish","type":"post","link":"https:\/\/paginacero.com.uy\/?p=4389","title":{"rendered":"Un plato caliente para el fr\u00edo del invierno"},"content":{"rendered":"<p><strong>Se hizo el lanzamiento de la tercera edici\u00f3n del programa \u201cUn plato caliente\u201d que busca beneficiar a las familias m\u00e1s carenciadas durante el invierno.<\/strong><!--more--><\/p>\n<p>\u201cSe est\u00e1 poniendo cruel el invierno, personalmente digo que lindo este invierno porque tengo vida. Pero estamos anunciando el Plan Invierno, Plato Caliente que es el que llevamos adelante desde nuestro Departamento de Promoci\u00f3n Social, que lleva adelante diferentes programas, becas alojamiento, comedores, algunos programas que tienen que ver con canastas alimenticias y muchos m\u00e1s que dependen de Promoci\u00f3n Social. Hoy vamos a dar a conocer este programa que en lo personal cuando lo estuvimos analizando con el Director y la Secretaria del Departamento, algunos compa\u00f1eros, me llam\u00f3 poderosamente la atenci\u00f3n y present\u00e9 adem\u00e1s de mi asombro y admiraci\u00f3n, asombro por la cantidad de platos de los cuales hablamos, admiraci\u00f3n por el trabajo que lleva adelante Ana Capote y nuestro equipo en el comedor, nuestros t\u00e9cnicos, los integrantes de los Centros de Integraci\u00f3n Barrial\u201d dijo el Intendente Carmelo Vidal\u00edn en el lanzamiento.<\/p>\n<p>Este a\u00f1o se han seleccionado cinco puntos diferentes de entrega de las viandas, contando con la colaboraci\u00f3n de varias instituciones para el reparto, mientras que los recursos econ\u00f3micos que se utilizan son de la Intendencia.<\/p>\n<p>\u201cEl plato caliente se brinda en cinco puntos de nuestra ciudad. Es el tercer a\u00f1o que se va a realizar, la idea es captar o por lo menos beneficiar a aquellas personas de contexto social muy vulnerable, que muchas veces no coinciden con los usuarios de comedor, son personas con problemas de movilidad, de distancia, personas con muchos hijos peque\u00f1os que no pueden trasladarse al comedor y por eso se les acerca el plato de comida m\u00e1s cercano a su casa. El a\u00f1o pasado llegamos a los seis mil platos de comida en un mes, como dec\u00edamos los ingresos de este programa son totalmente genuinos de la Intendencia, no recibimos asistencia de ninguna parte, lo hacemos con elementos del Ej\u00e9rcito Nacional que nos ayuda a repartir la comida y un peque\u00f1o grupo de funcionarios del Comedor, algunos compa\u00f1eros de Asistencia Social, t\u00e9cnicos como funcionarios que colaboran en el traslado\u201d dijeron.<\/p>\n<p>\u201cEs una tarea que lleva mucho tiempo y dedicaci\u00f3n, el comedor hace una comida excepcional, las recetas son saludables que la genera la propia Ana Capote que es la referente nacional de INDA en los comedores y usa recetas para una publicaci\u00f3n anual que se realiza, no solo la comida es con buenos elementos, de calidad, sino tambi\u00e9n que est\u00e1n hechos con mucho cari\u00f1o, brindando una alimentaci\u00f3n adecuada a este temporada\u201d agregaron.<\/p>\n<p>La entrega comenzar\u00e1 el 3 de junio y se extender\u00eda al 31 de agosto de lunes a s\u00e1bados, de lunes a viernes en la tardecita y los s\u00e1bados a mediod\u00eda. Los lugares de entrega son el CIB de Santa Bernardina, el CIB de Vista Linda, el CIB de Las Higueras, el CIB de La Guayre\u00f1a y el comedor de Cobusu.<\/p>\n<p>Las personas que levanten el plato en Cobusu deben inscribirse en las oficinas de Promoci\u00f3n Social, Petrona Tuboras y 19 de Abril presentando la tarjeta del comedor, quienes lo hagan en los centros barriales tienen que hacer su inscripci\u00f3n en los mismos.<\/p>\n<p>Las inscripciones ya est\u00e1n en marcha y se realizan en los CIB donde se estar\u00e1n entregando los platos calientes durante la vigencia del programa.<\/p>\n<p>\u201cEl beneficio corresponde a personas que reciben ingresos menores a los 3 BPC, un equivalente a 18.531 pesos. En el caso que el hogar cuente con m\u00e1s personas en el n\u00facleo familiar, por integrante que no supere 1,5 BPC que ser\u00edan 9.500 pesos. Deben llevar fotocopia de c\u00e9dula de todos los integrantes del n\u00facleo familiar, constancias de ingresos por trabajos formales o informales y si aportan a BPS presentar el recibo correspondiente\u201d indicaron.<\/p>\n<p>\u201cTambi\u00e9n se entregar\u00e1 una tarjeta por n\u00facleo familiar y cada solicitante deber\u00e1 decir cu\u00e1ntas personas tiene su n\u00facleo para ser inscriptos, de esta forma recibir\u00e1 la cantidad de viandas correspondientes. Las personas pueden inscribirse en los CIB respectivos.<\/p>\n<p>En el interior los interesados pueden informarse en las Juntas Locales y Municipos, a la vez que se prev\u00e9 la entrega a quienes pernocten en situaci\u00f3n de vulnerabilidad en la ciudad.<\/p>\n","protected":false},"excerpt":{"rendered":"<p>Se hizo el lanzamiento de la tercera edici\u00f3n del programa \u201cUn plato caliente\u201d que busca beneficiar a las familias m\u00e1s carenciadas durante el invierno.<\/p>\n","protected":false},"author":4,"featured_media":4390,"comment_status":"closed","ping_status":"closed","sticky":false,"template":"","format":"standard","meta":{"footnotes":""},"categories":[5],"tags":[],"class_list":["post-4389","post","type-post","status-publish","format-standard","has-post-thumbnail","hentry","category-durazno"],"_links":{"self":[{"href":"https:\/\/paginacero.com.uy\/index.php?rest_route=\/wp\/v2\/posts\/4389","targetHints":{"allow":["GET"]}}],"collection":[{"href":"https:\/\/paginacero.com.uy\/index.php?rest_route=\/wp\/v2\/posts"}],"about":[{"href":"https:\/\/paginacero.com.uy\/index.php?rest_route=\/wp\/v2\/types\/post"}],"author":[{"embeddable":true,"href":"https:\/\/paginacero.com.uy\/index.php?rest_route=\/wp\/v2\/users\/4"}],"replies":[{"embeddable":true,"href":"https:\/\/paginacero.com.uy\/index.php?rest_route=%2Fwp%2Fv2%2Fcomments&post=4389"}],"version-history":[{"count":1,"href":"https:\/\/paginacero.com.uy\/index.php?rest_route=\/wp\/v2\/posts\/4389\/revisions"}],"predecessor-version":[{"id":4391,"href":"https:\/\/paginacero.com.uy\/index.php?rest_route=\/wp\/v2\/posts\/4389\/revisions\/4391"}],"wp:featuredmedia":[{"embeddable":true,"href":"https:\/\/paginacero.com.uy\/index.php?rest_route=\/wp\/v2\/media\/4390"}],"wp:attachment":[{"href":"https:\/\/paginacero.com.uy\/index.php?rest_route=%2Fwp%2Fv2%2Fmedia&parent=4389"}],"wp:term":[{"taxonomy":"category","embeddable":true,"href":"https:\/\/paginacero.com.uy\/index.php?rest_route=%2Fwp%2Fv2%2Fcategories&post=4389"},{"taxonomy":"post_tag","embeddable":true,"href":"https:\/\/paginacero.com.uy\/index.php?rest_route=%2Fwp%2Fv2%2Ftags&post=4389"}],"curies":[{"name":"wp","href":"https:\/\/api.w.org\/{rel}","templated":true}]}}