{"id":4374,"date":"2024-05-22T09:53:26","date_gmt":"2024-05-22T12:53:26","guid":{"rendered":"https:\/\/paginacero.com.uy\/?p=4374"},"modified":"2024-05-22T09:53:26","modified_gmt":"2024-05-22T12:53:26","slug":"vecinos-de-la-curva-y-la-economia-buscan-tener-nuevos-planes-de-viviendas-en-la-zona","status":"publish","type":"post","link":"https:\/\/paginacero.com.uy\/?p=4374","title":{"rendered":"\u201cVecinos de La Curva y La Econom\u00eda buscan tener nuevos planes de viviendas en la zona\u201d"},"content":{"rendered":"<p><strong>La edila Daniela Moreira hizo varios planteos en la Junta Departamental, entre ellos la necesidad de nuevos n\u00facleos de vivienda en dos barrios de la ciudad, adem\u00e1s de difundir las acciones que se brindan para solucionar situaciones de vulnerabilidad a ni\u00f1os y adolescentes en esta \u00e9poca invernal.<\/strong><!--more--><\/p>\n<p>\u201cComo primer punto quiero destacar que el 13 de mayo 2022 en mi oratoria en los asuntos previos a pedido de los vecinos de la zona recib\u00ed una inquietud y en la Junta hice el planteo, se refer\u00eda a la construcci\u00f3n de viviendas en la zona de La Curva y La Econom\u00eda de nuestra ciudad, sin dudas en estos dos parajes se ha observado un incremento de la poblaci\u00f3n, entre ellos j\u00f3venes con un alto sentimiento de arraigo en el lugar. Los habitantes de la zona enviaron un documento con m\u00e1 de 50 firmas a Mevir, donde se incluyeron planos de las viviendas ya establecidas, en los cuales se incluye adem\u00e1s un predio que est\u00e1 libre, quiero agregar que Mevir adem\u00e1s est\u00e1 trabajando en la zona y cuenta con un galp\u00f3n propio, lo cual facilitar\u00eda las obras\u201d dijo.<\/p>\n<p>\u201cDestacamos que la vivienda junto con el trabajo son indudablemente dos aspectos que dignifican a las personas y a las familias. Por ende,considero que debe ser una fortaleza fundamental su consideraci\u00f3n por el sistema pol\u00edtico. Es necesidad de estos vecinos solicitar a Mevir y tambi\u00e9n al Ministerio de Vivienda, que concreten la construcci\u00f3n de nuevas viviendas y se realice una evaluaci\u00f3n para realizar edificaciones productivas, adem\u00e1s de servicios comunitarios y la infraestructura correspondiente. Solicito que estas palabras pasen al Intendente departamental, al Presidente de Mevir Sr. Juan Pablo Delgado y al Sr. Ministro de Vivienda Ra\u00fal Lozano\u201d agreg\u00f3.<\/p>\n<p>Por otra parte, se refiri\u00f3 a las estafas por internet que han sufrido varias personas en el departamento.<\/p>\n<p>\u201cComo segundo punto me voy a referir a la situaci\u00f3n que han sufrido algunos vecinos quienes se han visto afectados por estafas a trav\u00e9s de internet. Entre los afectados hay muchos adultos mayores, las estafas a trav\u00e9s de medios inform\u00e1ticos son de los m\u00e1s denunciados en nuestra comunidad, nos preocupa c\u00f3mo prevenir estos fraudes y c\u00f3mo prevenir estos delitos adem\u00e1s econ\u00f3micos. Por tal motivo solicito que se invite a una sesi\u00f3n de esta junta a personal especializado de Jefatura de Polic\u00eda y del Centro Comercial para construir herramientas y as\u00ed erradicar estas acciones que perjudican a la comunidad\u201d dijo.<\/p>\n<p>\u201cSolicito que estas palabras pasen a Jefatura de Polic\u00eda de Durazno y al Centro Comercial\u201d agreg\u00f3.<\/p>\n<p>Cada a\u00f1o se multiplica el n\u00famero de ataques diarios de phishing, con lo que se ha convertido en una de las estafas m\u00e1s comunes de internet. Quienes llevan a cabo esta estafa obtienen informaci\u00f3n confidencial como contrase\u00f1as bancarias o informaci\u00f3n de tarjetas de cr\u00e9dito. El phishing es un intento de suplantaci\u00f3n de identidad: los ciberdelincuentes se hacen pasar por una empresa, instituci\u00f3n o servicio conocido y con buena reputaci\u00f3n para enga\u00f1arte y conseguir robar tus datos privados, credenciales de acceso o datos bancarios. Esta pr\u00e1ctica fraudulenta se apoya en la ingenier\u00eda social, es decir, su \u00e9xito se basa en la confianza que tienes en la empresa o instituci\u00f3n que est\u00e1 siendo suplantado. Por ello, muchas de estas comunicaciones utilizan la identidad de los servicios financieros o bancarios.<\/p>\n<p>Adicionalmente, en ocasiones, el phishing tambi\u00e9n se usa para infectar los dispositivos con alg\u00fan tipo de malware (programa malicioso).<\/p>\n<p>La mayor\u00eda de casos de phishing se distribuyen a trav\u00e9s del correo electr\u00f3nico ya que los ciberdelincuentes cuentan con un gran n\u00famero de direcciones de email que han recopilado de muy diversas formas. Por tanto, les resulta relativamente sencillo utilizar este medio para difundir sus ataques de phishing. Tambi\u00e9n hay otros medios de propagaci\u00f3n como: las redes sociales, a trav\u00e9s de la creaci\u00f3n de perfiles y p\u00e1ginas falsas, env\u00edo de mensajes SMS\/MMS a n\u00fameros de tel\u00e9fonos m\u00f3viles. Esta pr\u00e1ctica se conoce como Smishing, llamadas telef\u00f3nicas, tanto a tel\u00e9fonos m\u00f3viles como fijos.<\/p>\n<p>Muchos son los servicios que se han visto afectados por el phishing, desde instituciones p\u00fablicas como la Agencia Tributaria y Servicio de Correos y Tel\u00e9grafos, pasando por Fuerzas y Cuerpos de Seguridad del Estado como la Polic\u00eda hasta empresas privadas como Dropbox, Microsoft, Apple, Iberia y por supuesto entidades bancarias. En m\u00e1s de una ocasi\u00f3n se han detectado intentos de robar las claves de acceso al servicio de banca online, as\u00ed como otros datos bancarios (n\u00famero de tarjeta<\/p>\n<p>de cr\u00e9dito, CVV, tarjeta de coordenadas, PIN, etc.) de clientes.<\/p>\n<p>Ser v\u00edctima de cualquier tipo de phishing puede ocasionar graves problemas, principalmente de privacidad, pero caer en la trampa de un phishing bancario puede ser a\u00fan m\u00e1s doloroso, ya que te podr\u00eda llegar a suponer una p\u00e9rdida econ\u00f3mica importante.<\/p>\n<p>Luego se mostr\u00f3 reflexiva con respecto a la situaci\u00f3n de vulnerabilidad de ni\u00f1os y adolescentes en esta etapa invernal, dando a conocer las l\u00edneas de contacto para poder intervenir.<\/p>\n<p>\u201cEn tercer lugar voy a compartir una placa informativa, sabemos que nuestro gobierno se ha ocupado de desarrollar pol\u00edticas de estado relacionadas con el fr\u00edo del invierno, es as\u00ed que dentro del Plan Invierno se pone de manifiesto la situaci\u00f3n que atraviesan muchos ni\u00f1os y adolescentes sin referentes adultos. Hay una l\u00ednea Azul disponible, que atiende de lunes a domingos de 8 de la ma\u00f1ana a 20 horas y se destaca tambi\u00e9n un n\u00famero de contacto de un celular que funciona todos los d\u00edas las 24 horas, convoco a no mirar para el costado ante esta problem\u00e1tica cuando veamos a ni\u00f1os y adolescentes en situaciones de vulnerabilidad de todos sus derechos\u201d finaliz\u00f3 diciendo.<\/p>\n<p>La L\u00ednea Azul recepciona, a trav\u00e9s del n\u00famero 0800 5050 y del sitio web de INAU, denuncias de la comunidad relacionadas a situaciones de violencia y vulneraci\u00f3n de derechos vividas por ni\u00f1os, ni\u00f1as y adolescentes a fin de dar respuesta a las mismas.<\/p>\n<p>Coordina con otros actores involucrados las intervenciones a realizar de acuerdo a las demandas recepcionadas, a fin de dar una primera respuesta a las situaciones de vulneraci\u00f3n de derechos. Adem\u00e1s, realiza o coordina las acciones que permitan una aproximaci\u00f3n diagn\u00f3stica tendiente a dar respuestas oportunas y efectivas.<\/p>\n<p>No es necesario presentar ning\u00fan tipo de documento para realizar el tr\u00e1mite, aunque si se puede (en caso que el medio utilizado lo permita), aportar im\u00e1genes (fotos, capturas de pantalla) que ayuden a ilustrar de qu\u00e9 se trata la situaci\u00f3n a denunciar.<\/p>\n<p>Las denuncias se pueden realizar cuando se detectan: Ni\u00f1os\/as y adolescentes que se encuentren en un contexto familiar de maltrato, Familias con problemas de abuso, padres con consumo problem\u00e1tico de sustancias o con patolog\u00edas psiqui\u00e1tricas, incapacitados para el correcto cuidado de sus hijos, Situaciones de todo tipo de maltrato, ya sea f\u00edsico, psicol\u00f3gico, abuso sexual, explotaci\u00f3n u otras forma de vulneraci\u00f3n de derechos hacia ni\u00f1os, ni\u00f1as y adolescentes, Situaciones de mendicidad o de calle de ni\u00f1os, ni\u00f1as o adolescentes.<\/p>\n","protected":false},"excerpt":{"rendered":"<p>La edila Daniela Moreira hizo varios planteos en la Junta Departamental, entre ellos la necesidad de nuevos n\u00facleos de vivienda en dos barrios de la ciudad, adem\u00e1s de difundir las acciones que se brindan para solucionar situaciones de vulnerabilidad a ni\u00f1os y adolescentes en esta \u00e9poca invernal.<\/p>\n","protected":false},"author":4,"featured_media":4375,"comment_status":"closed","ping_status":"closed","sticky":false,"template":"","format":"standard","meta":{"footnotes":""},"categories":[5,29],"tags":[],"class_list":["post-4374","post","type-post","status-publish","format-standard","has-post-thumbnail","hentry","category-durazno","category-junta-departamental"],"_links":{"self":[{"href":"https:\/\/paginacero.com.uy\/index.php?rest_route=\/wp\/v2\/posts\/4374","targetHints":{"allow":["GET"]}}],"collection":[{"href":"https:\/\/paginacero.com.uy\/index.php?rest_route=\/wp\/v2\/posts"}],"about":[{"href":"https:\/\/paginacero.com.uy\/index.php?rest_route=\/wp\/v2\/types\/post"}],"author":[{"embeddable":true,"href":"https:\/\/paginacero.com.uy\/index.php?rest_route=\/wp\/v2\/users\/4"}],"replies":[{"embeddable":true,"href":"https:\/\/paginacero.com.uy\/index.php?rest_route=%2Fwp%2Fv2%2Fcomments&post=4374"}],"version-history":[{"count":1,"href":"https:\/\/paginacero.com.uy\/index.php?rest_route=\/wp\/v2\/posts\/4374\/revisions"}],"predecessor-version":[{"id":4376,"href":"https:\/\/paginacero.com.uy\/index.php?rest_route=\/wp\/v2\/posts\/4374\/revisions\/4376"}],"wp:featuredmedia":[{"embeddable":true,"href":"https:\/\/paginacero.com.uy\/index.php?rest_route=\/wp\/v2\/media\/4375"}],"wp:attachment":[{"href":"https:\/\/paginacero.com.uy\/index.php?rest_route=%2Fwp%2Fv2%2Fmedia&parent=4374"}],"wp:term":[{"taxonomy":"category","embeddable":true,"href":"https:\/\/paginacero.com.uy\/index.php?rest_route=%2Fwp%2Fv2%2Fcategories&post=4374"},{"taxonomy":"post_tag","embeddable":true,"href":"https:\/\/paginacero.com.uy\/index.php?rest_route=%2Fwp%2Fv2%2Ftags&post=4374"}],"curies":[{"name":"wp","href":"https:\/\/api.w.org\/{rel}","templated":true}]}}