{"id":4368,"date":"2024-05-21T15:46:18","date_gmt":"2024-05-21T18:46:18","guid":{"rendered":"https:\/\/paginacero.com.uy\/?p=4368"},"modified":"2024-05-21T15:46:18","modified_gmt":"2024-05-21T18:46:18","slug":"marcha-del-silencio-memoria-verdad-y-justicia","status":"publish","type":"post","link":"https:\/\/paginacero.com.uy\/?p=4368","title":{"rendered":"MARCHA DEL SILENCIO, MEMORIA VERDAD Y JUSTICIA."},"content":{"rendered":"<p><strong>El pasado lunes 20 de Mayo se convoc\u00f3 una vez m\u00e1s la Marcha del Silencio.<\/strong><!--more--><\/p>\n<p>Como desde hace 29 a\u00f1os, las y los uruguayos marcharon por las calles de las diferentes ciudades del pa\u00eds por Memoria, Verdad y Justicia. Reclamando por los detenidos desaparecidos en dictadura y proclamando NUNCA M\u00c1S TERRORISMO DE ESTADO.<\/p>\n<p>En nuestra ciudad de Durazno las calles Artigas desde el Liceo Rubino y 19 de Abril hasta la plaza Artigas se vieron florecientes de margaritas que recordaron tan reivindicativa fecha y fueron la alfombra, para que m\u00e1s de un centenar de personas caminaran esas cuadras diciendo PRESENTE una vez m\u00e1s.<\/p>\n<p>\u201cTodo est\u00e1 guardado en la memoria, sue\u00f1o de la vida y de la historia\u201d<\/p>\n","protected":false},"excerpt":{"rendered":"<p>El pasado lunes 20 de Mayo se convoc\u00f3 una vez m\u00e1s la Marcha del Silencio.<\/p>\n","protected":false},"author":4,"featured_media":4369,"comment_status":"closed","ping_status":"closed","sticky":false,"template":"","format":"standard","meta":{"footnotes":""},"categories":[5],"tags":[],"class_list":["post-4368","post","type-post","status-publish","format-standard","has-post-thumbnail","hentry","category-durazno"],"_links":{"self":[{"href":"https:\/\/paginacero.com.uy\/index.php?rest_route=\/wp\/v2\/posts\/4368","targetHints":{"allow":["GET"]}}],"collection":[{"href":"https:\/\/paginacero.com.uy\/index.php?rest_route=\/wp\/v2\/posts"}],"about":[{"href":"https:\/\/paginacero.com.uy\/index.php?rest_route=\/wp\/v2\/types\/post"}],"author":[{"embeddable":true,"href":"https:\/\/paginacero.com.uy\/index.php?rest_route=\/wp\/v2\/users\/4"}],"replies":[{"embeddable":true,"href":"https:\/\/paginacero.com.uy\/index.php?rest_route=%2Fwp%2Fv2%2Fcomments&post=4368"}],"version-history":[{"count":1,"href":"https:\/\/paginacero.com.uy\/index.php?rest_route=\/wp\/v2\/posts\/4368\/revisions"}],"predecessor-version":[{"id":4370,"href":"https:\/\/paginacero.com.uy\/index.php?rest_route=\/wp\/v2\/posts\/4368\/revisions\/4370"}],"wp:featuredmedia":[{"embeddable":true,"href":"https:\/\/paginacero.com.uy\/index.php?rest_route=\/wp\/v2\/media\/4369"}],"wp:attachment":[{"href":"https:\/\/paginacero.com.uy\/index.php?rest_route=%2Fwp%2Fv2%2Fmedia&parent=4368"}],"wp:term":[{"taxonomy":"category","embeddable":true,"href":"https:\/\/paginacero.com.uy\/index.php?rest_route=%2Fwp%2Fv2%2Fcategories&post=4368"},{"taxonomy":"post_tag","embeddable":true,"href":"https:\/\/paginacero.com.uy\/index.php?rest_route=%2Fwp%2Fv2%2Ftags&post=4368"}],"curies":[{"name":"wp","href":"https:\/\/api.w.org\/{rel}","templated":true}]}}