{"id":4359,"date":"2024-05-21T10:03:35","date_gmt":"2024-05-21T13:03:35","guid":{"rendered":"https:\/\/paginacero.com.uy\/?p=4359"},"modified":"2024-05-21T10:03:35","modified_gmt":"2024-05-21T13:03:35","slug":"espacio-cervantino-fue-inaugurado-en-la-biblioteca-municipal-convirtiendose-en-referente-nacional-e-internacional","status":"publish","type":"post","link":"https:\/\/paginacero.com.uy\/?p=4359","title":{"rendered":"Espacio Cervantino fue inaugurado en la Biblioteca Municipal convirti\u00e9ndose en referente nacional e internacional"},"content":{"rendered":"<p><strong>El Director de Cultura Walter Fumero dijo que \u201cesta actividad nos parece importante porque va a posicionar a Durazno a nivel nacional e internacional, se comenzaron a dar pasos y Heber Souza que es responsable de la secci\u00f3n Letras de la Divisi\u00f3n de Cultura y Beatriz Vi\u00f1ales encargada de la Biblioteca \u201cProfesor Carlos Scaffo\u201d porque vamos a estar inaugurando un espacio Cervantino, la biblioteca Cervantina, que la vamos a llamar, en el marco de la Semana Cervantina como para que Durazno sea referencia como una ciudad cervantina como hay otras en nuestro pa\u00eds, Montevideo por ejemplo por una importante colecci\u00f3n de libros que adquiri\u00f3 tiempo atr\u00e1s\u201d.<\/strong><!--more--><\/p>\n<p>\u201cEn setiembre del a\u00f1o 2019 la Intendencia de Durazno adquiri\u00f3 m\u00e1s de doscientos ejemplares relacionados con Cervantes, precisamente obras de Cervantes, biograf\u00edas, ensayos, de distintos autores tambi\u00e9n y junto con Miguel Irraz\u00e1bal en ese momento, que era el Coordinador, Beatriz Vi\u00f1ales y la colaboraci\u00f3n invalorable de nuestra querida escritora Brenda Alzamendi, se adquiri\u00f3 entonces de la Biblioteca del Dr. Puig toda esa colecci\u00f3n. Coordinamos en crear un espacio exclusivamente dedicado a la biblioteca Cervantes, lo cual dudamos un poco con Beatriz de ubicar el lugar dentro de la biblioteca, recalcamos que estamos muy orgullosos de que se haya concretado este lugar para los estudiantes y dando en el entorno precisamente de la Semana del Libro en Uruguay, junto con Walter y las autoridades de la Universidad de Montevideo, tambi\u00e9n con el apoyo de Miguel Irraz\u00e1bal, conseguimos esta muestra cervantina\u201d agreg\u00f3 Heber Souza.<\/p>\n<p>\u201cEn concreto, cont\u00e1bamos con estos ejemplares, nos parec\u00eda muy importante que pudi\u00e9ramos ponerlo a disposici\u00f3n del p\u00fablico en general, Beatriz con sus funcionarias hizo en la biblioteca toda la tarea de clasificar los libros, tenerlos ubicados, se gener\u00f3 un espacio en un entrepiso a la entrada de la Biblioteca que se estar\u00e1 inaugurando, para eso le dimos un marco con las celebraciones del D\u00eda del Libro, la semana Cervantina que comenz\u00f3 el martes 21 de mayo a la hora 15.00 en el Museo de Rivera, comenzando con una charla a cargo de la Licenciada Mar\u00eda Elena Ruibal, investigadora del Centro de Investigaciones del Cidei, este centro se especializa en lo que es las colecciones de Espa\u00f1a y esta licenciada se especializa en el tema de Don Quijote, Cervantes y toda esta tem\u00e1tica que es muy abarcativa de la obra inmensa de Cervantes. Dio una charla titulada \u201cNos apropiamos de Cervantes y su personaje Don Quijote\u201d, agreg\u00f3 Fumero.<\/p>\n<p>\u201cLuego de ese inicio seguir\u00e1n otras actividades, inaugurando la exposici\u00f3n que acompa\u00f1a toda esta movida en el Museo de Rivera precisamente, mostrando la colecci\u00f3n cervantina de Arturo Sananbr\u00ed, Cervantes entre nosotros es el t\u00edtulo de esta muestra con t\u00edtulos muy valiosos que est\u00e1n en el CEDEI al cuidado de ellos y visitada por mucha gente a nivel internacional desde el a\u00f1o 2015, cuando Montevideo justamente se nombr\u00f3 ciudad Cervantina\u201d dijo.<\/p>\n<p>\u201cDurazno est\u00e1 dando esos pasos con esta colecci\u00f3n que adquiri\u00f3 la Intendencia y all\u00ed vamos a poder ver todos estos libros, m\u00e1s algunos ejemplares de los que estar\u00e1n en nuestra biblioteca, parte de la colecci\u00f3n que la Intendencia adquiri\u00f3\u201d agreg\u00f3.<\/p>\n<p>Esta muestra estar\u00e1 abierta durante unos quince d\u00edas.<\/p>\n<p>\u201cTambi\u00e9n estar\u00e1 dentro de la agenda una duraznense Natalia Olascoaga P\u00e9rez que es licenciada, bibliotec\u00f3loga, trabaja en la Biblioteca de la Universidad de Montevideo y que se suma a esta propuesta porque quer\u00eda aportar sus conocimientos en cuanto a lo que es el trabajo de bibliotecolog\u00eda, se hizo una convocatoria para poder contar con esta charla\u201d indic\u00f3 \u201cla charla ser\u00e1 sobre todo el trabajo de conservaci\u00f3n y mantenimiento que se hacen en las biblioecas\u201d.<\/p>\n<p>\u201cDentro de esta semana se present\u00f3 tambi\u00e9n la obra \u201cCervantes 3.0\u201d, a cargo de un actor de la ciudad de Paysand\u00fa del grupo de teatro itinerante de esa ciudad, Horacio Merlo es un actor que se ha dedicado especialmente a poner personajes en escena, hace un tiempo atr\u00e1s hizo a Onetti, en este caso justamente coincidi\u00f3 que est\u00e1 haciendo a Cervantes y por eso la idea de tenerlo en Durazno, en el marco de la gira que ha iniciado recientemente\u201d dijo.<\/p>\n","protected":false},"excerpt":{"rendered":"<p>El Director de Cultura Walter Fumero dijo que \u201cesta actividad nos parece importante porque va a posicionar a Durazno a nivel nacional e internacional, se comenzaron a dar pasos y Heber Souza que es responsable de la secci\u00f3n Letras de la Divisi\u00f3n de Cultura y Beatriz Vi\u00f1ales encargada de la Biblioteca \u201cProfesor Carlos Scaffo\u201d porque [&hellip;]<\/p>\n","protected":false},"author":4,"featured_media":4360,"comment_status":"closed","ping_status":"closed","sticky":false,"template":"","format":"standard","meta":{"footnotes":""},"categories":[5],"tags":[],"class_list":["post-4359","post","type-post","status-publish","format-standard","has-post-thumbnail","hentry","category-durazno"],"_links":{"self":[{"href":"https:\/\/paginacero.com.uy\/index.php?rest_route=\/wp\/v2\/posts\/4359","targetHints":{"allow":["GET"]}}],"collection":[{"href":"https:\/\/paginacero.com.uy\/index.php?rest_route=\/wp\/v2\/posts"}],"about":[{"href":"https:\/\/paginacero.com.uy\/index.php?rest_route=\/wp\/v2\/types\/post"}],"author":[{"embeddable":true,"href":"https:\/\/paginacero.com.uy\/index.php?rest_route=\/wp\/v2\/users\/4"}],"replies":[{"embeddable":true,"href":"https:\/\/paginacero.com.uy\/index.php?rest_route=%2Fwp%2Fv2%2Fcomments&post=4359"}],"version-history":[{"count":1,"href":"https:\/\/paginacero.com.uy\/index.php?rest_route=\/wp\/v2\/posts\/4359\/revisions"}],"predecessor-version":[{"id":4361,"href":"https:\/\/paginacero.com.uy\/index.php?rest_route=\/wp\/v2\/posts\/4359\/revisions\/4361"}],"wp:featuredmedia":[{"embeddable":true,"href":"https:\/\/paginacero.com.uy\/index.php?rest_route=\/wp\/v2\/media\/4360"}],"wp:attachment":[{"href":"https:\/\/paginacero.com.uy\/index.php?rest_route=%2Fwp%2Fv2%2Fmedia&parent=4359"}],"wp:term":[{"taxonomy":"category","embeddable":true,"href":"https:\/\/paginacero.com.uy\/index.php?rest_route=%2Fwp%2Fv2%2Fcategories&post=4359"},{"taxonomy":"post_tag","embeddable":true,"href":"https:\/\/paginacero.com.uy\/index.php?rest_route=%2Fwp%2Fv2%2Ftags&post=4359"}],"curies":[{"name":"wp","href":"https:\/\/api.w.org\/{rel}","templated":true}]}}