{"id":4356,"date":"2024-05-21T10:00:44","date_gmt":"2024-05-21T13:00:44","guid":{"rendered":"https:\/\/paginacero.com.uy\/?p=4356"},"modified":"2024-05-21T10:00:44","modified_gmt":"2024-05-21T13:00:44","slug":"da-verguenza-el-estado-en-que-estan-caminos-rutas-y-calles-del-departamento","status":"publish","type":"post","link":"https:\/\/paginacero.com.uy\/?p=4356","title":{"rendered":"\u201cDa verg\u00fcenza el estado en que est\u00e1n caminos, rutas y calles del departamento\u201d"},"content":{"rendered":"<p><strong>El edil frenteamplista Pedro Hern\u00e1ndez dijo sentir verg\u00fcenza por el estado en que se encuentran rutas y caminos del departamento, calles de la ciudad, que est\u00e1n intransitables. Pidi\u00f3 a la Comisi\u00f3n de Obras que realice un recorrido por todo el departamento y busque soluciones a los vecinos.<\/strong><!--more--><\/p>\n<p>\u201cNos vamos a referir a lo que pas\u00f3 en las rutas y calles de Durazno, donde ahora la excusa es mucha agua y hace un a\u00f1o atr\u00e1s la excusa era demasiada seca. Como parte del gobierno departamental me da verg\u00fcenza andar por la ruta 42, la ruta 189, la ruta 100, los barrios. Me avisaron hace algunos d\u00edas que fuera a un barrio en Santa Bernardina, del Pastor para arriba, en la calle Benjam\u00edn Barrios y realmente no quise ni pasar la foto porque me da verg\u00fcenza pasar la foto de como se encuentra esa calle\u201d dijo.<\/p>\n<p>\u201cHay una empresa de camiones en esa calle que trabaja, a menudo se rompen los ca\u00f1os de la OSE por el peso y el barrio que hay all\u00ed y los vecinos pasan uno o dos d\u00edas sin agua. Por lo tanto quiero que mis palabras pasen a la Comisi\u00f3n de Obras que puede hacer un recorrido por el departamento en su totalidad, porque es lamentable, que tambi\u00e9n hagamos una recorrida por la ciudad, para que de una buena vez se pueda hacer una intervenci\u00f3n con respecto a la ciudadan\u00eda\u201d agreg\u00f3.<\/p>\n<p>El edil manifest\u00f3 que los excedentes de dinero que hoy hay en las cajas del Ejecutivo puedan ser destinadas a hacer estos arreglos y mantenimiento de rutas, caminos y calles.<\/p>\n<p>\u201cNos jactamos que tenemos dinero de sobra y la gente est\u00e1 viviendo realmente en este sentido de forma lamentable. En algo concreto que queremos plantear, este a\u00f1o hab\u00eda unos 17 millones de pesos para el puente de Paso del Gordo, nosotros pretendemos que ese dinero que ya estaba asignado pueda gastarlo en lo que es la salida de La Paloma hacia la ruta 6 por el arroyo Sarand\u00ed, que ese puente se haga realmente un puente acorde a las necesidades y al siglo XXI porque es realmente lamentable\u201d dijo.<\/p>\n<p>\u201cPido que mis palabras pasen al Intendente para ver si esos recursos que ya estaban asignados puedan ser destinados a este fin, emplearse para esta obra, que se haga un trabajo serio y concreto\u201d indic\u00f3.<\/p>\n<p>\u201cTambi\u00e9n sobre lo que es hoy el paso del Paso del Gordo gracias al Ministro que se hizo eso, que correspond\u00eda a ambas intendencias, pretendemos que tambi\u00e9n se haga un mantenimiento ese mismo d\u00eda que se hizo la inauguraci\u00f3n la salida fue bastante penosa, que tambi\u00e9n se haga un mantenimiento al respecto\u201d finaliz\u00f3 diciendo.<\/p>\n","protected":false},"excerpt":{"rendered":"<p>El edil frenteamplista Pedro Hern\u00e1ndez dijo sentir verg\u00fcenza por el estado en que se encuentran rutas y caminos del departamento, calles de la ciudad, que est\u00e1n intransitables. Pidi\u00f3 a la Comisi\u00f3n de Obras que realice un recorrido por todo el departamento y busque soluciones a los vecinos.<\/p>\n","protected":false},"author":4,"featured_media":4357,"comment_status":"closed","ping_status":"closed","sticky":false,"template":"","format":"standard","meta":{"footnotes":""},"categories":[5,29],"tags":[],"class_list":["post-4356","post","type-post","status-publish","format-standard","has-post-thumbnail","hentry","category-durazno","category-junta-departamental"],"_links":{"self":[{"href":"https:\/\/paginacero.com.uy\/index.php?rest_route=\/wp\/v2\/posts\/4356","targetHints":{"allow":["GET"]}}],"collection":[{"href":"https:\/\/paginacero.com.uy\/index.php?rest_route=\/wp\/v2\/posts"}],"about":[{"href":"https:\/\/paginacero.com.uy\/index.php?rest_route=\/wp\/v2\/types\/post"}],"author":[{"embeddable":true,"href":"https:\/\/paginacero.com.uy\/index.php?rest_route=\/wp\/v2\/users\/4"}],"replies":[{"embeddable":true,"href":"https:\/\/paginacero.com.uy\/index.php?rest_route=%2Fwp%2Fv2%2Fcomments&post=4356"}],"version-history":[{"count":1,"href":"https:\/\/paginacero.com.uy\/index.php?rest_route=\/wp\/v2\/posts\/4356\/revisions"}],"predecessor-version":[{"id":4358,"href":"https:\/\/paginacero.com.uy\/index.php?rest_route=\/wp\/v2\/posts\/4356\/revisions\/4358"}],"wp:featuredmedia":[{"embeddable":true,"href":"https:\/\/paginacero.com.uy\/index.php?rest_route=\/wp\/v2\/media\/4357"}],"wp:attachment":[{"href":"https:\/\/paginacero.com.uy\/index.php?rest_route=%2Fwp%2Fv2%2Fmedia&parent=4356"}],"wp:term":[{"taxonomy":"category","embeddable":true,"href":"https:\/\/paginacero.com.uy\/index.php?rest_route=%2Fwp%2Fv2%2Fcategories&post=4356"},{"taxonomy":"post_tag","embeddable":true,"href":"https:\/\/paginacero.com.uy\/index.php?rest_route=%2Fwp%2Fv2%2Ftags&post=4356"}],"curies":[{"name":"wp","href":"https:\/\/api.w.org\/{rel}","templated":true}]}}