{"id":4353,"date":"2024-05-21T09:57:46","date_gmt":"2024-05-21T12:57:46","guid":{"rendered":"https:\/\/paginacero.com.uy\/?p=4353"},"modified":"2024-05-21T09:57:46","modified_gmt":"2024-05-21T12:57:46","slug":"en-liceo-impacto-se-realizara-una-jornada-de-recreacion-y-convivencia","status":"publish","type":"post","link":"https:\/\/paginacero.com.uy\/?p=4353","title":{"rendered":"\u201cEn Liceo Impacto se realizar\u00e1 una jornada de recreaci\u00f3n y convivencia\u201d"},"content":{"rendered":"<p><strong>La edila Ver\u00f3nica Abi-Rached invit\u00f3 a los integrantes de la Junta Departamental para sumarse a la actividad \u201cNos jugamos por la convivencia\u201d que es organizada por la Senade.<\/strong><!--more--><\/p>\n<p>La edila cabildista, participante del programa Pista 7.0 a cargo de la Senade en el Estadio Cerrado, difundi\u00f3 una actividad que se realizar\u00e1 pr\u00f3ximamente en barrio Las Higueras con el objetivo de fomentar la convivencia social, el deporte y la recreaci\u00f3n.<\/p>\n<p>\u201cQuiero leer una carta que va a llegar a la presidencia de la Junta Departamental. Presidente de la Junta Departamental Durazno Enrique Erramuse, quien suscribe Profesor Mauricio Rivas Fossali, Inspector Departamental de la Secretar\u00eda Nacional De Deportes, tiene el agrado de invitar a los integrantes de la Junta Departamental a integrarse al Programa Instituciones a los Barrios, que se viene instrumentando de forma interinstitucional pretendiendo generar acciones que promuevan la actividad f\u00edsica, la recreaci\u00f3n, el deporte y fundamentalmente la convivencia de los miembros de la comunidad familiares perif\u00e9ricas\u201d dijo.<\/p>\n<p>\u201cLa pr\u00f3xima reuni\u00f3n de planificaci\u00f3n se desarroll\u00f3 en el predio del Liceo Impacto en Las Higueras y la primera jornada del programa se efectivizar\u00e1 el s\u00e1bado 25 de mayo a la hora 15.00 en el predio del liceo mencionado\u201d agreg\u00f3.<\/p>\n<p>\u201cEsa actividad que se va a realizar, la llamamos Nos Jugamos por la Convivencia, van a haber actividades deportivas, juegos, actividades sociales, talleres, actividades recreativas. Este grupo que trabaja de forma institucional est\u00e1 trabajando para lograr integrar a los barrios y a todas aquellas personas para sacarlos de un ambiente y por eso volver a los juegos recreativos. Estaba participando como Comisi\u00f3n de la Pista Municipal y me pidi\u00f3 para que llegara gente de la Junta Departamental, por lo que quiero que esta carta llegue a la Comisi\u00f3n de Deportes\u201d finaliz\u00f3.<\/p>\n<p>La Secretar\u00eda Nacional del Deporte es el organismo rector de la actividad f\u00edsica y el deporte, define las pol\u00edticas, los objetivos y las estrategias del sector favoreciendo el desarrollo social y la salud de los ciudadanos. Asimismo estas acciones constituyen un factor de educaci\u00f3n y una gran herramienta para construir valores, convivencia y cohesi\u00f3n social.<\/p>\n<p>Senade aspira a ser el \u00f3rgano del Estado que formula, ejecuta, supervisa y eval\u00faa las pol\u00edticas en materia deportiva, con el mayor grado de transparencia, eficiencia y eficacia para cumplir los objetivos de garantizar el derecho social de toda la poblaci\u00f3n a la pr\u00e1ctica sistem\u00e1tica de la actividad f\u00edsica, el deporte y la recreaci\u00f3n mediante una gesti\u00f3n de calidad, respetando los principios \u00e9ticos de solidaridad, inclusi\u00f3n social, equidad, participaci\u00f3n y corresponsabilidad.<\/p>\n<p>En 2015, el Poder Ejecutivo envi\u00f3 al Parlamento un proyecto de ley para la creaci\u00f3n de la Secretar\u00eda Nacional del Deporte, como \u00f3rgano desconcentrado dependiente de la Presidencia de la Rep\u00fablica, redistribuyendo atribuciones y competencias.<\/p>\n<p>La ley No. 19331 fue promulgada el 20 de julio de 2015 con la firma del Dr. Tabar\u00e9 V\u00e1zquez y en ella se establece que la Secretar\u00eda estar\u00e1 dirigida por un Secretario Nacional de Deporte, un Subsecretario Nacional de Deporte, un Gerente Nacional de Deporte, un Coordinador del \u00c1rea de Deporte Comunitario, un Coordinador del \u00c1rea de Deporte y Educaci\u00f3n, un Coordinador del \u00c1rea de Deporte Federado y un Coordinador del \u00c1rea de Programas Especiales.<\/p>\n<p>Asimismo la ley le asign\u00f3 la Presidencia de la Comisi\u00f3n Honoraria para la Prevenci\u00f3n, Control y Erradicaci\u00f3n de la Violencia en el Deporte, creada en el art\u00edculo 2\u00b0 de la Ley N\u00b0 17.951, de 8 de enero de 2006.<\/p>\n","protected":false},"excerpt":{"rendered":"<p>La edila Ver\u00f3nica Abi-Rached invit\u00f3 a los integrantes de la Junta Departamental para sumarse a la actividad \u201cNos jugamos por la convivencia\u201d que es organizada por la Senade.<\/p>\n","protected":false},"author":4,"featured_media":4354,"comment_status":"closed","ping_status":"closed","sticky":false,"template":"","format":"standard","meta":{"footnotes":""},"categories":[5,29],"tags":[],"class_list":["post-4353","post","type-post","status-publish","format-standard","has-post-thumbnail","hentry","category-durazno","category-junta-departamental"],"_links":{"self":[{"href":"https:\/\/paginacero.com.uy\/index.php?rest_route=\/wp\/v2\/posts\/4353","targetHints":{"allow":["GET"]}}],"collection":[{"href":"https:\/\/paginacero.com.uy\/index.php?rest_route=\/wp\/v2\/posts"}],"about":[{"href":"https:\/\/paginacero.com.uy\/index.php?rest_route=\/wp\/v2\/types\/post"}],"author":[{"embeddable":true,"href":"https:\/\/paginacero.com.uy\/index.php?rest_route=\/wp\/v2\/users\/4"}],"replies":[{"embeddable":true,"href":"https:\/\/paginacero.com.uy\/index.php?rest_route=%2Fwp%2Fv2%2Fcomments&post=4353"}],"version-history":[{"count":1,"href":"https:\/\/paginacero.com.uy\/index.php?rest_route=\/wp\/v2\/posts\/4353\/revisions"}],"predecessor-version":[{"id":4355,"href":"https:\/\/paginacero.com.uy\/index.php?rest_route=\/wp\/v2\/posts\/4353\/revisions\/4355"}],"wp:featuredmedia":[{"embeddable":true,"href":"https:\/\/paginacero.com.uy\/index.php?rest_route=\/wp\/v2\/media\/4354"}],"wp:attachment":[{"href":"https:\/\/paginacero.com.uy\/index.php?rest_route=%2Fwp%2Fv2%2Fmedia&parent=4353"}],"wp:term":[{"taxonomy":"category","embeddable":true,"href":"https:\/\/paginacero.com.uy\/index.php?rest_route=%2Fwp%2Fv2%2Fcategories&post=4353"},{"taxonomy":"post_tag","embeddable":true,"href":"https:\/\/paginacero.com.uy\/index.php?rest_route=%2Fwp%2Fv2%2Ftags&post=4353"}],"curies":[{"name":"wp","href":"https:\/\/api.w.org\/{rel}","templated":true}]}}