{"id":4346,"date":"2024-05-20T10:11:42","date_gmt":"2024-05-20T13:11:42","guid":{"rendered":"https:\/\/paginacero.com.uy\/?p=4346"},"modified":"2024-05-20T10:11:42","modified_gmt":"2024-05-20T13:11:42","slug":"plaza-itala-mondragon-sera-totalmente-renovada-en-primavera-estara-habilitada","status":"publish","type":"post","link":"https:\/\/paginacero.com.uy\/?p=4346","title":{"rendered":"Plaza Itala Mondrag\u00f3n ser\u00e1 totalmente renovada: en primavera estar\u00e1 habilitada"},"content":{"rendered":"<p><strong>La arquitecta Ana Laura B\u00e1ez, directora de la obra de la Plaza \u201cItala Mondrag\u00f3n de Fern\u00e1ndez\u201d mencion\u00f3 que \u201cse trata de una licitaci\u00f3n abreviada que se llam\u00f3 para la reconstrucci\u00f3n total de la plaza, dado que la misma estaba en un mal estado. la Intendencia est\u00e1 trabajando en la refacci\u00f3n de todas las plazas de Durazno, en este momento le toc\u00f3 a esta en particular\u201d.<\/strong><!--more--><\/p>\n<p>La plaza ocupa un lugar privilegiado en calle Oribe, cercano a escuelas c\u00e9ntricas y es visitada por mucho p\u00fablico que busca disfrutar de un espacio de recreaci\u00f3n.<\/p>\n<p>\u201cEl terreno es amplio, tiene unos mil metros cuadrados aproximadamente, al fondo se va a reconstruir una cancha de b\u00e1squetbol, con los aros y demarcado de la cancha, con protecci\u00f3n para los predios linderos, para evitar el deterioro de los muros de los vecinos, cuidando y respetando la privacidad de cada uno. Despu\u00e9s se van a reparar los muros de la plaza, se van a dejar en un estado acondicionado para pintura\u201d dijo.<\/p>\n<p>\u201cEn este momento estamos haciendo los movimientos de suelo, va a ir tambi\u00e9n un sector de juegos para ni\u00f1os de distintas edades, uno m\u00e1s grandes para edades de 7 a 12 a\u00f1os y el otro para m\u00e1s chiquitos, la idea es que puedan trepar, colgarse, subir, escalar, que puedan disfrutar de los juegos que se colocar\u00e1n. Donde estaban las antiguas hamacas que se sacaron, las que est\u00e1n en buen estado se van a reacondicionar y colocar en otras plazas, all\u00ed se har\u00e1 una serie de hamacas para distintas edades, se va a restaurar la p\u00e9rgola y se har\u00e1 un sector de servicios y ba\u00f1os para darle alg\u00fan servicio extra a las personas que vienen a disfrutar de la plaza\u201d agreg\u00f3.<\/p>\n<p>El resto de los servicios anexados a la plaza incluyen un circuito de c\u00e1maras de seguridad, para brindar una vigilancia en el uso de las instalaciones.<\/p>\n<p>\u201cTambi\u00e9n tenemos para disponer equipamiento en toda la plaza, papeleras, bancos, iluminaci\u00f3n de la plaza y la cancha, tendr\u00edamos tambi\u00e9n c\u00e1maras de seguridad, un sistema para vigilancia y tener protegida y controladas las actividades que se desarrollan. Se van a mejorar y aumentar los servicios que se brindan\u201d dijo la arquitecta.<\/p>\n<p>\u201cHay muchas escuelas que vienen a practicar deportes, a hacer la clase de educaci\u00f3n f\u00edsica, la realizan en la plaza, por eso se mantiene el espacio de cancha para usarlos todos los que necesiten. Casi toda la plaza ser\u00e1 de pavimento, en el sector de los juegos se va a colocar pavimento de goma para protecci\u00f3n de las ca\u00eddas o golpes que puedan tener algunos ni\u00f1os, es un \u00e1rea de seguridad para ellos. El resto ser\u00e1 de hormig\u00f3n y tambi\u00e9n habr\u00e1n rayuelas y juegos pintados en el pavimento\u201d indic\u00f3.<\/p>\n<p>El monolito caracter\u00edstico de la plaza, en homenaje a Itala Mondrag\u00f3n de Fern\u00e1ndez, permanecer\u00e1 una vez finalizada la obra.<\/p>\n<p>\u201cAlgo a destacar es que se mantendr\u00e1 el monolito que identifica el lugar, se retir\u00f3 para realizar las obras y luego volver\u00e1 a colocarse. Las obras est\u00e1n previstas en un plazo de tres meses, as\u00ed que si el tiempo nos acompa\u00f1a en primavera estaremos disfrutando de la plaza\u201d finaliz\u00f3 diciendo..<\/p>\n","protected":false},"excerpt":{"rendered":"<p>La arquitecta Ana Laura B\u00e1ez, directora de la obra de la Plaza \u201cItala Mondrag\u00f3n de Fern\u00e1ndez\u201d mencion\u00f3 que \u201cse trata de una licitaci\u00f3n abreviada que se llam\u00f3 para la reconstrucci\u00f3n total de la plaza, dado que la misma estaba en un mal estado. la Intendencia est\u00e1 trabajando en la refacci\u00f3n de todas las plazas de [&hellip;]<\/p>\n","protected":false},"author":4,"featured_media":4347,"comment_status":"closed","ping_status":"closed","sticky":false,"template":"","format":"standard","meta":{"footnotes":""},"categories":[5,29],"tags":[],"class_list":["post-4346","post","type-post","status-publish","format-standard","has-post-thumbnail","hentry","category-durazno","category-junta-departamental"],"_links":{"self":[{"href":"https:\/\/paginacero.com.uy\/index.php?rest_route=\/wp\/v2\/posts\/4346","targetHints":{"allow":["GET"]}}],"collection":[{"href":"https:\/\/paginacero.com.uy\/index.php?rest_route=\/wp\/v2\/posts"}],"about":[{"href":"https:\/\/paginacero.com.uy\/index.php?rest_route=\/wp\/v2\/types\/post"}],"author":[{"embeddable":true,"href":"https:\/\/paginacero.com.uy\/index.php?rest_route=\/wp\/v2\/users\/4"}],"replies":[{"embeddable":true,"href":"https:\/\/paginacero.com.uy\/index.php?rest_route=%2Fwp%2Fv2%2Fcomments&post=4346"}],"version-history":[{"count":1,"href":"https:\/\/paginacero.com.uy\/index.php?rest_route=\/wp\/v2\/posts\/4346\/revisions"}],"predecessor-version":[{"id":4348,"href":"https:\/\/paginacero.com.uy\/index.php?rest_route=\/wp\/v2\/posts\/4346\/revisions\/4348"}],"wp:featuredmedia":[{"embeddable":true,"href":"https:\/\/paginacero.com.uy\/index.php?rest_route=\/wp\/v2\/media\/4347"}],"wp:attachment":[{"href":"https:\/\/paginacero.com.uy\/index.php?rest_route=%2Fwp%2Fv2%2Fmedia&parent=4346"}],"wp:term":[{"taxonomy":"category","embeddable":true,"href":"https:\/\/paginacero.com.uy\/index.php?rest_route=%2Fwp%2Fv2%2Fcategories&post=4346"},{"taxonomy":"post_tag","embeddable":true,"href":"https:\/\/paginacero.com.uy\/index.php?rest_route=%2Fwp%2Fv2%2Ftags&post=4346"}],"curies":[{"name":"wp","href":"https:\/\/api.w.org\/{rel}","templated":true}]}}