{"id":4342,"date":"2024-05-20T10:04:26","date_gmt":"2024-05-20T13:04:26","guid":{"rendered":"https:\/\/paginacero.com.uy\/?p=4342"},"modified":"2024-05-20T10:04:26","modified_gmt":"2024-05-20T13:04:26","slug":"unos-3-000-participantes-del-programa-accesos-del-mides-obtendran-oportunidades-laborales","status":"publish","type":"post","link":"https:\/\/paginacero.com.uy\/?p=4342","title":{"rendered":"Unos 3.000 participantes del programa Accesos del Mides obtendr\u00e1n oportunidades laborales"},"content":{"rendered":"<p><strong>Autoridades del Ministerio de Desarrollo Social (Mides) presentaron la edici\u00f3n 2024 de la iniciativa socioeducativa y laboral Accesos, que abarcar\u00e1 a 3.000 usuarios en todo el pa\u00eds.<\/strong><!--more--><\/p>\n<p>Accesos es un programa socioeducativo y laboral del Mides, que este a\u00f1o, en su tercera edici\u00f3n, abarcar\u00e1 a un total de 3.000 participantes en todo el pa\u00eds, busca generar oportunidades y promover la inserci\u00f3n laboral formal de personas de entre 18 y 64 a\u00f1os, con \u00e9nfasis en mujeres y j\u00f3venes en situaci\u00f3n de vulnerabilidad socioecon\u00f3mica. En convenio con instituciones p\u00fablicas e intendencias, el programa ofrece pr\u00e1cticas socioeducativas &#8211; laborales y capacitaciones que contribuyen al fortalecimiento de habilidades para el empleo. El objetivo de la iniciativa es impulsar el desarrollo de pr\u00e1cticas laborales ofrecidas en convenio con instituciones p\u00fablicas e intendencias, as\u00ed como capacitaciones, para contribuir al fortalecimiento de habilidades para el empleo. La primera fase se extiende durante siete meses, per\u00edodo durante el cual quienes intervienen reciben una prestaci\u00f3n equivalente al salario m\u00ednimo nacional por 30 horas semanales de trabajo.<\/p>\n<p>En esta edici\u00f3n, los participantes acceder\u00e1n a una experiencia laboral en distintas instituciones del Estado, donde recibir\u00e1n, adem\u00e1s, 10 horas semanales de capacitaci\u00f3n, a trav\u00e9s del Instituto Nacional de Empleo y Formaci\u00f3n Profesional (Inefop), la Direcci\u00f3n General de Educaci\u00f3n T\u00e9cnico Profesional (DGETP-UTU) y otros organismos p\u00fablicos. Al culminar la pr\u00e1ctica, los participantes son incluidos en una segunda fase, donde ingresan en una bolsa de empleo durante un a\u00f1o con la posibilidad de vincularse laboralmente a una empresa \u201cmadrina\u201d en funci\u00f3n de su desempe\u00f1o y de acuerdo a la demanda de perfiles laborales solicitados.<\/p>\n<p>\u201cTenemos mucha esperanza e ilusi\u00f3n puesta en este programa\u201d, sostuvo el jerarca. Asimismo, record\u00f3 que el primer a\u00f1o se logr\u00f3 m\u00e1s del 20% de inserci\u00f3n laboral. \u201cLa segunda edici\u00f3n en Montevideo ya super\u00f3 las expectativas\u201d, aseguraron las autoridades vinculadas al programa.<\/p>\n<p>Los participantes seleccionados para Accesos conforman programas del Mides, son postulados por t\u00e9cnicos de la cartera y cumplir\u00e1n tareas variadas, administrativas, operativas o de mantenimiento, seg\u00fan el perfil de cada uno. Los participantes son el centro del programa ya que el dinero que se destina se vuelca cien por cien a la prestaci\u00f3n que reciben, trat\u00e1ndose de montos m\u00e1s altos con respecto a programas anteriores, seg\u00fan asegur\u00f3 la jerarca. Adem\u00e1s est\u00e1 pensado en base al perfil de cada persona; esto se debe a que la derivaci\u00f3n se realiza a trav\u00e9s de distintos programas del MIDES y no por sorteo. No se anotaron 30.000 personas, sino que cada uno de los participantes fue derivado por t\u00e9cnicos con los que ya vienen trabajando.<\/p>\n<p>Adem\u00e1s, destac\u00f3 que se prioriza la integraci\u00f3n de mujeres y j\u00f3venes.<\/p>\n<p>Se busca posicionar a los usuarios como \u201cprotagonistas y centro\u201d de Accesos. Detall\u00f3 que las capacitaciones est\u00e1n enfocadas seg\u00fan las demandas del mercado laboral para que consigan insertarse en el sector formal privado. Asimismo, se\u00f1al\u00f3 que en la edici\u00f3n 2024 intervienen 245 personas de la Direcci\u00f3n Nacional de Apoyo al Liberado (Dinali), incluidsa en la iniciativa como una segunda oportunidad.<\/p>\n<p>Todos los programas del Mides postulan a participantes porque entienden que puede trabajarse la dimensi\u00f3n laboral a fin de construir autonom\u00eda e independencia. Tambi\u00e9n se destac\u00f3 la importancia de la participaci\u00f3n de varios organismos del Estado. Este a\u00f1o se incorpor\u00f3 Presidencia de la Rep\u00fablica, lo que posibilita brindar m\u00e1s oportunidades, es una verdadera inserci\u00f3n laboral, porque durante la pr\u00e1ctica se puede adquirir la mayor cantidad de habilidades posibles para luego desempe\u00f1arse de forma independiente en el mercado laboral en las empresas madrinas.<\/p>\n<p>El ministro Sciarra cerr\u00f3 la actividad de presentaci\u00f3n reflexionando que \u00abrompimos ese mito de que hab\u00eda ciertas personas que solo las atend\u00eda el MIDES, salimos a buscar a las empresas para darle (al programa) un contacto fuerte con el mundo privado\u00bb.<\/p>\n","protected":false},"excerpt":{"rendered":"<p>Autoridades del Ministerio de Desarrollo Social (Mides) presentaron la edici\u00f3n 2024 de la iniciativa socioeducativa y laboral Accesos, que abarcar\u00e1 a 3.000 usuarios en todo el pa\u00eds.<\/p>\n","protected":false},"author":4,"featured_media":4343,"comment_status":"closed","ping_status":"closed","sticky":false,"template":"","format":"standard","meta":{"footnotes":""},"categories":[5,29],"tags":[],"class_list":["post-4342","post","type-post","status-publish","format-standard","has-post-thumbnail","hentry","category-durazno","category-junta-departamental"],"_links":{"self":[{"href":"https:\/\/paginacero.com.uy\/index.php?rest_route=\/wp\/v2\/posts\/4342","targetHints":{"allow":["GET"]}}],"collection":[{"href":"https:\/\/paginacero.com.uy\/index.php?rest_route=\/wp\/v2\/posts"}],"about":[{"href":"https:\/\/paginacero.com.uy\/index.php?rest_route=\/wp\/v2\/types\/post"}],"author":[{"embeddable":true,"href":"https:\/\/paginacero.com.uy\/index.php?rest_route=\/wp\/v2\/users\/4"}],"replies":[{"embeddable":true,"href":"https:\/\/paginacero.com.uy\/index.php?rest_route=%2Fwp%2Fv2%2Fcomments&post=4342"}],"version-history":[{"count":1,"href":"https:\/\/paginacero.com.uy\/index.php?rest_route=\/wp\/v2\/posts\/4342\/revisions"}],"predecessor-version":[{"id":4344,"href":"https:\/\/paginacero.com.uy\/index.php?rest_route=\/wp\/v2\/posts\/4342\/revisions\/4344"}],"wp:featuredmedia":[{"embeddable":true,"href":"https:\/\/paginacero.com.uy\/index.php?rest_route=\/wp\/v2\/media\/4343"}],"wp:attachment":[{"href":"https:\/\/paginacero.com.uy\/index.php?rest_route=%2Fwp%2Fv2%2Fmedia&parent=4342"}],"wp:term":[{"taxonomy":"category","embeddable":true,"href":"https:\/\/paginacero.com.uy\/index.php?rest_route=%2Fwp%2Fv2%2Fcategories&post=4342"},{"taxonomy":"post_tag","embeddable":true,"href":"https:\/\/paginacero.com.uy\/index.php?rest_route=%2Fwp%2Fv2%2Ftags&post=4342"}],"curies":[{"name":"wp","href":"https:\/\/api.w.org\/{rel}","templated":true}]}}