{"id":4336,"date":"2024-05-20T10:00:56","date_gmt":"2024-05-20T13:00:56","guid":{"rendered":"https:\/\/paginacero.com.uy\/?p=4336"},"modified":"2024-05-20T10:00:56","modified_gmt":"2024-05-20T13:00:56","slug":"hay-que-regular-el-transito-en-las-intersecciones-de-las-calles-con-la-ruta-5","status":"publish","type":"post","link":"https:\/\/paginacero.com.uy\/?p=4336","title":{"rendered":"\u201cHay que regular el tr\u00e1nsito en las intersecciones de las calles con la ruta 5\u201d"},"content":{"rendered":"<p><strong>Paula Guti\u00e9rrez plante\u00f3 la inquietud con respecto al tr\u00e1nsito en las intersecciones de la ruta 5 y la problem\u00e1tica que se genera en ellas, aumentando la inseguridad vial.<\/strong><!--more--><\/p>\n<p>\u201cEl primer planteo es la inquietud relativa al congestionamiento en el tr\u00e1nsito de veh\u00edculos que atraviesan en sus diferentes intersecciones la ruta 5. Ser\u00eda pertinente en este sentido realizar un estudio sobre el trabajo operativo de los sem\u00e1foros all\u00ed instalados, para ver el funcionamiento de los mismos, acorde al objetivo de agilizar el flujo de todos los medios de transporte que circulan en nuestra ciudad deben atravesar por esta importante arteria nacional\u201d dijo.<\/p>\n<p>\u201cEn parte, teniendo en cuenta que en muchas ocasiones diferentes veh\u00edculos deben cruzar en condiciones de emergencia hacia los distintos centros de asistencia p\u00fablica y privada, que se encuentran a ambos lados de la ciudad, considerando com el evento sumatorio que con la implementaci\u00f3n del transporte ferroviario la circulaci\u00f3n de camiones que trabajan para la empresa UPM disminuir\u00e1 en forma notoria\u201d agreg\u00f3.<\/p>\n<p>\u201cSolicito que estas palabras pasen a la Direcci\u00f3n de Tr\u00e1nsito de la Intendencia Departamental, al Ministerio de Transporte y Obras P\u00fablicas y a la Comisi\u00f3n de Tr\u00e1nsito de este cuerpo\u201d indic\u00f3.<\/p>\n<p>Otro tema est\u00e1 referido al impulso de la actividad deportiva en los barrios.<\/p>\n<p>\u201cAdem\u00e1s, en sinton\u00eda con el planteo formulado en pasadas sesiones sobre la cancha de f\u00fatbol en el barrio Varona, atendiendo otra inquietud vecinal en relaci\u00f3n a los escenarios deportivos conocidos como canchas de f\u00fatbol once, por ejemplo, la que se encuentra frente al Estadio 14 de Octubre, es que abogamos para que los mismos sean entregados a los clubes locales y estos puedan adecuarlos y gestionarlos para fomentar la pr\u00e1ctica de baby f\u00fatbol, teniendo en cuenta que est\u00e1 puesta en funcionamiento de forma oficial de estos escenarios, revitalizar\u00eda la imagen barrial donde los mismos est\u00e1n insertos, favoreciendo adem\u00e1s la integraci\u00f3n social y deportivo de muchos ni\u00f1os en la ciudad y compenetr\u00e1ndolos en un \u00e1mbito y un ambiente cultural y saludable\u201d dijo.<\/p>\n<p>\u201cSolicito que estas palabras pasen al Intendente Departamental, al Departamento de Obras y Servicios y a la Comisi\u00f3n de Educaci\u00f3n y Cultura de este cuerpo\u201d finaliz\u00f3 diciendo.<\/p>\n","protected":false},"excerpt":{"rendered":"<p>Paula Guti\u00e9rrez plante\u00f3 la inquietud con respecto al tr\u00e1nsito en las intersecciones de la ruta 5 y la problem\u00e1tica que se genera en ellas, aumentando la inseguridad vial.<\/p>\n","protected":false},"author":4,"featured_media":4337,"comment_status":"closed","ping_status":"closed","sticky":false,"template":"","format":"standard","meta":{"footnotes":""},"categories":[5,29],"tags":[],"class_list":["post-4336","post","type-post","status-publish","format-standard","has-post-thumbnail","hentry","category-durazno","category-junta-departamental"],"_links":{"self":[{"href":"https:\/\/paginacero.com.uy\/index.php?rest_route=\/wp\/v2\/posts\/4336","targetHints":{"allow":["GET"]}}],"collection":[{"href":"https:\/\/paginacero.com.uy\/index.php?rest_route=\/wp\/v2\/posts"}],"about":[{"href":"https:\/\/paginacero.com.uy\/index.php?rest_route=\/wp\/v2\/types\/post"}],"author":[{"embeddable":true,"href":"https:\/\/paginacero.com.uy\/index.php?rest_route=\/wp\/v2\/users\/4"}],"replies":[{"embeddable":true,"href":"https:\/\/paginacero.com.uy\/index.php?rest_route=%2Fwp%2Fv2%2Fcomments&post=4336"}],"version-history":[{"count":1,"href":"https:\/\/paginacero.com.uy\/index.php?rest_route=\/wp\/v2\/posts\/4336\/revisions"}],"predecessor-version":[{"id":4338,"href":"https:\/\/paginacero.com.uy\/index.php?rest_route=\/wp\/v2\/posts\/4336\/revisions\/4338"}],"wp:featuredmedia":[{"embeddable":true,"href":"https:\/\/paginacero.com.uy\/index.php?rest_route=\/wp\/v2\/media\/4337"}],"wp:attachment":[{"href":"https:\/\/paginacero.com.uy\/index.php?rest_route=%2Fwp%2Fv2%2Fmedia&parent=4336"}],"wp:term":[{"taxonomy":"category","embeddable":true,"href":"https:\/\/paginacero.com.uy\/index.php?rest_route=%2Fwp%2Fv2%2Fcategories&post=4336"},{"taxonomy":"post_tag","embeddable":true,"href":"https:\/\/paginacero.com.uy\/index.php?rest_route=%2Fwp%2Fv2%2Ftags&post=4336"}],"curies":[{"name":"wp","href":"https:\/\/api.w.org\/{rel}","templated":true}]}}