{"id":4333,"date":"2024-05-20T09:59:19","date_gmt":"2024-05-20T12:59:19","guid":{"rendered":"https:\/\/paginacero.com.uy\/?p=4333"},"modified":"2024-05-20T09:59:19","modified_gmt":"2024-05-20T12:59:19","slug":"personas-mayores-quieren-sensibilizar-sobre-sus-derechos","status":"publish","type":"post","link":"https:\/\/paginacero.com.uy\/?p=4333","title":{"rendered":"\u201cPersonas mayores quieren sensibilizar sobre sus derechos\u201d"},"content":{"rendered":"<p><strong>El edil Javier Bessonart present\u00f3 una carta de la Red de Organizaciones de Adultos Mayores, que buscan impulsar la tercera edici\u00f3n de la actividad \u201cPersona Mayor Edil por un D\u00eda\u201d en el mes de junio.<\/strong><!--more--><\/p>\n<p>En la noche de hoy vamos a hacer referencia a una carta que nos hace llegar la Redam (Red de Adultos Mayores) donde dice \u201cla Red de Organizaciones de &lt;personas Mayores, que trabaja por el bien de las personas mayores y la salvaguarda de sus derechos tiene inter\u00e9s en realizar actividades formales de relevancia en el mes de junio, mes de sensibilizaci\u00f3n sobre el abuso y maltrato a las personas mayores\u201d.<\/p>\n<p>\u201cRecordando las exitosas jornadas Persona Mayor Edil por un D\u00eda, realizada en esta Junta Departamental en los a\u00f1os 2022 y 2023, es de nuestro inter\u00e9s reeditar la actividad siendo la tercera edici\u00f3n de Persona Mayor Edil por un D\u00eda, el 14 de junio. Es un d\u00eda viernes, teniendo en cuenta que el d\u00eda espec\u00edfico que se conmemora es el 15 de junio\u201d agregaron.<\/p>\n<p>\u201cHabiendo resultado muy buena la experiencia del a\u00f1o anterior con la realizaci\u00f3n de los talleres previos a la sesi\u00f3n formal, solicitamos usar el local desde la ma\u00f1ana, a la hora 10.00 est\u00e1 previsto comenzar con los talleres de formaci\u00f3n a todos los grupos que van a estar concurriendo y hacer la sesi\u00f3n el d\u00eda viernes 14 a partir de las 14.00 horas, donde cada uno de los grupos de adultos mayores de todo el departamento estar\u00e1n participando de este evento y obviamente, ellos hacen los planteos de acuerdo a las necesidades de cada localidad, de cada barrio, de cada grupo de personas mayores\u201d dijeron.<\/p>\n<p>\u201cA tales efectos y para poder realizar todas las coordinaciones y tr\u00e1mites con tiempo nos dirigimos para solicitar la autorizaci\u00f3n para la mencionada actividad\u201d finalizaron los integrantes de la Redam.<\/p>\n<p>Redam nuclea a organizaciones civiles formales, no formales, asociando a todos ellos en el trabajo por los derechos de los adultos mayores.<\/p>\n<p>\u201cConsidero que es una buena oportunidad esta tercera edici\u00f3n donde podr\u00e1n exponer y plantear lo que han sido las necesidades de cada a\u00f1o, adem\u00e1s los logros que ya se han obtenido luego de haber presentado esas inquietudes en esta Junta\u201d finaliz\u00f3 diciendo el edil Bessonart.<\/p>\n<p>Cada 15 de junio se conmemora el D\u00eda Mundial de Toma de Conciencia del Abuso y Maltrato en la Vejez -designado por la Asamblea General de las Naciones Unidas en su resoluci\u00f3n 66\/127- con la finalidad de visibilizar esta problem\u00e1tica social mundial que afecta la salud y los derechos humanos de las personas mayores.<\/p>\n<p>Las situaciones de violencia pueden manifestarse de diversas formas (maltrato f\u00edsico, maltrato psicol\u00f3gico, abuso sexual, abuso patrimonial, explotaci\u00f3n laboral, expulsi\u00f3n de la comunidad y toda forma de abandono o negligencia) y en cualquier contexto, aunque ocurren fundamentalmente en las familias e instituciones.<\/p>\n<p>De acuerdo a la informaci\u00f3n de 2022 extra\u00edda del Servicio de Atenci\u00f3n de Abuso y\/o Maltrato del Instituto Nacional de las Personas Mayores, se recibieron 193 situaciones para iniciar una intervenci\u00f3n.<\/p>\n<p>Entre los datos recogidos, se destaca que: El 80 % son mujeres, lo cual evidencia no solo que m\u00e1s mujeres acceden al Servicio sino tambi\u00e9n da cuenta de la feminizaci\u00f3n de las situaciones de abuso y\/o maltrato. El maltrato psicol\u00f3gico es predominante (62,7 %), seguido por el abuso patrimonial (38,1 %) y el maltrato f\u00edsico (19,5 %).<\/p>\n<p>Los hijos o hijas de las personas mayores son los principales agresores en la mayor\u00eda de los casos (51,7%). El 77,1 % corresponde a situaciones de violencia intrafamiliar y un 12 % a situaciones de violencia de g\u00e9nero. El 60,2 % de las personas en situaci\u00f3n de violencia manifiesta convivir con su agresor.<\/p>\n<p>Los factores de riesgo que tienen mayor prevalencia son los v\u00ednculos de dependencia (afectivos, de cuidado, econ\u00f3micos, habitacionales), los cuales complejizan las estrategias de abordaje. Esto genera el desaf\u00edo de desarrollar acciones interinstitucionales para contribuir a mejorar la calidad de vida de las personas mayores.<\/p>\n<p>De acuerdo con lo anteriormente mencionado, es imprescindible continuar avanzando en el reconocimiento de esta problem\u00e1tica, as\u00ed como consolidar alianzas con otros organismos estatales,<\/p>\n<p>privados y de la sociedad civil para garantizar la protecci\u00f3n de los derechos humanos y libertades fundamentales de las personas mayores.<\/p>\n<p>Con la ratificaci\u00f3n de la Convenci\u00f3n Interamericana sobre la Protecci\u00f3n de los Derechos Humanos de las Personas Mayores a trav\u00e9s de la ley n.\u00b0 19.430 de fecha 08\/09\/2016, el Estado uruguayo contin\u00faa con el compromiso de generar los mecanismos necesarios para promover y garantizar a la poblaci\u00f3n mayor el derecho a una vida sin ning\u00fan tipo de violencia, tal como plantea el art\u00edculo 9 de este instrumento vinculante.<\/p>\n<p>El Instituto Nacional de las Personas Mayores, como organismo rector en materia de envejecimiento y vejez, continuar\u00e1 trabajando con otras instituciones, la academia y la sociedad civil en el respeto, protecci\u00f3n y promoci\u00f3n de los derechos humanos de las personas mayores, erradicando cualquier acto de violencia hacia este grupo poblacional.<\/p>\n<p>Durante el mes de junio se desarrollar\u00e1n a nivel nacional diversas actividades institucionales dirigidas a diferentes actores sociales, as\u00ed como a la sociedad en su conjunto. Tienen por objetivo sensibilizar sobre el abuso y maltrato en la vejez e identificar los factores protectores para la prevenci\u00f3n y detecci\u00f3n de las diferentes formas de violencia hacia las personas mayores.<\/p>\n","protected":false},"excerpt":{"rendered":"<p>El edil Javier Bessonart present\u00f3 una carta de la Red de Organizaciones de Adultos Mayores, que buscan impulsar la tercera edici\u00f3n de la actividad \u201cPersona Mayor Edil por un D\u00eda\u201d en el mes de junio.<\/p>\n","protected":false},"author":4,"featured_media":4334,"comment_status":"closed","ping_status":"closed","sticky":false,"template":"","format":"standard","meta":{"footnotes":""},"categories":[5,29],"tags":[],"class_list":["post-4333","post","type-post","status-publish","format-standard","has-post-thumbnail","hentry","category-durazno","category-junta-departamental"],"_links":{"self":[{"href":"https:\/\/paginacero.com.uy\/index.php?rest_route=\/wp\/v2\/posts\/4333","targetHints":{"allow":["GET"]}}],"collection":[{"href":"https:\/\/paginacero.com.uy\/index.php?rest_route=\/wp\/v2\/posts"}],"about":[{"href":"https:\/\/paginacero.com.uy\/index.php?rest_route=\/wp\/v2\/types\/post"}],"author":[{"embeddable":true,"href":"https:\/\/paginacero.com.uy\/index.php?rest_route=\/wp\/v2\/users\/4"}],"replies":[{"embeddable":true,"href":"https:\/\/paginacero.com.uy\/index.php?rest_route=%2Fwp%2Fv2%2Fcomments&post=4333"}],"version-history":[{"count":1,"href":"https:\/\/paginacero.com.uy\/index.php?rest_route=\/wp\/v2\/posts\/4333\/revisions"}],"predecessor-version":[{"id":4335,"href":"https:\/\/paginacero.com.uy\/index.php?rest_route=\/wp\/v2\/posts\/4333\/revisions\/4335"}],"wp:featuredmedia":[{"embeddable":true,"href":"https:\/\/paginacero.com.uy\/index.php?rest_route=\/wp\/v2\/media\/4334"}],"wp:attachment":[{"href":"https:\/\/paginacero.com.uy\/index.php?rest_route=%2Fwp%2Fv2%2Fmedia&parent=4333"}],"wp:term":[{"taxonomy":"category","embeddable":true,"href":"https:\/\/paginacero.com.uy\/index.php?rest_route=%2Fwp%2Fv2%2Fcategories&post=4333"},{"taxonomy":"post_tag","embeddable":true,"href":"https:\/\/paginacero.com.uy\/index.php?rest_route=%2Fwp%2Fv2%2Ftags&post=4333"}],"curies":[{"name":"wp","href":"https:\/\/api.w.org\/{rel}","templated":true}]}}