{"id":4330,"date":"2024-05-20T09:57:36","date_gmt":"2024-05-20T12:57:36","guid":{"rendered":"https:\/\/paginacero.com.uy\/?p=4330"},"modified":"2024-05-20T09:57:36","modified_gmt":"2024-05-20T12:57:36","slug":"felicitar-a-fm-oxigeno-de-la-paloma-por-su-aniversario-y-su-amor-a-la-comunicacion","status":"publish","type":"post","link":"https:\/\/paginacero.com.uy\/?p=4330","title":{"rendered":"\u201cFelicitar a FM Ox\u00edgeno de La Paloma por su aniversario y su amor a la comunicaci\u00f3n\u201d"},"content":{"rendered":"<p><strong>Anabel Fuentes destac\u00f3 el aniversario 26 de la emisora Ox\u00edgeno FM de La Paloma, que lleg\u00f3 a esta instancia con una celebraci\u00f3n abierta a toda la comunidad.<\/strong><!--more--><\/p>\n<p>\u201cEl 18 de mayo FM Emisora Ox\u00edgeno La Paloma cumpli\u00f3 un nuevo aniversario, 26 a\u00f1os de esta prestigiosa emisora al aire. Queremos destacar desde esta banca la importancia del medio de comunicaci\u00f3n en el interior profundo, lo dif\u00edcil que es sobrevivir comercialmente, por supuesto que destacar el apoyo incondicional de los comercios de la localidad y la regi\u00f3n, que hacen posible que esta emisora siga sobreviviendo, gracias a los anuncios, a las publicidades de los mismos\u201d dijo.<\/p>\n<p>\u201cLa conmemoraci\u00f3n se realiz\u00f3 el domingo 19, festejando el aniversario con diferentes actividades al aire libre, durante todo el d\u00eda, principalmente felicitar a todo el equipo de Ox\u00edgeno FM, al Director, a todos los funcionarios, por el amor a la comunicaci\u00f3n\u201d agreg\u00f3.<\/p>\n","protected":false},"excerpt":{"rendered":"<p>Anabel Fuentes destac\u00f3 el aniversario 26 de la emisora Ox\u00edgeno FM de La Paloma, que lleg\u00f3 a esta instancia con una celebraci\u00f3n abierta a toda la comunidad.<\/p>\n","protected":false},"author":4,"featured_media":4331,"comment_status":"closed","ping_status":"closed","sticky":false,"template":"","format":"standard","meta":{"footnotes":""},"categories":[5,29],"tags":[],"class_list":["post-4330","post","type-post","status-publish","format-standard","has-post-thumbnail","hentry","category-durazno","category-junta-departamental"],"_links":{"self":[{"href":"https:\/\/paginacero.com.uy\/index.php?rest_route=\/wp\/v2\/posts\/4330","targetHints":{"allow":["GET"]}}],"collection":[{"href":"https:\/\/paginacero.com.uy\/index.php?rest_route=\/wp\/v2\/posts"}],"about":[{"href":"https:\/\/paginacero.com.uy\/index.php?rest_route=\/wp\/v2\/types\/post"}],"author":[{"embeddable":true,"href":"https:\/\/paginacero.com.uy\/index.php?rest_route=\/wp\/v2\/users\/4"}],"replies":[{"embeddable":true,"href":"https:\/\/paginacero.com.uy\/index.php?rest_route=%2Fwp%2Fv2%2Fcomments&post=4330"}],"version-history":[{"count":1,"href":"https:\/\/paginacero.com.uy\/index.php?rest_route=\/wp\/v2\/posts\/4330\/revisions"}],"predecessor-version":[{"id":4332,"href":"https:\/\/paginacero.com.uy\/index.php?rest_route=\/wp\/v2\/posts\/4330\/revisions\/4332"}],"wp:featuredmedia":[{"embeddable":true,"href":"https:\/\/paginacero.com.uy\/index.php?rest_route=\/wp\/v2\/media\/4331"}],"wp:attachment":[{"href":"https:\/\/paginacero.com.uy\/index.php?rest_route=%2Fwp%2Fv2%2Fmedia&parent=4330"}],"wp:term":[{"taxonomy":"category","embeddable":true,"href":"https:\/\/paginacero.com.uy\/index.php?rest_route=%2Fwp%2Fv2%2Fcategories&post=4330"},{"taxonomy":"post_tag","embeddable":true,"href":"https:\/\/paginacero.com.uy\/index.php?rest_route=%2Fwp%2Fv2%2Ftags&post=4330"}],"curies":[{"name":"wp","href":"https:\/\/api.w.org\/{rel}","templated":true}]}}