{"id":4327,"date":"2024-05-20T09:55:28","date_gmt":"2024-05-20T12:55:28","guid":{"rendered":"https:\/\/paginacero.com.uy\/?p=4327"},"modified":"2024-05-20T09:55:28","modified_gmt":"2024-05-20T12:55:28","slug":"calles-del-barrio-las-higueras-y-la-union-estan-en-muy-mal-estado-y-propician-la-inseguridad-vial","status":"publish","type":"post","link":"https:\/\/paginacero.com.uy\/?p=4327","title":{"rendered":"\u201cCalles del barrio Las Higueras y La Uni\u00f3n est\u00e1n en muy mal estado y propician la inseguridad vial\u201d"},"content":{"rendered":"<p><strong>La edila Rossana Bidegaimberry se hizo eco de una queja de vecinos de barrio La Uni\u00f3n y Las Higueras, por el mal estado de las calles de la zona.<\/strong><!--more--><\/p>\n<p>\u201cQuiero leer una carta que viene dirigida de barrio La Uni\u00f3n. \u201cPor la presente, quienes suscriben abajo firmando, nos dirigimos a usted por este medio y as\u00ed llegar a quien corresponda, la inquietud que compadecemos los vecinos en conjunto en barrio Las Higueras y barrio la Uni\u00f3n, comprendidos en las calles Emilio Rossi entre Federico Dur\u00e1n y ruta 14. Desde hace un tiempo padecemos por la mala condici\u00f3n que mantienen estas calles mencionadas, ya sea en cuanto al deterioro y escaso mantenimiento que se le realiza, inseguridad en la circulaci\u00f3n de las mismas\u201d dijo.<\/p>\n<p>\u201cEntendemos que el crecimiento en construcciones en la zona influye en dicho mantenimiento, pero a su vez participamos en estos reclamos por entender tambi\u00e9n un derecho del cual se nos est\u00e1 privando, ya que a nuestro entender llevamos mucho tiempo que se mejoren estas v\u00edas y circulaci\u00f3n como se ha. hecho en otras zonas cercanas a nuestro barrio\u201d agreg\u00f3.<\/p>\n<p>\u201cHemos tomado esta determinaci\u00f3n de hacernos escuchar a trav\u00e9s de usted y haga llegar a quien corresponda para que se nos encuentre una pronta soluci\u00f3n. Saludan vecinos del barrio que firman la carta. Quiero que mis palabras pasen a la Direcci\u00f3n de Obras de la Intendencia\u201d finaliz\u00f3 la edil.<\/p>\n","protected":false},"excerpt":{"rendered":"<p>La edila Rossana Bidegaimberry se hizo eco de una queja de vecinos de barrio La Uni\u00f3n y Las Higueras, por el mal estado de las calles de la zona.<\/p>\n","protected":false},"author":4,"featured_media":4328,"comment_status":"closed","ping_status":"closed","sticky":false,"template":"","format":"standard","meta":{"footnotes":""},"categories":[5,29],"tags":[],"class_list":["post-4327","post","type-post","status-publish","format-standard","has-post-thumbnail","hentry","category-durazno","category-junta-departamental"],"_links":{"self":[{"href":"https:\/\/paginacero.com.uy\/index.php?rest_route=\/wp\/v2\/posts\/4327","targetHints":{"allow":["GET"]}}],"collection":[{"href":"https:\/\/paginacero.com.uy\/index.php?rest_route=\/wp\/v2\/posts"}],"about":[{"href":"https:\/\/paginacero.com.uy\/index.php?rest_route=\/wp\/v2\/types\/post"}],"author":[{"embeddable":true,"href":"https:\/\/paginacero.com.uy\/index.php?rest_route=\/wp\/v2\/users\/4"}],"replies":[{"embeddable":true,"href":"https:\/\/paginacero.com.uy\/index.php?rest_route=%2Fwp%2Fv2%2Fcomments&post=4327"}],"version-history":[{"count":1,"href":"https:\/\/paginacero.com.uy\/index.php?rest_route=\/wp\/v2\/posts\/4327\/revisions"}],"predecessor-version":[{"id":4329,"href":"https:\/\/paginacero.com.uy\/index.php?rest_route=\/wp\/v2\/posts\/4327\/revisions\/4329"}],"wp:featuredmedia":[{"embeddable":true,"href":"https:\/\/paginacero.com.uy\/index.php?rest_route=\/wp\/v2\/media\/4328"}],"wp:attachment":[{"href":"https:\/\/paginacero.com.uy\/index.php?rest_route=%2Fwp%2Fv2%2Fmedia&parent=4327"}],"wp:term":[{"taxonomy":"category","embeddable":true,"href":"https:\/\/paginacero.com.uy\/index.php?rest_route=%2Fwp%2Fv2%2Fcategories&post=4327"},{"taxonomy":"post_tag","embeddable":true,"href":"https:\/\/paginacero.com.uy\/index.php?rest_route=%2Fwp%2Fv2%2Ftags&post=4327"}],"curies":[{"name":"wp","href":"https:\/\/api.w.org\/{rel}","templated":true}]}}