{"id":4148,"date":"2024-05-07T23:18:26","date_gmt":"2024-05-08T02:18:26","guid":{"rendered":"https:\/\/paginacero.com.uy\/?p=4148"},"modified":"2024-05-07T23:18:26","modified_gmt":"2024-05-08T02:18:26","slug":"pido-que-se-baje-la-carga-horaria-del-personal-ejecutivo-de-la-policia","status":"publish","type":"post","link":"https:\/\/paginacero.com.uy\/?p=4148","title":{"rendered":"\u201cPido que se baje la carga horaria del personal ejecutivo de la Polic\u00eda\u201d"},"content":{"rendered":"<p><strong>La edila Daniela Moreira hizo una presentaci\u00f3n donde solicit\u00f3 que sea tenida en cuenta la reducci\u00f3n del horario laboral del personal ejecutivo de la Polic\u00eda Nacional, tendiendo de esta forma a una mejor calidad de vida de los mismos y un mejor servicio a la comunidad.<\/strong><!--more--><\/p>\n<p>En la primer parte de su presentaci\u00f3n record\u00f3 el d\u00eda de los Trabajadores y las diferentes leyes que se han elaborado para mejorar la calidad de los mismos.<\/p>\n<p>\u201cComo primer punto voy a realizar una menci\u00f3n al 1\u00b0 de mayo, quiero recordar que desde Oribe el Partido Nacional hablaba del reconocimiento de los trabajadores, y en 1905 sale un proyecto de Ley de Herrera y Roxlo denominado Ley del Trabajo, luego vinieron otros tantos, como la Ley del Aguinaldo y referentes como Fern\u00e1ndez Crespo o Carlos Abdala, con la Ley del Salario Vacacional. Destaco adem\u00e1s a todos los duraznenses que se levantan temprano, aunque haga calor, fr\u00edo o llueva, a todos que hacen lo posible por llevar el sustento para sus familias, a los que luchan por lo que quieren, a los que est\u00e1n buscando un trabajo, les digo, no bajen los brazos porque siempre lo mejor est\u00e1 por venir\u201d dijo.<\/p>\n<p>Luego, se refiri\u00f3 a la necesidad de que los Polic\u00edas tengan un horario m\u00e1s reducido de labor.<\/p>\n<p>\u201cComo segundo punto voy a plantear la necesidad urgente y necesaria que es la de reducir la carga horaria laboral del personal ejecutivo de la Polic\u00eda Nacional Uruguaya de 8 horas a 6 horas diarias. Como todos sabemos, la funci\u00f3n policial implica altos niveles de estr\u00e9s y compromiso, ya que en nuestros efectivos se enfrentan a situaciones de riesgo y tensi\u00f3n en su labor diaria. Esta situaci\u00f3n conlleva a un desgaste emocional y f\u00edsico significativo, por lo que es fundamental brindarles condiciones adecuadas que preserven su salud y bienestar, a lo que a su vez redundar\u00e1 en un mejor desempe\u00f1o de sus funciones y una sociedad m\u00e1s segura\u201d agreg\u00f3.<\/p>\n<p>\u201cUno de los aspectos esenciales a considerar es el tiempo de descanso y calidad de vida con sus familias, estas \u00faltimas constituyen un pilar fundamental de contenci\u00f3n emocional y estabilidad para nuestros polic\u00edas, quienes afrontan situaciones extremas en su trabajo. Reducir la carga horaria a seis horas les permitir\u00e1 contar con m\u00e1s tiempo para estar con sus seres queridos, contribuyendo as\u00ed a su bienestar integral. Desde el punto de vista sicol\u00f3gico debemos prestar especial atenci\u00f3n a las alarmantes estad\u00edsticas de suicidios en el personal policial, en lo que va del a\u00f1o, lamentablemente, ya se han registrado siete casos de polic\u00edas que decidieron quitarse la vida. Esta situaci\u00f3n es inaceptable y nos obliga a tomar medidas inmediatas, para brindarles el apoyo y la contenci\u00f3n emocional que nuestros efectivos policiales necesitan\u201d dijo.<\/p>\n<p>Destac\u00f3 que es necesario equipos de contenci\u00f3n especiales para estos trabajadores.<\/p>\n<p>\u201cA su vez es necesario contar con profesionales sic\u00f3logos capacitados en inteligencia emocional, para que puedan acompa\u00f1ar a nuestros polic\u00edas en el manejo del estr\u00e9s, la ansiedad y otros desaf\u00edos inherentes a su labor. Adem\u00e1s, debemos implementar programas de prevenci\u00f3n y concientizaci\u00f3n sobre la importancia del cuidado de la salud mental, por todo lo expuesto, solicito que se tomen las medidas necesarias para reducir la carga horaria laboral de los polic\u00edas ejecutivos a seis horas diarias, esta acci\u00f3n contribuir\u00e1 significativamente a preservar su bienestar f\u00edsico y emocional, lo que a su vez redundar\u00e1 en un mejor servicio a la comunidad y en la prevenci\u00f3n de m\u00e1s tragedias como las que hemos presenciado\u201d agreg\u00f3.<\/p>\n<p>\u201cNo podemos permitir que perdamos ni un solo polic\u00eda m\u00e1s en el territorio nacional, agradezco la atenci\u00f3n de esta solicitud y quedo a la espera de una respuesta favorable, a su vez solicito que mis palabras sean enviadas al Ejecutivo Departamental, al Jefe de Polic\u00eda de Durazno, al Ministerio del Interior, a la Direcci\u00f3n Nacional de Sanidad Policial, al Equipo de Salud Ocupacional de dicha Direcci\u00f3n y a la C\u00e1mara de Representantes\u201d finaliz\u00f3 diciendo.<\/p>\n","protected":false},"excerpt":{"rendered":"<p>La edila Daniela Moreira hizo una presentaci\u00f3n donde solicit\u00f3 que sea tenida en cuenta la reducci\u00f3n del horario laboral del personal ejecutivo de la Polic\u00eda Nacional, tendiendo de esta forma a una mejor calidad de vida de los mismos y un mejor servicio a la comunidad.<\/p>\n","protected":false},"author":4,"featured_media":4149,"comment_status":"closed","ping_status":"closed","sticky":false,"template":"","format":"standard","meta":{"footnotes":""},"categories":[5,29],"tags":[],"class_list":["post-4148","post","type-post","status-publish","format-standard","has-post-thumbnail","hentry","category-durazno","category-junta-departamental"],"_links":{"self":[{"href":"https:\/\/paginacero.com.uy\/index.php?rest_route=\/wp\/v2\/posts\/4148","targetHints":{"allow":["GET"]}}],"collection":[{"href":"https:\/\/paginacero.com.uy\/index.php?rest_route=\/wp\/v2\/posts"}],"about":[{"href":"https:\/\/paginacero.com.uy\/index.php?rest_route=\/wp\/v2\/types\/post"}],"author":[{"embeddable":true,"href":"https:\/\/paginacero.com.uy\/index.php?rest_route=\/wp\/v2\/users\/4"}],"replies":[{"embeddable":true,"href":"https:\/\/paginacero.com.uy\/index.php?rest_route=%2Fwp%2Fv2%2Fcomments&post=4148"}],"version-history":[{"count":1,"href":"https:\/\/paginacero.com.uy\/index.php?rest_route=\/wp\/v2\/posts\/4148\/revisions"}],"predecessor-version":[{"id":4150,"href":"https:\/\/paginacero.com.uy\/index.php?rest_route=\/wp\/v2\/posts\/4148\/revisions\/4150"}],"wp:featuredmedia":[{"embeddable":true,"href":"https:\/\/paginacero.com.uy\/index.php?rest_route=\/wp\/v2\/media\/4149"}],"wp:attachment":[{"href":"https:\/\/paginacero.com.uy\/index.php?rest_route=%2Fwp%2Fv2%2Fmedia&parent=4148"}],"wp:term":[{"taxonomy":"category","embeddable":true,"href":"https:\/\/paginacero.com.uy\/index.php?rest_route=%2Fwp%2Fv2%2Fcategories&post=4148"},{"taxonomy":"post_tag","embeddable":true,"href":"https:\/\/paginacero.com.uy\/index.php?rest_route=%2Fwp%2Fv2%2Ftags&post=4148"}],"curies":[{"name":"wp","href":"https:\/\/api.w.org\/{rel}","templated":true}]}}