{"id":4052,"date":"2024-05-02T08:29:18","date_gmt":"2024-05-02T11:29:18","guid":{"rendered":"https:\/\/paginacero.com.uy\/?p=4052"},"modified":"2024-05-02T08:29:18","modified_gmt":"2024-05-02T11:29:18","slug":"redam-organiza-jornada-sobre-envejecimiento","status":"publish","type":"post","link":"https:\/\/paginacero.com.uy\/?p=4052","title":{"rendered":"Redam organiza jornada sobre envejecimiento"},"content":{"rendered":"<p><strong>La actividad ser\u00e1 en la Sala Lavalleja desde la hora 18.00 y convoca bajo el tema \u201cVejez y sociedad \u00bfc\u00f3mo nos preparamos?\u201d. Los disertantes en la ocasi\u00f3n ser\u00e1n el Dr. Alberto Beguiristain, la Dra. Soad Ayul, la Licenciada Agostina Russo y Anal\u00eda Gouge\u00f3n. Es organizada por Redam (Red de Adultos Mayores) e Inmujeres.<\/strong><!--more--><\/p>\n<p>La Organizaci\u00f3n Mundial de la Salud define a la salud como un estado de completo bienestar f\u00edsico, mental y social, y no meramente como la ausencia de enfermedades o padecimientos. Llegar a la vejez gozando de buena salud y bienestar requiere un esfuerzo personal durante toda la vida y un entorno en el que ese esfuerzo pueda tener \u00e9xito.<\/p>\n<p>Los avances en materia sanitaria han contribuido al incremento de la esperanza de vida. Pero dicho incremento no se da de manera uniforme a nivel mundial. En los pa\u00edses menos desarrollados obedece a una menor exposici\u00f3n a enfermedades infecciosas, a los mejores tratamientos, y a las recuperaciones m\u00e1s r\u00e1pidas, m\u00e1s que a los avances en materia de nivel de vida. En los pa\u00edses desarrollados, en cambio, responde en mayor medida a un aumento de la esperanza de vida sana. Este indicador mide los a\u00f1os que se esperan vivir con buena salud y permite definir y monitorear la brecha respecto al indicador de esperanza de vida habitual, lo cual facilita una estimaci\u00f3n del tiempo de vida en mal estado de salud.<\/p>\n<p>La esperanza de vida al nacer en Uruguay es de 80.46 a\u00f1os para las mujeres y de 73.62 a\u00f1os para los varones. Si bien la esperanza de vida sana al nacer es mayor para las mujeres, la brecha respecto a la esperanza de vida habitual es mayor, lo que implica m\u00e1s a\u00f1os de vida carente de buena salud para ellas. En este sentido, estudios realizados en la regi\u00f3n indican que las mujeres suelen pasar m\u00e1s a\u00f1os de vida con ciertas limitaciones funcionales que los varones debido a las inequidades sufridas en el transcurso de su vida.<\/p>\n<p>Uruguay es un pa\u00eds que ha atravesado la transici\u00f3n epidemiol\u00f3gica, lo que implica que la presencia de las enfermedades infecciosas se ha visto reducida sustancialmente, mientras que, las enfermedades cr\u00f3nicas no transmisibles se han posicionado como la mayor causa de muerte en el pa\u00eds. Las enfermedades cr\u00f3nicas no transmisibles han cobrado un peso significativo dentro de las causas de defunci\u00f3n a ra\u00edz del desplazamiento de la mortalidad hacia las edades avanzadas. Estas enfermedades, tienen como caracter\u00edstica un curso prolongado, no se resuelven espont\u00e1neamente y raramente se curan en forma completa. De acuerdo a los datos sobre mortalidad de la Organizaci\u00f3n Panamericana de la Salud (OPS) para Am\u00e9rica Latina, las enfermedades isqu\u00e9micas del coraz\u00f3n constituyen las principales causas de mortalidad en la poblaci\u00f3n adulta mayor, secundadas por las enfermedades cerebrovasculares, las enfermedades cr\u00f3nicas de las v\u00edas respiratorias inferiores, la diabetes mellitus y las neoplasias malignas de tr\u00e1quea, bronquio y pulm\u00f3n.<\/p>\n<p>Las enfermedades, adem\u00e1s de representar un riesgo de muerte en ciertos casos, tambi\u00e9n menoscaban el estado de salud de la personas, generando limitaciones a nivel cognitivo y funcional. Las principales causas de mortalidad constituyen tambi\u00e9n las principales causas de discapacidad y p\u00e9rdida de autonom\u00eda y por ende afectan significativamente la calidad de vida de las personas. Las enfermedades cr\u00f3nicas incrementan la probabilidad de sufrir limitaciones de la capacidad funcional conforme aumenta la edad. De este modo, ellas suelen convertirse en un obst\u00e1culo para el desarrollo de una vida aut\u00f3noma en la vejez y contribuyen a la incidencia de la dependencia a medida que aumenta el n\u00famero de enfermedades.<\/p>\n<p>Como objeto de pol\u00edtica p\u00fablica, el cuidado se instala en la agenda interpelando al Estado para que \u00e9ste asuma protagonismo en su provisi\u00f3n, regulaci\u00f3n y sobre todo en su rol de garante de este derecho. Esta concepci\u00f3n del cuidado como derecho cuestiona el modelo basado en el cuidado familiar, y fundamentalmente provisto por mujeres de forma no remunerada. Por otra parte, los pa\u00edses de la regi\u00f3n se enfrentan a la llamada \u201ccrisis del cuidado\u201d, proceso marcado por un aumento sostenido de las necesidades de cuidado al mismo tiempo que disminuyen las personas disponibles para cuidar. En la configuraci\u00f3n de esta crisis, inciden ciertas transformaciones sociales que pueden clasificarse en pol\u00edticoculturales (cuestionamiento del orden de g\u00e9nero), demogr\u00e1ficas (menor disponibilidad de cuidadores y mayor poblaci\u00f3n demandante de cuidados), epidemiol\u00f3gicas, entre otras.<\/p>\n","protected":false},"excerpt":{"rendered":"<p>La actividad ser\u00e1 en la Sala Lavalleja desde la hora 18.00 y convoca bajo el tema \u201cVejez y sociedad \u00bfc\u00f3mo nos preparamos?\u201d. Los disertantes en la ocasi\u00f3n ser\u00e1n el Dr. Alberto Beguiristain, la Dra. Soad Ayul, la Licenciada Agostina Russo y Anal\u00eda Gouge\u00f3n. Es organizada por Redam (Red de Adultos Mayores) e Inmujeres.<\/p>\n","protected":false},"author":4,"featured_media":4054,"comment_status":"closed","ping_status":"closed","sticky":false,"template":"","format":"standard","meta":{"footnotes":""},"categories":[5],"tags":[],"class_list":["post-4052","post","type-post","status-publish","format-standard","has-post-thumbnail","hentry","category-durazno"],"_links":{"self":[{"href":"https:\/\/paginacero.com.uy\/index.php?rest_route=\/wp\/v2\/posts\/4052","targetHints":{"allow":["GET"]}}],"collection":[{"href":"https:\/\/paginacero.com.uy\/index.php?rest_route=\/wp\/v2\/posts"}],"about":[{"href":"https:\/\/paginacero.com.uy\/index.php?rest_route=\/wp\/v2\/types\/post"}],"author":[{"embeddable":true,"href":"https:\/\/paginacero.com.uy\/index.php?rest_route=\/wp\/v2\/users\/4"}],"replies":[{"embeddable":true,"href":"https:\/\/paginacero.com.uy\/index.php?rest_route=%2Fwp%2Fv2%2Fcomments&post=4052"}],"version-history":[{"count":1,"href":"https:\/\/paginacero.com.uy\/index.php?rest_route=\/wp\/v2\/posts\/4052\/revisions"}],"predecessor-version":[{"id":4055,"href":"https:\/\/paginacero.com.uy\/index.php?rest_route=\/wp\/v2\/posts\/4052\/revisions\/4055"}],"wp:featuredmedia":[{"embeddable":true,"href":"https:\/\/paginacero.com.uy\/index.php?rest_route=\/wp\/v2\/media\/4054"}],"wp:attachment":[{"href":"https:\/\/paginacero.com.uy\/index.php?rest_route=%2Fwp%2Fv2%2Fmedia&parent=4052"}],"wp:term":[{"taxonomy":"category","embeddable":true,"href":"https:\/\/paginacero.com.uy\/index.php?rest_route=%2Fwp%2Fv2%2Fcategories&post=4052"},{"taxonomy":"post_tag","embeddable":true,"href":"https:\/\/paginacero.com.uy\/index.php?rest_route=%2Fwp%2Fv2%2Ftags&post=4052"}],"curies":[{"name":"wp","href":"https:\/\/api.w.org\/{rel}","templated":true}]}}