{"id":4014,"date":"2024-04-29T08:22:32","date_gmt":"2024-04-29T11:22:32","guid":{"rendered":"https:\/\/paginacero.com.uy\/?p=4014"},"modified":"2024-04-29T08:22:32","modified_gmt":"2024-04-29T11:22:32","slug":"se-inauguro-el-puente-sobre-paso-del-gordo-largo-anhelo-de-los-vecinos","status":"publish","type":"post","link":"https:\/\/paginacero.com.uy\/?p=4014","title":{"rendered":"Se inaugur\u00f3 el puente sobre Paso del Gordo, largo anhelo de los vecinos"},"content":{"rendered":"<p><strong>El puente une dos departamentos y permite el contacto comercial, empresarial y social de Cerro Largo y Durazno, fue inaugurado la semana pasada con la presencia de autoridades nacionales y departamentales, adem\u00e1s de vecinos.<\/strong><!--more--><\/p>\n<p>Julio Fischer de la empresa constructora del puente de Paso del Gordo dijo en la inauguraci\u00f3n que \u201choy es ocasi\u00f3n de celebrar, hace m\u00e1s de un a\u00f1o empezamos la construcci\u00f3n y rehabilitaci\u00f3n de la ruta 6, hace menos de un a\u00f1o el Sr. Ciganda nos cit\u00f3 para poder hacer realidad esta peque\u00f1a gran obra, porque es elocuente ver el impacto social que ha generado. De m\u00e1s est\u00e1 agradecer la confianza que han depositado en la empresa, decirles que es una obra que es un perfil sumergible, que tiene 45 metros de largo, el puente en el cual estamos parados ahora, tiene 9 bocas y dos alcantarillas anexas una del lado de Cerro Largo y otra del lado de Durazno, que hacen evacuar el agua. Este es un pasaje que pod\u00eda haber sido inaugurado en las v\u00edsperas de Pascua, as\u00ed que celebremos y felicitar a todos los vecinos por lograr este emprendimiento\u201d.<\/p>\n<p>El alcalde del Municipio, Eduardo Lucas manifest\u00f3 que \u201ces muy grande la emoci\u00f3n, es sin dudas un d\u00eda muy especial, seguramente quedar\u00e1 en la memoria de ni\u00f1os, adolescentes, ancianos, en la de todos nosotros por siempre. Somos hoy testigos privilegiados, vaya si ser\u00e1 fuerte el v\u00ednculo de la tierra y queda a la vista, que hermoso misterio se da, que enorme compromiso se hace posible dar hasta el \u00faltimo aliento por permanecer prendidos en esta patria chica, llegando a mimetizar con la propia naturaleza que nos rodea y nos vemos en un espejo al igual que los coronillas, quebracho, sauces, que prenden sus raices en la barranca de tal forma que resisten enormes y fuertes corrientes, aunque de vez en cuando esta nos arrancan alg\u00fan compa\u00f1ero a pesar nuestro. Seguimos prendidos y nos sentimos orgullosos custodios de estos pagos, a veces casi nos vamos quedando sin barranca y precisamos que nos echen una mano. Es aqu\u00ed en estos lugares donde la palabra solidaridad se ejerce pura, donde muchas veces somos los propios vecinos que colaboramos para mejorar nuestros caminos, nuestras escuelas, traer la luz, tener un servicio balsa o construir un puente de madera que conectara a los vecinos. El esfuerzo solidario ha permitido ir avanzando lentamente poniendo mucho de nosotros y esperando poco de afuera, espero que estas palabras no suenen a resentimientos porque no es la intenci\u00f3n, sino simplemente a modo de expresi\u00f3n de algo que no pod\u00edamos dejar de mencionar. Seguramente veremos, escuchemos frases hechas de Uruguay profundo que entiendo buscan ser pol\u00edticamente correctas, porque deber\u00eda ser Uruguay olvidado o postergado, un pa\u00eds que en menos de diez horas se atraviesa de este a oeste o de sur a norte, de qu\u00e9 profundidad podemos hablar. Pero por fin vemos una pol\u00edtica decidida en infraestructura con mirada de pa\u00eds real, que cree en nosotros que descentraliza recursos y est\u00e1 transformando las l\u00f3gicas de desarrollo permitiendo m\u00e1s oportunidades para todos nosotros\u201d.<\/p>\n<p>\u201cDesde los primeros d\u00edas de alcalde, hace ya 9 a\u00f1os, hemos planteado la interrogante de la importancia estrat\u00e9gica de este puente de madera, el deterioro del mismo, fueron innumerables reuniones y gestiones a diferentes niveles, primero con las Direcciones de Obras de las comunas, luego con los Intendentes, m\u00e1s adelante con autoridades del Ministerio de Transporte, por all\u00ed surge la posibilidad de un puente ferroviario de 36 metros que se podr\u00eda adaptar, puente que sale del desarme y modernizaci\u00f3n del tramo del tren. Expediente con AFE, varias gestiones y los d\u00edas pasando hasta que aparece en escena Jos\u00e9 Luis Falero, un Ministro con una enorme capacidad de hacer, que vio aqu\u00ed la necesidad de un puente transformador, un puente desarrollador, un puente que una pasado con futuro, y le puso la firma al proyecto. Ya nunca m\u00e1s ser\u00e1 un puente de tablas de tren de pocos metros\u201d agreg\u00f3.<\/p>\n<p>\u201cLos 45 metros del puente m\u00e1s las alcantarillas de acceso, permiten el pasaje de carga pesada, acortando fletes, mejorando competitividad y dando mejores condiciones al arraigo. Se hizo en un a\u00f1o, cosa que antes no pens\u00e1bamos, este gobierno nos ha demostrado que en el Uruguay se puede, la energ\u00eda del empuje se contagia, esto es as\u00ed, lo tenemos claro los que hemos aprendido diferentes oficios en el campo que se aprende haciendo, se ve la val\u00eda en el trabajo hecho y no nos dejamos llevar por la prosa. Si habremos escuchado durante a\u00f1os aquello del gobierno de cercan\u00eda, palabras que ve\u00edamos que se las llevaba el viento, la cercan\u00eda se demuestra como en el trabajo, en cosas concretas, en acciones\u201d manifest\u00f3.<\/p>\n<p>El Intendente de Cerro Largo Jos\u00e9 Yurramendi manifest\u00f3 en la inauguraci\u00f3n que \u201cesta va a posibilitar generar m\u00e1s desarrollo, m\u00e1s democracia, m\u00e1s oportunidades. La posibilidad de que como siempre decimos, el Estado tiene que estar presente primero para que despu\u00e9s se desarrolle la inversi\u00f3n privada, no puede llegar nunca una inversi\u00f3n privada si el Estado no est\u00e1. Ac\u00e1 hay un Estado presente que le da la posibilidad a los j\u00f3venes de estudiar, a las comunidades que es una sola, que puedan encontrarse, pero para que el privado venga, se desarrolle, invierta, genere lo m\u00e1s lindo que se le puede generar a un ser humano que es la posibilidad de desarrollarse, tener buen empleo, generar una familia, esto es la obra que vemos ac\u00e1\u201d.<\/p>\n<p>El Intendente de Durazno Carmelo Vidal\u00edn manifest\u00f3 que \u201cquiero homenajear a quienes han estado en las Juntas Locales de La Paloma y Ar\u00e9valo, que durante todos estos a\u00f1os cuando hab\u00eda un puente de madera, ven\u00edan a poner una tablita para sostener esto. Hasta que lleg\u00f3 este gobierno con este gran presidente que tuvo la inteligencia de poder denominar ministro a Jos\u00e9 Luis Falero, esto para m\u00ed es una cosa habitual, ac\u00e1 vengo de ayudante del equipo, llevo cinco puentes inaugurados en esta administraci\u00f3n del Presidente Lacalle y el Ministro Falero\u201d.<\/p>\n<p>Tambi\u00e9n plante\u00f3 en presencia del Presidente de la Rep\u00fablica, Dr. Luis Lacalle Pou, la posibilidad de creaci\u00f3n de una Escuela Agraria en la zona, ubicada al Noreste de Durazno, en el l\u00edmite con Cerro Largo.<\/p>\n<p>Luego de valorar la obra del puente y las mejoras en las v\u00edas de acceso, se\u00f1alando que \u00abtenemos una rutas espectaculares\u00bb, pero tenemos que cuidarnos, cuidar la familia y cuidarnos nosotros siendo prudentes\u00bb, el jefe comunal duraznense, dirigi\u00e9ndose al Presidente, Luis Lacalle Pou, coment\u00f3: \u00abqueremos Presidente que nos acompa\u00f1e y nos ayude a golpear las puertas de ese gran Director que tiene la UTU, que es Juan Pereyra, para poder instalar aqu\u00ed cerquita, una nueva UTU, una nueva Escuela Agraria, que le de las posibilidades a los chicos de esta zona. La educaci\u00f3n y tambi\u00e9n la formaci\u00f3n en los valores, es lo que permite que nosotros podamos so\u00f1ar con un futuro venturoso para las presentes y para las futuras generaciones\u00bb.<\/p>\n","protected":false},"excerpt":{"rendered":"<p>El puente une dos departamentos y permite el contacto comercial, empresarial y social de Cerro Largo y Durazno, fue inaugurado la semana pasada con la presencia de autoridades nacionales y departamentales, adem\u00e1s de vecinos.<\/p>\n","protected":false},"author":4,"featured_media":4015,"comment_status":"closed","ping_status":"closed","sticky":false,"template":"","format":"standard","meta":{"footnotes":""},"categories":[5],"tags":[],"class_list":["post-4014","post","type-post","status-publish","format-standard","has-post-thumbnail","hentry","category-durazno"],"_links":{"self":[{"href":"https:\/\/paginacero.com.uy\/index.php?rest_route=\/wp\/v2\/posts\/4014","targetHints":{"allow":["GET"]}}],"collection":[{"href":"https:\/\/paginacero.com.uy\/index.php?rest_route=\/wp\/v2\/posts"}],"about":[{"href":"https:\/\/paginacero.com.uy\/index.php?rest_route=\/wp\/v2\/types\/post"}],"author":[{"embeddable":true,"href":"https:\/\/paginacero.com.uy\/index.php?rest_route=\/wp\/v2\/users\/4"}],"replies":[{"embeddable":true,"href":"https:\/\/paginacero.com.uy\/index.php?rest_route=%2Fwp%2Fv2%2Fcomments&post=4014"}],"version-history":[{"count":1,"href":"https:\/\/paginacero.com.uy\/index.php?rest_route=\/wp\/v2\/posts\/4014\/revisions"}],"predecessor-version":[{"id":4016,"href":"https:\/\/paginacero.com.uy\/index.php?rest_route=\/wp\/v2\/posts\/4014\/revisions\/4016"}],"wp:featuredmedia":[{"embeddable":true,"href":"https:\/\/paginacero.com.uy\/index.php?rest_route=\/wp\/v2\/media\/4015"}],"wp:attachment":[{"href":"https:\/\/paginacero.com.uy\/index.php?rest_route=%2Fwp%2Fv2%2Fmedia&parent=4014"}],"wp:term":[{"taxonomy":"category","embeddable":true,"href":"https:\/\/paginacero.com.uy\/index.php?rest_route=%2Fwp%2Fv2%2Fcategories&post=4014"},{"taxonomy":"post_tag","embeddable":true,"href":"https:\/\/paginacero.com.uy\/index.php?rest_route=%2Fwp%2Fv2%2Ftags&post=4014"}],"curies":[{"name":"wp","href":"https:\/\/api.w.org\/{rel}","templated":true}]}}