{"id":4011,"date":"2024-04-26T09:47:30","date_gmt":"2024-04-26T12:47:30","guid":{"rendered":"https:\/\/paginacero.com.uy\/?p=4011"},"modified":"2024-04-26T09:47:30","modified_gmt":"2024-04-26T12:47:30","slug":"redam-muestra-sus-emprendedoras","status":"publish","type":"post","link":"https:\/\/paginacero.com.uy\/?p=4011","title":{"rendered":"Redam muestra sus emprendedoras"},"content":{"rendered":"<p><strong>En el marco de una serie de actividades propuestas para este a\u00f1o, REDAM realiza hoy una muestra de \u201cMujeres Emprendedoras\u201d, una selecci\u00f3n de cuatro destacadas mujeres que est\u00e1n pisando fuerte en el mundo del emprendimiento.<\/strong><!--more--><\/p>\n<p>La actividad ser\u00e1 en el CIB de Plaza N\u00b0 1 a la hora 18.00.<\/p>\n<p>\u201cTeniendo en cuenta que en abril es el mes de los cuidados, REDAM se uni\u00f3 a Inmujeres para dejar una huella en el medio, realizando una presentaci\u00f3n de mujeres que de alguna forma se han forjado un espacio a nivel social y laboral, desde el vamos. Elegimos cuatro, podr\u00edan haber sido muchas m\u00e1s, pero quisimos tener un abanico de posibilidades para presentarlas y ver qu\u00e9 ofertas pueden haber en el futuro y de que manera las mujeres pueden abrirse camino como emprendedoras\u201d dijo Zully Goy\u00e9n, integrante de la REDAM.<\/p>\n<p>\u201cPor eso invitamos a gente que trabaja en artesan\u00edas como Mercedes Olveira, muy reconocida en el medio, con una amplia trayectoria como animadora de talleres en el Taller de Artes Pl\u00e1sticas, como emprendedora independiente donde sigue trabajando arduamente. Tambi\u00e9n elegimos a una persona del interior del departamento que habiendo cambiado su vida luego de casarse, se fue al campo y dej\u00f3 su carrera en la ciudad, supo abrirse espacios y generar una empresa que hoy es pujante y se transmite a trav\u00e9s de las redes, llegando a todos los lugares del pa\u00eds donde se la convoque\u201d agreg\u00f3.<\/p>\n<p>\u201cTambi\u00e9n la representante de Florer\u00eda \u201cSol\u201d que empez\u00f3 con un peque\u00f1o emprendimiento y hoy tiene una iniciativa importante y con la chef que comenz\u00f3 haciendo viandas y hoy tiene su lugar, un espacio reconocido y con buena demanda. Nos pareci\u00f3 que era importante hacer una presentaci\u00f3n de este estilo, dando el lugar a esas mujeres en representaci\u00f3n de tantas que siempre est\u00e1n emprendiendo\u201d dijo.<\/p>\n<p>\u201cEste a\u00f1o tenemos en REDAM una programaci\u00f3n interesante, con varios eventos agendados, estamos muy activos y pretendemos en este a\u00f1o electoral jerarquizar la puesta a punto de las demandas de la tercera edad que est\u00e1n insatisfechas y quisi\u00e9ramos que los pr\u00f3ximos candidatos a presidente lo tengan en cuenta. O sea que despu\u00e9s de la elecci\u00f3n interna vamos a tratar de llegar, de alguna manera, se est\u00e1 preparando el evento de \u201cLegislador por un d\u00eda\u201d para el mes de agosto, en mayo el Encuentro Regional, adem\u00e1s de otra jornada sobre Vejez y Sociedad, entre otros\u201d agreg\u00f3.<\/p>\n<p>\u201cEstamos tratando de que se vaya cada vez fortaleciendo nuestra red en Durazno, que en este momento tiene un trabajo destacado dentro del interior del Uruguay\u201d finaliz\u00f3 diciendo.<\/p>\n<p>La Redam es la Red de Adultos Mayores, est\u00e1 organizada por instituciones de la comunidad que tengan que ver con gente de la tercera edad. En Durazno participan de esa red los maestros jubilados, Mapep, Uni 3 y hay una referente territorial de Inmayores la Sic. Gime\u00f1a Vi\u00f1oles, que atiende en Florida y Durazno.<\/p>\n<p>La Redam tiene proyecci\u00f3n hacia la comunidad procurando lograr que los derechos de los adultos mayores sean contemplados y puedan tener una vida m\u00e1s satisfactoria, no solo en lo econ\u00f3mico, la salud f\u00edsica y mental, la integraci\u00f3n social, entre otros aspectos. Se est\u00e1 buscando el trabajo intergeneracional como uno de los fuertes para que se logre trabajar en conjunto.<\/p>\n<p>Uno de los trabajos importantes a realizar es el de la Convenci\u00f3n de los Derechos de las Personas Mayores. La proyecci\u00f3n a futuro es destacable, estamos unidos a la Onu, a la Cepal, en estos momentos se logr\u00f3 que se firme la Convenci\u00f3n de los Derechos Humanos de las Personas Mayores y estamos esperando que firme otro pa\u00eds para que se logren las necesarias para que esa Convenci\u00f3n entre en vigencia y se controle que estos derechos sean cumplidos. Uruguay fue el primer pa\u00eds en firmar la Convenci\u00f3n por lo tanto la primer presidencia del Tribunal Internacional corresponde a nuestro pa\u00eds y esto es muy importante. Dentro de estos derechos est\u00e1 todo lo concerniente a la inclusi\u00f3n, a las personas mayores muchas veces se los discrimina incluso a nivel familiar, a trav\u00e9s de omisiones, a limitar el disfrute de sus bienes econ\u00f3micos y algunas veces el abuso de parte de las familias a nivel econ\u00f3mico, justamente eso es lo que no puede pasar, por eso se entabla esta lucha. La importancia de la Redam es fundamental porque a trav\u00e9s de sus pares, los adultos mayores se sienten contenidos y respaldados, haciendo que las familias contemplen eso y se puede evitar este tipo de problem\u00e1ticas.<\/p>\n<p>Las redes departamentales se re\u00fanen, de forma peri\u00f3dica, en cada uno de los 19 departamentos del<\/p>\n<p>pa\u00eds con referentes de Inmayores. Adem\u00e1s participan en el plenario nacional de la Redam a trav\u00e9s de un delegado de la red departamental elegido democr\u00e1ticamente por los integrantes de dicha red. A su vez, tienen participaci\u00f3n en el Consejo Consultivo de Inmayores, \u00f3rgano asesor, integrado tambi\u00e9n por otras instituciones del Estado. Finalmente, se organizan anualmente encuentros de organizaciones de personas mayores donde se re\u00fanen los participantes de las redes para formular sus inquietudes y establecer prioridades de trabajo.<\/p>\n<p>Actualmente, la red focaliza su labor en el seguimiento y promoci\u00f3n de la Convenci\u00f3n Interamericana sobre la Protecci\u00f3n de los Derechos Humanos de las Personas Mayores y en sensibilizar a la comunidad acerca de una imagen positiva e integral del envejecimiento y la vejez.<\/p>\n","protected":false},"excerpt":{"rendered":"<p>En el marco de una serie de actividades propuestas para este a\u00f1o, REDAM realiza hoy una muestra de \u201cMujeres Emprendedoras\u201d, una selecci\u00f3n de cuatro destacadas mujeres que est\u00e1n pisando fuerte en el mundo del emprendimiento.<\/p>\n","protected":false},"author":4,"featured_media":4012,"comment_status":"closed","ping_status":"closed","sticky":false,"template":"","format":"standard","meta":{"footnotes":""},"categories":[17],"tags":[],"class_list":["post-4011","post","type-post","status-publish","format-standard","has-post-thumbnail","hentry","category-suplemento-mujer"],"_links":{"self":[{"href":"https:\/\/paginacero.com.uy\/index.php?rest_route=\/wp\/v2\/posts\/4011","targetHints":{"allow":["GET"]}}],"collection":[{"href":"https:\/\/paginacero.com.uy\/index.php?rest_route=\/wp\/v2\/posts"}],"about":[{"href":"https:\/\/paginacero.com.uy\/index.php?rest_route=\/wp\/v2\/types\/post"}],"author":[{"embeddable":true,"href":"https:\/\/paginacero.com.uy\/index.php?rest_route=\/wp\/v2\/users\/4"}],"replies":[{"embeddable":true,"href":"https:\/\/paginacero.com.uy\/index.php?rest_route=%2Fwp%2Fv2%2Fcomments&post=4011"}],"version-history":[{"count":1,"href":"https:\/\/paginacero.com.uy\/index.php?rest_route=\/wp\/v2\/posts\/4011\/revisions"}],"predecessor-version":[{"id":4013,"href":"https:\/\/paginacero.com.uy\/index.php?rest_route=\/wp\/v2\/posts\/4011\/revisions\/4013"}],"wp:featuredmedia":[{"embeddable":true,"href":"https:\/\/paginacero.com.uy\/index.php?rest_route=\/wp\/v2\/media\/4012"}],"wp:attachment":[{"href":"https:\/\/paginacero.com.uy\/index.php?rest_route=%2Fwp%2Fv2%2Fmedia&parent=4011"}],"wp:term":[{"taxonomy":"category","embeddable":true,"href":"https:\/\/paginacero.com.uy\/index.php?rest_route=%2Fwp%2Fv2%2Fcategories&post=4011"},{"taxonomy":"post_tag","embeddable":true,"href":"https:\/\/paginacero.com.uy\/index.php?rest_route=%2Fwp%2Fv2%2Ftags&post=4011"}],"curies":[{"name":"wp","href":"https:\/\/api.w.org\/{rel}","templated":true}]}}