{"id":4008,"date":"2024-04-26T09:44:32","date_gmt":"2024-04-26T12:44:32","guid":{"rendered":"https:\/\/paginacero.com.uy\/?p=4008"},"modified":"2024-04-26T09:44:32","modified_gmt":"2024-04-26T12:44:32","slug":"un-aniversario-de-reflexion","status":"publish","type":"post","link":"https:\/\/paginacero.com.uy\/?p=4008","title":{"rendered":"Un aniversario de reflexi\u00f3n"},"content":{"rendered":"<p><strong>Margot es estilista desde siempre y ha logrado, hace pocas semanas, cumplir el sue\u00f1o de su vida: un local donde ofrecer sus servicios con todo lo que ella esperaba brindar. En su mes aniversario, nos cuenta sobre su vida y su vocaci\u00f3n.<\/strong><!--more--><\/p>\n<p>\u201cSoy Lidia Margot Rodr\u00edguez, tengo 57 a\u00f1os, nac\u00ed en Sarand\u00ed del Y\u00ed. Siendo ni\u00f1a, mi familia se mud\u00f3 a Durazno y desde entonces vivo ac\u00e1. Mii familia se conforma por mi esposo, mis tres hijos y mi nieto. Me gusta coser, reciclar todo aquello que sea para la decoraci\u00f3n\u201d dijo.<\/p>\n<p>Estilista desde hace muchos a\u00f1os, su gusto por la peluquer\u00eda lo encontr\u00f3 siendo una ni\u00f1a.<\/p>\n<p>\u201cMi vocaci\u00f3n lleg\u00f3 desde muy peque\u00f1a, aunque vengo de una familia humilde, mis pocas mu\u00f1ecas eran peinadas y despeinadas por mi. Siempre supe que quer\u00eda ser peluquera. En aquella \u00e9poca comenc\u00e9 en la Academia que muchos recordar\u00e1n, de Milta Santurio de Sueiro. Di mis primeros pasos y luego continu\u00e9 en una formaci\u00f3n continua, la estilista debe estar en conocimiento siempre de las \u00faltimas tendencias\u201d agreg\u00f3.<\/p>\n<p>Estudiar fue su est\u00edmulo para brindar lo mejor a sus clientas desde siempre.<\/p>\n<p>\u201cUna vez egresada de la Academia estuve trabajando durante diez a\u00f1os con Humberto y Nahir, me recib\u00ed en abril del a\u00f1o 1982. No fue f\u00e1cil, pero sobre todas las cosas me reconozco como una luchadora para lograr lo que quiero, este espacio que hoy brindo a mis clientas es el sue\u00f1o cumplido, es un espacio donde adem\u00e1s de embellecerlas les ofrezco ese momento para frenar sus d\u00edas. Es un espacio donde el tiempo es de ellas para disfrutarlo, agradezco infinitamente la confianza de ellas. Nuestro trabajo depende de mis queridas clientas\u201d cont\u00f3.<\/p>\n<p>\u201cHe sido desafiada por la vida, desde empezar de cero en lo econ\u00f3mico, hace unos a\u00f1os un duro quebranto de salud me hizo pensar que tal vez no volver\u00eda y all\u00ed la fe, mi gran sanadora, me dio la fuerza para recomenzar. Mi mensaje a las mujeres, principalmente, es que si se puede, todas somos valiosas y debemos perseguir nuestros sue\u00f1os siempre. La vida es eso, caer y levantarse\u201d agreg\u00f3.<\/p>\n<p>Llena de proyectos, Margot en su nuevo local no para de so\u00f1ar. Su sal\u00f3n de belleza \u201cMiNiMa\u201d, est\u00e1 ubicado en Alcides Burgu\u00e9s coovidur 3 viv 14 casi Avenida G\u00f3mez.<\/p>\n<p>\u201cMis proyectos son continuar creciendo para ofrecer lo \u00faltimo en todo lo que tenga que ver con los trabajos qu\u00edmicos, la colorimetr\u00eda es muy amplia, pero en base a todas las cosas brindar el espacio de calidez, emocional donde la armon\u00eda conjugue cuerpo y alma\u201d agreg\u00f3.<\/p>\n<p>\u201cHoy en d\u00eda, abril del 2024, es mi aniversario. Y es ah\u00ed donde hago un parate y me pregunto si es real, si realmente lo logr\u00e9, si me lo merec\u00eda y Dios estuvo siempre conmigo. Despu\u00e9s de toda la trayectoria que a\u00fan me parece no real, 42 a\u00f1os de trabajo en lo que me gusta, solo decir gracias, gracias, muchas gracias a todas las clientas que tuve, que est\u00e1n y que vendr\u00e1n, porque la vida se trata de eso, de ser una persona agradecida, humilde, con valores y es lo que estoy tratando siempre de hacer, de trabajar mi interior para ofrecer lo que mi clienta necesita\u201d dijo.<\/p>\n<p>Sobre las tendencias para este invierno nos cont\u00f3 que \u201cahora se viene el rojo, el color seductor, potente, sensual, es tendencia, con mucha intensidad Sin duda, el tinte cobre oscuro es una de las tonalidades m\u00e1s favorecedoras, vers\u00e1tiles y elegantes. Su ventaja, justamente, radica en tratarse de un matiz c\u00e1lido que le va perfecto a cualquier tono de piel, convirti\u00e9ndose en la opci\u00f3n n\u00famero uno para hacer un cambio de look. Si tienes el cabello rizado genial, los rizos permanentes son una de las tendencias m\u00e1s originales y divertidas del oto\u00f1o 2024. Son rizos al estilo ochentero, desiguales y con mucho movimiento, que le dan un toque retro y desenfadado a tu look. Puedes conseguirlos con el m\u00e9todo curly, con tenacillas o con una permanente profesional. Soy especialistas en Balgyage, Babyligth, Correccion de color y traigo la \u00faltima novedad, la tendencia el \u2018Wolf Cut\u2019 con flequillo, Un estilo que mezcla lo mejor del shaggy y el mullet, ideal para un look casual y lleno de personalidad, un corte con volumen y textura \u00fanicos, perfecto para cualquier tipo de cabello\u201d finaliz\u00f3.<\/p>\n","protected":false},"excerpt":{"rendered":"<p>Margot es estilista desde siempre y ha logrado, hace pocas semanas, cumplir el sue\u00f1o de su vida: un local donde ofrecer sus servicios con todo lo que ella esperaba brindar. En su mes aniversario, nos cuenta sobre su vida y su vocaci\u00f3n.<\/p>\n","protected":false},"author":4,"featured_media":4009,"comment_status":"closed","ping_status":"closed","sticky":false,"template":"","format":"standard","meta":{"footnotes":""},"categories":[17],"tags":[],"class_list":["post-4008","post","type-post","status-publish","format-standard","has-post-thumbnail","hentry","category-suplemento-mujer"],"_links":{"self":[{"href":"https:\/\/paginacero.com.uy\/index.php?rest_route=\/wp\/v2\/posts\/4008","targetHints":{"allow":["GET"]}}],"collection":[{"href":"https:\/\/paginacero.com.uy\/index.php?rest_route=\/wp\/v2\/posts"}],"about":[{"href":"https:\/\/paginacero.com.uy\/index.php?rest_route=\/wp\/v2\/types\/post"}],"author":[{"embeddable":true,"href":"https:\/\/paginacero.com.uy\/index.php?rest_route=\/wp\/v2\/users\/4"}],"replies":[{"embeddable":true,"href":"https:\/\/paginacero.com.uy\/index.php?rest_route=%2Fwp%2Fv2%2Fcomments&post=4008"}],"version-history":[{"count":1,"href":"https:\/\/paginacero.com.uy\/index.php?rest_route=\/wp\/v2\/posts\/4008\/revisions"}],"predecessor-version":[{"id":4010,"href":"https:\/\/paginacero.com.uy\/index.php?rest_route=\/wp\/v2\/posts\/4008\/revisions\/4010"}],"wp:featuredmedia":[{"embeddable":true,"href":"https:\/\/paginacero.com.uy\/index.php?rest_route=\/wp\/v2\/media\/4009"}],"wp:attachment":[{"href":"https:\/\/paginacero.com.uy\/index.php?rest_route=%2Fwp%2Fv2%2Fmedia&parent=4008"}],"wp:term":[{"taxonomy":"category","embeddable":true,"href":"https:\/\/paginacero.com.uy\/index.php?rest_route=%2Fwp%2Fv2%2Fcategories&post=4008"},{"taxonomy":"post_tag","embeddable":true,"href":"https:\/\/paginacero.com.uy\/index.php?rest_route=%2Fwp%2Fv2%2Ftags&post=4008"}],"curies":[{"name":"wp","href":"https:\/\/api.w.org\/{rel}","templated":true}]}}