{"id":4005,"date":"2024-04-26T09:40:10","date_gmt":"2024-04-26T12:40:10","guid":{"rendered":"https:\/\/paginacero.com.uy\/?p=4005"},"modified":"2024-04-26T09:40:10","modified_gmt":"2024-04-26T12:40:10","slug":"aprendiendo-sobre-las-tablas","status":"publish","type":"post","link":"https:\/\/paginacero.com.uy\/?p=4005","title":{"rendered":"Aprendiendo sobre las tablas"},"content":{"rendered":"<p><strong>El Instituto Nacional de Artes Esc\u00e9nicas del MEC, a trav\u00e9s de su programa Circulaci\u00f3n de Docentes, con el apoyo de la Intendencia de Durazno, convocan a j\u00f3venes y adultos a participar en el Taller de Teatro para J\u00f3venes y Adultos \u201cAprendiendo sobre las Tablas\u201d.<\/strong><!--more--><\/p>\n<p>El taller ser\u00e1 dirigido por la profesora -seleccionada por dicho programa-, la actriz y directora teatral Francisca Medina, y est\u00e1 dirigido para personas a partir de los 16 a\u00f1os. Las clases, que ser\u00e1n gratuitas, comenzar\u00e1n el pr\u00f3ximo 7 de mayo y se extender\u00e1n hasta finales del mes de agosto, finalizando con una muestra abierta al p\u00fablico. Se dictar\u00e1n los d\u00edas martes y viernes de 20 a 22 horas, en el Espacio Cultural Durazno, en calle Arrospide casi Herrera. Las inscripciones se encuentran abiertas, de lunes a viernes, de 13 a 19 horas, en Casa de la Cultura, o a trav\u00e9s del celular 091 251 808, donde tambi\u00e9n se podr\u00e1 obtener mayor informaci\u00f3n.<\/p>\n<p>Francisca \u201cPancha\u201d Medina es actriz y directora seleccionada para estos talleres, cuenta con una vasta experiencia \u201cen el a\u00f1o 80-81 comenc\u00e9 de lleno con el Grupo Teatral Durazno, con Uruguay Marrero y toda su gente. Ah\u00ed estuve mucho tiempo , en ese elenco durante este tiempo fue mi mayor formaci\u00f3n, porque ven\u00edan muchos directores de Montevideo y despu\u00e9s en la d\u00e9cada de 90 hubo un convenio del Ministerio de Educaci\u00f3n y Cultura con egresados de Montevideo y directores teatrales que ven\u00edan a dirigir al interior y fue lo que considero mi mayor preparaci\u00f3n. Entre ellos estaban Estela Castro, Walter Cotelo, entre otros\u201d agreg\u00f3.<\/p>\n<p>\u201cComenc\u00e9 a trabajar como actriz y despu\u00e9s se me ofreci\u00f3 el trabajo de directora, Gonzalo P\u00e9rez fue quien me llev\u00f3 al elenco del Peque\u00f1o Teatro de Durazno y fue una responsabilidad muy importante estar en ese rol. Eso me llev\u00f3 a tambi\u00e9n estudiar, a tomar algunas clases de direcci\u00f3n, hacer tutor\u00edas por medio de directores que ven\u00edan por medio de ATI, en la Asociaci\u00f3n de Teatros del Interior. Esas oportunidades tambi\u00e9n ayudan a formarte como director\u201d cont\u00f3.<\/p>\n<p>\u201cEl teatro para m\u00ed es todo, soy actriz de oficio no de profesi\u00f3n, porque sabemos bien que en el interior no hay escuelas de teatro y lo fui aprendiendo poco a poco, bas\u00e1ndome en todas las posibilidades de aprendizaje y experiencias que tuve. Era muy dif\u00edcil en aquel momento ir a estudiar una carrera de actriz, creo que eso tambi\u00e9n me llev\u00f3 a valorar mucho m\u00e1s este oficio, que es una profesi\u00f3n en s\u00ed\u201d cont\u00f3.<\/p>\n<p>\u201cHe dedicado mucho tiempo de mi vida al teatro, ha sido un escape, una sanaci\u00f3n tambi\u00e9n en algunos momentos particulares de mi vida y creo que que tambi\u00e9n ha sido muy lindo porque he estado acompa\u00f1ada por mi familia, siempre he estado acompa\u00f1ada por ellos, mis hijos son artistas tambi\u00e9n, no de teatro pero s\u00ed profesionales en lo que dedicaron a hacer, ya sea en la m\u00fasica o en la danza. Eso me parece que tambi\u00e9n es importante, siempre digo qie el teatro es mi soy profesi\u00f3n, en lo que hago trabajo de o ahora estoy jubilada de otra actividad, pero mi profesi\u00f3n es la actuaci\u00f3n\u201ddijo.<\/p>\n<p>Francisca estuvo representando a Durazno en un coloquio convocado por la Asociaci\u00f3n de Teatros del Interior. Pensar el \u201cteatro como sociedad\u201d implica considerar las din\u00e1micas que configuran la actividad teatral y que permiten analizar sus diferentes dimensiones (creaci\u00f3n, mediaci\u00f3n, experiencia est\u00e9tica, apropiaci\u00f3n, valoraci\u00f3n, etc.). Esto implica vincular aquello que tradicionalmente se considera como est\u00e9tico y aquello que es analizado como contextual. En otras palabras, se trata de generar mediaciones conceptuales y abordajes metodol\u00f3gicos integradores de lo que habitualmente se concibe como el an\u00e1lisis de las obras \u201cen s\u00ed\u201d y el an\u00e1lisis \u201cexterno\u201d del contexto de producci\u00f3n.<\/p>\n<p>Del mismo modo, tambi\u00e9n \u201chacer teatro\u201d y \u201cpensar el teatro\u201d se han concebido como actividades diferentes, incluso dicot\u00f3micas. La actualidad social y pol\u00edtica de los pa\u00edses latinoamericanos impone desaf\u00edos ineludibles para el estudio de las escenas teatrales regionales. Por esto, resulta urgente construir una agenda de investigaci\u00f3n local que ponga en el centro las interacciones entre acontecimiento y contexto, entre escena y campo, entre est\u00e9tica y pol\u00edtica. El XIV Coloquio Internacional de Teatro de Montevideo se propone contribuir en esta direcci\u00f3n del pensamiento latinoamericano sobre lo teatral y promover una perspectiva situada, interdisciplinar y transnacional. Esto implica generar conceptos y teor\u00edas desde el an\u00e1lisis de los fen\u00f3menos locales,<\/p>\n<p>favorecer la colaboraci\u00f3n entre diversas disciplinas acad\u00e9micas y ampliar los marcos geogr\u00e1ficos a partir de los que se piensan las teatralidades latinoamericanas.<\/p>\n","protected":false},"excerpt":{"rendered":"<p>El Instituto Nacional de Artes Esc\u00e9nicas del MEC, a trav\u00e9s de su programa Circulaci\u00f3n de Docentes, con el apoyo de la Intendencia de Durazno, convocan a j\u00f3venes y adultos a participar en el Taller de Teatro para J\u00f3venes y Adultos \u201cAprendiendo sobre las Tablas\u201d.<\/p>\n","protected":false},"author":4,"featured_media":4006,"comment_status":"closed","ping_status":"closed","sticky":false,"template":"","format":"standard","meta":{"footnotes":""},"categories":[17],"tags":[],"class_list":["post-4005","post","type-post","status-publish","format-standard","has-post-thumbnail","hentry","category-suplemento-mujer"],"_links":{"self":[{"href":"https:\/\/paginacero.com.uy\/index.php?rest_route=\/wp\/v2\/posts\/4005","targetHints":{"allow":["GET"]}}],"collection":[{"href":"https:\/\/paginacero.com.uy\/index.php?rest_route=\/wp\/v2\/posts"}],"about":[{"href":"https:\/\/paginacero.com.uy\/index.php?rest_route=\/wp\/v2\/types\/post"}],"author":[{"embeddable":true,"href":"https:\/\/paginacero.com.uy\/index.php?rest_route=\/wp\/v2\/users\/4"}],"replies":[{"embeddable":true,"href":"https:\/\/paginacero.com.uy\/index.php?rest_route=%2Fwp%2Fv2%2Fcomments&post=4005"}],"version-history":[{"count":1,"href":"https:\/\/paginacero.com.uy\/index.php?rest_route=\/wp\/v2\/posts\/4005\/revisions"}],"predecessor-version":[{"id":4007,"href":"https:\/\/paginacero.com.uy\/index.php?rest_route=\/wp\/v2\/posts\/4005\/revisions\/4007"}],"wp:featuredmedia":[{"embeddable":true,"href":"https:\/\/paginacero.com.uy\/index.php?rest_route=\/wp\/v2\/media\/4006"}],"wp:attachment":[{"href":"https:\/\/paginacero.com.uy\/index.php?rest_route=%2Fwp%2Fv2%2Fmedia&parent=4005"}],"wp:term":[{"taxonomy":"category","embeddable":true,"href":"https:\/\/paginacero.com.uy\/index.php?rest_route=%2Fwp%2Fv2%2Fcategories&post=4005"},{"taxonomy":"post_tag","embeddable":true,"href":"https:\/\/paginacero.com.uy\/index.php?rest_route=%2Fwp%2Fv2%2Ftags&post=4005"}],"curies":[{"name":"wp","href":"https:\/\/api.w.org\/{rel}","templated":true}]}}