{"id":3965,"date":"2024-04-24T10:18:04","date_gmt":"2024-04-24T13:18:04","guid":{"rendered":"https:\/\/paginacero.com.uy\/?p=3965"},"modified":"2024-04-24T10:18:04","modified_gmt":"2024-04-24T13:18:04","slug":"sarandi-del-yi-forma-parte-de-los-espacios-de-igualdad-de-inmujeres","status":"publish","type":"post","link":"https:\/\/paginacero.com.uy\/?p=3965","title":{"rendered":"Sarand\u00ed del Y\u00ed forma parte de los \u201cEspacios de igualdad\u201d de Inmujeres"},"content":{"rendered":"<p><strong>El Instituto Nacional de las Mujeres &#8211; MIDES, present\u00f3 su nueva l\u00ednea estrat\u00e9gica con foco en la descentralizaci\u00f3n: Espacios de Igualdad, que se pondr\u00e1n en marcha en diferentes municipios del pa\u00eds, en la sala Lazaroff del Municipio F, uno de los seleccionados para llevar adelante esta iniciativa. Sarand\u00ed del Y\u00ed forma parte de esta nuev a red.<\/strong><!--more--><\/p>\n<p>Se trata de una l\u00ednea de trabajo del Instituto Nacional de las Mujeres del Ministerio de Desarrollo Social, la Oficina de Planeamiento y Presupuesto (OPP), con el apoyo del Banco de Am\u00e9rica Latina y el Caribe (CAF).<\/p>\n<p>Se busca que los Espacios de Igualdad sean un servicio p\u00fablico orientado a las mujeres, considerando su diversidad y distintos lugares de pertenencia, donde puedan acceder a informaci\u00f3n sobre la respuesta del Estado en materia de violencia basada en g\u00e9nero, autonom\u00eda econ\u00f3mica y educaci\u00f3n, entre otras, as\u00ed como a talleres de formaci\u00f3n sobre herramientas digitales, emprendedurismo, violencia basada en g\u00e9nero y diferentes tem\u00e1ticas emergentes de acuerdo a las necesidades de cada uno de los territorios.<\/p>\n<p>En esta primera instancia, se desarrollar\u00e1 en 10 Municipios y localidades del pa\u00eds: Quebracho; Vichadero; Ecilda Paullier; Sol\u00eds de Mataojo; Carmelo; Nueva Helvecia, Ansina, Sauce; Sarand\u00ed del Y\u00ed y Montevideo (Municipio F).<\/p>\n<p>La Directora de Inmujeres M\u00f3nica Bottero, destac\u00f3 la importancia de contar con el apoyo de OPP y la CAF, adem\u00e1s de los municipios para llevar adelante los Espacios. \u201cPromover la integraci\u00f3n y empoderamiento de las mujeres en territorio, nos lleva a mejorar la calidad de la democracia\u201d, indic\u00f3 Bottero.<\/p>\n<p>Participaron de la mesa de apertura: la directora nacional del Instituto, M\u00f3nica Bottero; el Alcalde del Municipio F, Juan Pedro L\u00f3pez; la Coordinadora General del \u00c1rea de Descentralizaci\u00f3n y Cohesi\u00f3n de la Oficina de Planeamiento y Presupuesto (OPP) , Mar\u00eda de Lima y Representante de CAF- Banco de Desarrollo de Am\u00e9rica Latina y el Caribe, Miguel Ostos.<\/p>\n<p>Adem\u00e1s se cont\u00f3 con la presencia de la directora nacional de secretar\u00eda del Ministerio de Trabajo y Seguridad Social, Valentina Arlegui; Angelina Ferreira, directora nacional de Pol\u00edticas de G\u00e9nero del Ministerio del Interior, Alcaldesa de Sol\u00eds de Mataojo, Ver\u00f3nica Machado, Alcaldesa de Quebracho, Silvia Visoso; Alcalde de Sauce, Rubens Otonello.<\/p>\n","protected":false},"excerpt":{"rendered":"<p>El Instituto Nacional de las Mujeres &#8211; MIDES, present\u00f3 su nueva l\u00ednea estrat\u00e9gica con foco en la descentralizaci\u00f3n: Espacios de Igualdad, que se pondr\u00e1n en marcha en diferentes municipios del pa\u00eds, en la sala Lazaroff del Municipio F, uno de los seleccionados para llevar adelante esta iniciativa. Sarand\u00ed del Y\u00ed forma parte de esta nuev [&hellip;]<\/p>\n","protected":false},"author":4,"featured_media":3966,"comment_status":"closed","ping_status":"closed","sticky":false,"template":"","format":"standard","meta":{"_monsterinsights_skip_tracking":false,"_monsterinsights_sitenote_active":false,"_monsterinsights_sitenote_note":"","_monsterinsights_sitenote_category":0,"footnotes":""},"categories":[30],"tags":[],"class_list":["post-3965","post","type-post","status-publish","format-standard","has-post-thumbnail","hentry","category-politicas-sociales"],"_links":{"self":[{"href":"https:\/\/paginacero.com.uy\/index.php?rest_route=\/wp\/v2\/posts\/3965","targetHints":{"allow":["GET"]}}],"collection":[{"href":"https:\/\/paginacero.com.uy\/index.php?rest_route=\/wp\/v2\/posts"}],"about":[{"href":"https:\/\/paginacero.com.uy\/index.php?rest_route=\/wp\/v2\/types\/post"}],"author":[{"embeddable":true,"href":"https:\/\/paginacero.com.uy\/index.php?rest_route=\/wp\/v2\/users\/4"}],"replies":[{"embeddable":true,"href":"https:\/\/paginacero.com.uy\/index.php?rest_route=%2Fwp%2Fv2%2Fcomments&post=3965"}],"version-history":[{"count":1,"href":"https:\/\/paginacero.com.uy\/index.php?rest_route=\/wp\/v2\/posts\/3965\/revisions"}],"predecessor-version":[{"id":3967,"href":"https:\/\/paginacero.com.uy\/index.php?rest_route=\/wp\/v2\/posts\/3965\/revisions\/3967"}],"wp:featuredmedia":[{"embeddable":true,"href":"https:\/\/paginacero.com.uy\/index.php?rest_route=\/wp\/v2\/media\/3966"}],"wp:attachment":[{"href":"https:\/\/paginacero.com.uy\/index.php?rest_route=%2Fwp%2Fv2%2Fmedia&parent=3965"}],"wp:term":[{"taxonomy":"category","embeddable":true,"href":"https:\/\/paginacero.com.uy\/index.php?rest_route=%2Fwp%2Fv2%2Fcategories&post=3965"},{"taxonomy":"post_tag","embeddable":true,"href":"https:\/\/paginacero.com.uy\/index.php?rest_route=%2Fwp%2Fv2%2Ftags&post=3965"}],"curies":[{"name":"wp","href":"https:\/\/api.w.org\/{rel}","templated":true}]}}