{"id":3957,"date":"2024-04-23T11:12:32","date_gmt":"2024-04-23T14:12:32","guid":{"rendered":"https:\/\/paginacero.com.uy\/?p=3957"},"modified":"2024-04-23T11:12:32","modified_gmt":"2024-04-23T14:12:32","slug":"comenzo-el-foro-nacional-de-cuidados","status":"publish","type":"post","link":"https:\/\/paginacero.com.uy\/?p=3957","title":{"rendered":"Comenz\u00f3 el Foro Nacional de Cuidados"},"content":{"rendered":"<p><strong>Hasta el jueves 25 de abril se realizar\u00e1n en la Facultad de Informaci\u00f3n y Comunicaci\u00f3n de la Udelar (FIC) y en la la Antesala del Senado, en el Parlamento del Uruguay el Foro Nacional de Cuidados.<\/strong><!--more--><\/p>\n<p>El Foro Nacional de Cuidados es una iniciativa de distintas organizaciones cuyo prop\u00f3sito es colaborar con la revitalizaci\u00f3n de una coalici\u00f3n amplia de apoyo al Sistema Nacional Integrado de Cuidados (SNIC), proclive a su expansi\u00f3n, profundizaci\u00f3n y consolidaci\u00f3n en su car\u00e1cter de pol\u00edtica de Estado.<\/p>\n<p>Los objetivos son convocar a diversos actores relevantes para un intercambio abierto y profundo, que genere espacios de debate de calidad en torno a los nudos cr\u00edticos del sistema, actualizar conocimientos en torno al cuidado y generar nueva evidencia para nutrir el debate, reposicionar en el debate de ideas el desaf\u00edo de los cuidados y promover que los partidos pol\u00edticos lo incluyan de forma prioritaria en sus programas electorales.<\/p>\n<p>Se abordar\u00e1n los cuidados como derecho y pilar del bienestar en la etapa demogr\u00e1fica que transita el pa\u00eds, los escenarios para la autonom\u00eda y el empoderamiento econ\u00f3mico de las mujeres y los caminos hacia una sociedad del cuidado. La inversi\u00f3n en cuidados: retornos econ\u00f3micos y escenarios de financiamiento. Aprendizajes de la experiencia internacional respecto a la necesaria inversi\u00f3n en cuidados, sus impactos y retornos econ\u00f3micos y modelos de financiamiento que aseguren la sostenibilidad del Sistema. Desaf\u00edos para la tercera etapa del SNIC. Protagonistas de la primera y segunda etapa de implementaci\u00f3n del SNIC discutir\u00e1n sobre los objetivos del SNIC y los desaf\u00edos que persisten en el camino hacia una nueva organizaci\u00f3n social del cuidado que promueva un modelo basado en la corresponsabilidad social y de g\u00e9nero.<\/p>\n<p>Se busca entablar el di\u00e1logo de la sociedad civil y con el sistema pol\u00edtico, entre representantes de organizaciones de la sociedad civil y entre representantes del sistema pol\u00edtico sobre los desaf\u00edos del SNIC.<\/p>\n<p>Los temas centrales ser\u00e1n: Eje 1 Cuidados, bienestar y desarrollo, La construcci\u00f3n del cambio cultural hacia la corresponsabilidad en los cuidados, El cuidado como derecho desde una perspectiva interseccional; Eje 2: Desafios para la integralidad del Sistema de Cuidados, Desafios para la integralidad del Sistemas de Cuidados: la calidad de los servicios, La institucionalidad del SNIC: el papel de la participaci\u00f3n y la coordinaci\u00f3n en la gesti\u00f3n; Eje 3: Los cuidados y el mundo del trabajo, Trabajo no remunerado: estrategias hacia su reconocimiento, reducci\u00f3n y redistribuci\u00f3n<\/p>\n<p>Trabajo remunerado en cuidados y derechos; Eje 4: Cuidados y territorio, El cuidado en la ciudad y el rol de los gobiernos subnacionales, Los cuidados en los entornos rurales y comunitarios<\/p>\n<p>La apertura estuvo a cargo de Fernando Filgueira, Jefe de Oficina de UNFPA en Uruguay, Clara Fassler- Red Pro Cuidados, Rodrigo Arim- Rector de la Universidad de la Rep\u00fablica. El tema fue \u201cCuidados, bienestar y desarrollo\u201d a cargo de Fernando Filgueira &#8211; Jefe de Oficina de UNFPA en Uruguay, Soledad Salvador &#8211; Consultora especializada de ONU Mujeres, Luc\u00eda Scuro &#8211; Oficial de Asuntos Sociales \u2013 CEPAL, Laura Pautassi &#8211; Presidenta de ELA e investigadora del CONICET\/Argentina.<\/p>\n<p>Tambi\u00e9n se abord\u00f3 \u201cEl cuidado como derecho desde una mirada interseccional\u201d con la intervenci\u00f3n de Laura Pautassi &#8211; Presidenta de ELA e investigadora del CONICET\/Argentina; Valentina Perrota &#8211; Grupo de Sociolog\u00eda de G\u00e9nero FCS\/UDELAR; Luc\u00eda P\u00e9rez &#8211; Directora Ejecutiva de Amnist\u00eda Internacional en Uruguay; Dra. Martha Ferreyra (MEX) \u2013 INMUJERES; \u201cLa institucionalidad del SNIC: el papel de la participaci\u00f3n y la coordinaci\u00f3n en la gesti\u00f3n\u201d a cargo de Isabel P\u00e9rez de Sierra &#8211; FLACSO Uruguay; Clara Fassler- Red Pro Cuidados; Alejandro Milanesi- FCS\/UDELAR; Micaela Cal (IPPDH \u2013 Mercosur) y la participaci\u00f3n especial: Comunidades de Cuidado\/Rep\u00fablica Dominicana<\/p>\n<p>\u201cTrabajo no remunerado: estrategias hacia su reconocimiento, reducci\u00f3n y redistribuci\u00f3n\u201d a cargo del Instituto de Econom\u00eda\/UDELAR; Paola Azar, Estefan\u00eda Galv\u00e1n, Cecilia Parada y Martina Querejeta. \u201cLos cuidados en los entornos rurales y comunitarios\u201d a cargo de Soc. Paola Mascheroni- FCS\/UDELAR; Guillermina Martin- Especialista G\u00e9nero\/PNUD; Lili\u00e1n Celiberti- Cotidiano Mujer.<\/p>\n<p>La segunda jornada tendr\u00e1 como temas \u201cEl cuidado en la ciudad y el rol de los gobiernos subnacionales\u201d abordado por Laura P\u00e9rez (ESP)- Centro Iberoamericano de Desarrollo Estrat\u00e9gico<\/p>\n<p>Urbano; Silvana Pisano- Municipio B\/Montevideo; Daniela de los Santos- Equipo de g\u00e9nero-PNUD; \u201cDesaf\u00edos para la integralidad del Sistema de Cuidados: la calidad de los servicios\u201d con la disertaci\u00f3n de Magdalena Caccia- FLACSO Uruguay; Sol Scavino- Grupo de Sociolog\u00eda de G\u00e9nero- FCS\/UDELAR; Mar\u00eda Jos\u00e9 Bagnato- FPSICO\/UDELAR. Participaci\u00f3n especial: SINCA (Costa Rica) y UNFPA (Rep\u00fablica Dominicana); \u201cLa inversi\u00f3n en cuidados: retornos econ\u00f3micos y escenarios de financiamiento\u201d a cargo de Paz Arancibia- Especialista regional de g\u00e9nero para Am\u00e9rica Latina y el Caribe de la OIT, Cecilia Alemany- Directora regional adjunta de ONU Mujeres, Ec. Jorge Campanella- Consultor independiente en pol\u00edticas de cuidados<\/p>\n<p>\u201cDesaf\u00edos para la tercera etapa de implementaci\u00f3n del Sistema Nacional de Cuidados\u201d a cargo de Julio Bango &#8211; Secretario Nacional de Cuidados (2015-2020), Florencia Krall &#8211; Directora de Cuidados SNCyD\/MIDES. Presenta: Alexandre Bagolle &#8211; Especialista en protecci\u00f3n social (BID). \u201cLa construcci\u00f3n del cambio cultural: hacia la corresponsabilidad en los cuidados\u201d con la intervenci\u00f3n de Federico Barreto- UDELAR; In\u00e9s Mart\u00ednez Echag\u00fce- FLACSO Uruguay; Sabrina Mart\u00ednez- Docente-FIC, Responsable del proyecto Affidamento. Modera: Isabel P\u00e9rez (FLACSO). Otra de las charlas ser\u00e1 sobre \u201cTrabajo remunerado en cuidados y derechos\u201d con la conducci\u00f3n de Alejandra Picco- Instituto Cuesta Duarte\/PIT-CNT, Anaclara Matosas- OIT\/Cinterfor; Daniel P\u00e9rez- MTSS.<\/p>\n<p>En la \u00faltima jornada habr\u00e1 un di\u00e1logo entre representantes de la sociedad civil sobre los desaf\u00edos del Sistema de Cuidados con Margarita Percovich- Red Pro Cuidados; Flor de Liz Feij\u00f3- PIT-CNT; Estela Ovelar- ONAJPU; Karina Batthy\u00e1ny- UDELAR Diego Yarza (C\u00e1mara de Comercio y Servicios del Uruguay); Di\u00e1logo entre representantes de los partidos pol\u00edticos sobre los desaf\u00edos del Sistema de Cuidados a cargo de Sandra Cha (Cabildo Abierto) &#8211; Patricia Gonz\u00e1lez (Frente Amplio), Representante a confirmar (Partido Colorado) &#8211; Javier Lasida (Partido Independiente), Representante a confirmar (Partido Nacional).<\/p>\n<p>Finalizar\u00e1 con la presentaci\u00f3n de aportes del FNC hacia la tercera etapa del SNIC, en presencia de referentes sociales y del sistema pol\u00edtico. Viviana Pi\u00f1eiro- Secretar\u00eda T\u00e9cnica del FNC<\/p>\n<p>La actividad es promovida por Generaci\u00f3n Igualdad, es la principal iniciativa mundial para acelerar la inversi\u00f3n y la aplicaci\u00f3n de la igualdad de g\u00e9nero. Re\u00fane a organizaciones de todos los sectores de la sociedad para catalizar el progreso, abogar por el cambio y emprender juntos acciones audaces.<\/p>\n<p>Convocada por ONU Mujeres, la iniciativa pretende garantizar que las audaces ambiciones de la Plataforma de Acci\u00f3n de Beijing de 1995 sobre los derechos de la mujer se apliquen finalmente y que se alcancen los Objetivos de Desarrollo Sostenible. Generaci\u00f3n Igualdad tambi\u00e9n pretende ampliar el apoyo p\u00fablico a la igualdad de g\u00e9nero, centr\u00e1ndose especialmente en catalizar la energ\u00eda, el activismo y las ideas de los j\u00f3venes.<\/p>\n<p>Generaci\u00f3n Igualdad se lanz\u00f3 en 2021 en el Foro Generaci\u00f3n Igualdad celebrado en Ciudad de M\u00e9xico y Par\u00eds. El Foro lanz\u00f3 una agenda de acci\u00f3n de cinco a\u00f1os encapsulada en un Plan de Aceleraci\u00f3n Global para la igualdad de g\u00e9nero, que define las acciones m\u00e1s cr\u00edticas necesarias para acelerar el progreso en los pr\u00f3ximos 5 a\u00f1os.<\/p>\n<p>El Foro tambi\u00e9n puso en marcha seis Coaliciones para la Acci\u00f3n y un Pacto Mundial sobre la Mujer, la Paz, la Seguridad y la Acci\u00f3n Humanitaria, cada una de las cuales encabeza una parte fundamental de la agenda de Generaci\u00f3n Igualdad. En el Foro celebrado en Par\u00eds, diversas partes interesadas pioneras asumieron m\u00e1s de 1.000 compromisos pol\u00edticos, program\u00e1ticos y financieros, que representan un valor agregado sin precedentes de 40.000 millones de d\u00f3lares.<\/p>\n<p>El Foro 2021 marc\u00f3 el inicio de un proceso de varios a\u00f1os. Las y los l\u00edderes de Generaci\u00f3n Igualdad y sus aliados trabajar\u00e1n intensamente durante los pr\u00f3ximos cuatro a\u00f1os para garantizar la responsabilidad de los compromisos ya asumidos, asegurar nuevos compromisos transformadores y ampliar y dinamizar los movimientos globales intersectoriales por la igualdad.<\/p>\n<p>&nbsp;<\/p>\n","protected":false},"excerpt":{"rendered":"<p>Hasta el jueves 25 de abril se realizar\u00e1n en la Facultad de Informaci\u00f3n y Comunicaci\u00f3n de la Udelar (FIC) y en la la Antesala del Senado, en el Parlamento del Uruguay el Foro Nacional de Cuidados.<\/p>\n","protected":false},"author":4,"featured_media":3958,"comment_status":"closed","ping_status":"closed","sticky":false,"template":"","format":"standard","meta":{"footnotes":""},"categories":[5],"tags":[],"class_list":["post-3957","post","type-post","status-publish","format-standard","has-post-thumbnail","hentry","category-durazno"],"_links":{"self":[{"href":"https:\/\/paginacero.com.uy\/index.php?rest_route=\/wp\/v2\/posts\/3957","targetHints":{"allow":["GET"]}}],"collection":[{"href":"https:\/\/paginacero.com.uy\/index.php?rest_route=\/wp\/v2\/posts"}],"about":[{"href":"https:\/\/paginacero.com.uy\/index.php?rest_route=\/wp\/v2\/types\/post"}],"author":[{"embeddable":true,"href":"https:\/\/paginacero.com.uy\/index.php?rest_route=\/wp\/v2\/users\/4"}],"replies":[{"embeddable":true,"href":"https:\/\/paginacero.com.uy\/index.php?rest_route=%2Fwp%2Fv2%2Fcomments&post=3957"}],"version-history":[{"count":1,"href":"https:\/\/paginacero.com.uy\/index.php?rest_route=\/wp\/v2\/posts\/3957\/revisions"}],"predecessor-version":[{"id":3959,"href":"https:\/\/paginacero.com.uy\/index.php?rest_route=\/wp\/v2\/posts\/3957\/revisions\/3959"}],"wp:featuredmedia":[{"embeddable":true,"href":"https:\/\/paginacero.com.uy\/index.php?rest_route=\/wp\/v2\/media\/3958"}],"wp:attachment":[{"href":"https:\/\/paginacero.com.uy\/index.php?rest_route=%2Fwp%2Fv2%2Fmedia&parent=3957"}],"wp:term":[{"taxonomy":"category","embeddable":true,"href":"https:\/\/paginacero.com.uy\/index.php?rest_route=%2Fwp%2Fv2%2Fcategories&post=3957"},{"taxonomy":"post_tag","embeddable":true,"href":"https:\/\/paginacero.com.uy\/index.php?rest_route=%2Fwp%2Fv2%2Ftags&post=3957"}],"curies":[{"name":"wp","href":"https:\/\/api.w.org\/{rel}","templated":true}]}}