{"id":3954,"date":"2024-04-23T11:09:38","date_gmt":"2024-04-23T14:09:38","guid":{"rendered":"https:\/\/paginacero.com.uy\/?p=3954"},"modified":"2024-04-23T11:09:38","modified_gmt":"2024-04-23T14:09:38","slug":"jovenes-blancos-de-todo-el-pais-discutimos-la-agenda-joven-que-sera-presentada","status":"publish","type":"post","link":"https:\/\/paginacero.com.uy\/?p=3954","title":{"rendered":"\u201cJ\u00f3venes blancos de todo el pa\u00eds discutimos la Agenda Joven que ser\u00e1 presentada\u201d"},"content":{"rendered":"<p><strong>El edil Andr\u00e9s Viera del partido Nacional hizo una presentaci\u00f3n sobre la Agenda Joven que los j\u00f3venes de su partido estuvieron discutiendo en una reuni\u00f3n d\u00edas pasados y que ser\u00e1 presentada p\u00fablicamente.<\/strong><!--more--><\/p>\n<p>\u201cHace unos d\u00edas en Colonia j\u00f3venes blancos de todas las Mesas Departamentales del pa\u00eds nos reunimos para planificar la nueva Agenda Joven. Sabemos que a esta f\u00f3rmula de gobierno se le present\u00f3 una Agenda Joven hecha por j\u00f3venes del partido, donde cabe destacar que en estos cuatro a\u00f1os se ha ejecutado la mayor\u00eda de sus contenidos. Hechos y no palabras\u201d dijo.<\/p>\n<p>\u201cEn el encuentro conversamos sobre algunas tem\u00e1ticas como ambientales, inteligencia artificial, futuro, primer empleo, pero sin perder de vista a los j\u00f3venes que est\u00e1n en busca de una vivienda, los j\u00f3venes que la pasan mal en este invierno, con dificultades m\u00e1s dif\u00edciles que las normales, tambi\u00e9n debemos ayudarles a que tengan las mismas oportunidades y la posibilidad de reinsertarse, si es as\u00ed, a la actividad laboral y a la educativa. Es lo que estamos aportando, generar las mismas oportunidades a todos los j\u00f3venes, independientemente de la zona en que residan y su contexto familiar\u201d agreg\u00f3.<\/p>\n<p>Tambi\u00e9n pidi\u00f3 que los actores pol\u00edticos realicen una autocr\u00edtica sobre su trabajo y los nuevos requerimientos que se necesitan.<\/p>\n<p>\u201cEn otro orden, en este tiempo electoral que est\u00e1 comenzando nos obliga a tener autocr\u00edtica, como representantes y tambi\u00e9n a pensar en la institucionalidad y como se aggiorna y se adapta a los tiempos actuales y nuevos requerimientos. La discusi\u00f3n sobre los mecanismos de ingreso a las Intendencias departamentales, que se encuentra en la agenda p\u00fablica y pol\u00edtica nos llama a la reflexi\u00f3n como legisladores departamentales, es una oportunidad para jerarquizar y democratizar el acceso a la instituci\u00f3n p\u00fablica y avanzar hacia la calificaci\u00f3n de los recursos humanos. De la misma manera, esta discusi\u00f3n sobre a qui\u00e9n le corresponde legislar o controlar y la autonom\u00eda departamentales, nos llama a la reflexi\u00f3n sobre el n\u00famero de legisladores departamentales y nacionales, diputados y senadores, sobreponi\u00e9ndose en tem\u00e1ticas y jurisdicciones en un pa\u00eds con poca colaci\u00f3n y un territorio acotado. quiz\u00e1s hay temas que como legisladores departamentales hemos descuidado, no nos hemos ocupado y es por eso que emergen\u201d agreg\u00f3.<\/p>\n<p>Destac\u00f3 que esta es la posibilidad de tomar esos temas que se han dejado de lado y tratarlos p\u00fablicamente, entre ellos el tama\u00f1o del Estado, siempre discutido y la eficiencia en todos los \u00e1mbitos institucionales.<\/p>\n<p>\u201cEs una oportunidad de ponerlos sobre la mesa. El tama\u00f1o y el peso del Estado est\u00e1 siempre en discusi\u00f3n, pero sobre todo la eficiencia y la eficacia pero no solamente en los \u00e1mbitos ejecutivos, la modernizaci\u00f3n de la gesti\u00f3n de la mano del acceso a la informaci\u00f3n son importantes para elevar el nivel de discusi\u00f3n y de propuestas de estos tiempos y aporta a tomar posici\u00f3n sobre las distintas miradas hacia el futuro con verdades y argumentos\u201d dijo.<\/p>\n<p>\u201cLa visibilizaci\u00f3n del trabajo y de las funciones de la Junta Departamental es fundamental para que se pueda valorar la figura de los ediles, cuando \u00e9stos lo merezcan y sobre todo el valor institucional cuando cumple con su funci\u00f3n. Quer\u00eda compartir estas palabras ya que en estos tiempos de descreimiento del sistema pol\u00edtico e institucional, nuestro desempe\u00f1o en conjunto independientemente de partidos ni sectores, proyecta un mensaje a la ciudadan\u00eda que espero pueda ser de seriedad al respecto y responsabilidad\u201d finaliz\u00f3 diciendo.<\/p>\n","protected":false},"excerpt":{"rendered":"<p>El edil Andr\u00e9s Viera del partido Nacional hizo una presentaci\u00f3n sobre la Agenda Joven que los j\u00f3venes de su partido estuvieron discutiendo en una reuni\u00f3n d\u00edas pasados y que ser\u00e1 presentada p\u00fablicamente.<\/p>\n","protected":false},"author":4,"featured_media":3955,"comment_status":"closed","ping_status":"closed","sticky":false,"template":"","format":"standard","meta":{"footnotes":""},"categories":[5],"tags":[],"class_list":["post-3954","post","type-post","status-publish","format-standard","has-post-thumbnail","hentry","category-durazno"],"_links":{"self":[{"href":"https:\/\/paginacero.com.uy\/index.php?rest_route=\/wp\/v2\/posts\/3954","targetHints":{"allow":["GET"]}}],"collection":[{"href":"https:\/\/paginacero.com.uy\/index.php?rest_route=\/wp\/v2\/posts"}],"about":[{"href":"https:\/\/paginacero.com.uy\/index.php?rest_route=\/wp\/v2\/types\/post"}],"author":[{"embeddable":true,"href":"https:\/\/paginacero.com.uy\/index.php?rest_route=\/wp\/v2\/users\/4"}],"replies":[{"embeddable":true,"href":"https:\/\/paginacero.com.uy\/index.php?rest_route=%2Fwp%2Fv2%2Fcomments&post=3954"}],"version-history":[{"count":1,"href":"https:\/\/paginacero.com.uy\/index.php?rest_route=\/wp\/v2\/posts\/3954\/revisions"}],"predecessor-version":[{"id":3956,"href":"https:\/\/paginacero.com.uy\/index.php?rest_route=\/wp\/v2\/posts\/3954\/revisions\/3956"}],"wp:featuredmedia":[{"embeddable":true,"href":"https:\/\/paginacero.com.uy\/index.php?rest_route=\/wp\/v2\/media\/3955"}],"wp:attachment":[{"href":"https:\/\/paginacero.com.uy\/index.php?rest_route=%2Fwp%2Fv2%2Fmedia&parent=3954"}],"wp:term":[{"taxonomy":"category","embeddable":true,"href":"https:\/\/paginacero.com.uy\/index.php?rest_route=%2Fwp%2Fv2%2Fcategories&post=3954"},{"taxonomy":"post_tag","embeddable":true,"href":"https:\/\/paginacero.com.uy\/index.php?rest_route=%2Fwp%2Fv2%2Ftags&post=3954"}],"curies":[{"name":"wp","href":"https:\/\/api.w.org\/{rel}","templated":true}]}}