{"id":3941,"date":"2024-04-22T10:42:08","date_gmt":"2024-04-22T13:42:08","guid":{"rendered":"https:\/\/paginacero.com.uy\/?p=3941"},"modified":"2024-04-22T10:42:08","modified_gmt":"2024-04-22T13:42:08","slug":"canchita-tradicional-del-barrio-varona-requiere-ser-readecuada","status":"publish","type":"post","link":"https:\/\/paginacero.com.uy\/?p=3941","title":{"rendered":"\u201cCanchita tradicional del barrio Varona requiere ser readecuada\u201d"},"content":{"rendered":"<p><strong>El edil frenteamplista Pablo Revello se refiri\u00f3 a la necesidad de adecuar la cancha tradicional de barrio Varona ubicada en calles Julio Bastos y Atahualpa Rodr\u00edguez, algo que los vecinos aspiran que sea devuelto a la comunidad.<\/strong><!--more--><\/p>\n<p>Los vecinos de barrio Varona le presentaron al edil la inquietud ante el estado en que se encuentra la cancha de la zona, que tradicionalmente era utilizada por ni\u00f1os y j\u00f3venes para realizar actividades deportivas.<\/p>\n<p>\u201cPrimeramente me quiero referir a la situaci\u00f3n de un predio en barrio Varona, en la intersecci\u00f3n de las calles Julio Bastos y Atahualpa Rodriguez, existe una cancha tradicional del barrio, una canchita de f\u00fatbol, y por el abandono en que se encuentra hoy realmente preocupa, es a solicitud de los vecinos que estoy plante\u00e1ndolo hoy, la necesidad de recuperar, de poner de buena manera ese lugar, cortar pasto, adecuar el lugar, llevar la higiene a un lugar va de la mano de recuperarlo para los vecinos, paralelamente al recuperar esa canchita es la aspiraci\u00f3n de los vecinos que se agregue alg\u00fan otro tipo de infraestructura, juegos de los ni\u00f1os, de manera que se favorezca el encuentro saludable de los vecinos all\u00ed\u201d dijo.<\/p>\n<p>\u201cTambi\u00e9n delimitar el lugar por donde circulan caballos y alg\u00fan vacuno de otros vecinos del barrio, de manera que no se estropee. Los vecinos ven en esa esquina un lugar donde crecer socialmente, donde probablemente otras personas pasan y ven un bald\u00edo, un lugar feo, quiero que estas palabras pasen al Intendente, en especial a la Direcci\u00f3n de Obras y a la Comisi\u00f3n de Obras para que haya un seguimiento de este y otros bald\u00edos, pero nos parece loable que los vecinos est\u00e9n con este tipo de preocupaci\u00f3n\u201d agreg\u00f3.<\/p>\n<p>El edil destac\u00f3 tambi\u00e9n el lanzamiento de las bases program\u00e1ticas de su partido en la ciudad de Sarand\u00ed del Y\u00ed, e invit\u00f3 a otros partidos para que tambi\u00e9n den a conocer sus propuestas.<\/p>\n<p>\u201cEn otro orden me quiero referir a una actividad que se hizo el s\u00e1bado pasado en la ciudad de Sarand\u00ed del Y\u00ed, donde el Frente Amplio hizo la presentaci\u00f3n de las bases program\u00e1ticas, un programa, las bases de un programa de gobierno que se han constru\u00eddo con el aporte de miles de uruguayos, miles de frenteamplistas, a trav\u00e9s de sectores, a trav\u00e9s de Comit\u00e9s de Base donde se han discutido los temas, se han elevado propuestas y en un Congreso con dos mil delegados se ha llegado a la aprobaci\u00f3n de estas bases program\u00e1ticas\u201d dijo.<\/p>\n<p>\u201cRealmente esto reafirma el sentido de que el Frente Amplio es un partido program\u00e1tico, se nuclea no en torno a otro tipo de sentimientos sino al sentimiento de llevar adelante un programa que es garant\u00eda de unidad de acci\u00f3n, es garant\u00eda de un gobierno con rumbo y tambi\u00e9n es un compromiso, porque el escribir con todo este tipo de anticipaci\u00f3n y dejar p\u00fablico, porque este librito que tengo ac\u00e1 y se est\u00e1 repartiendo por miles en el pa\u00eds, es p\u00fablico para todo el que quiera acceder al contenido de estas bases program\u00e1ticas en la p\u00e1gina web del Frente Amplio (frenteamplio.org.uy) es un compromiso de lo m\u00e1s expl\u00edcito y creo que es sano para la democracia que as\u00ed sea\u201d agreg\u00f3.<\/p>\n<p>Dej\u00f3 sentada la posibilidad de que todos los partidos pol\u00edticos tengan una propuesta detallada para las elecciones que se avecinan, como forma de que los vecinos conozcan claramente las intenciones de cada uno.<\/p>\n<p>\u201cOjal\u00e1 todos los partidos tuvieran documentos tan detallados que hablaran de sus intenciones, de para que se le pide el voto a la gente, porque nos llevar\u00eda a una campa\u00f1a que sea sobre ideas, sobre propuestas y no sobre pareceres, fake news que aparecen en las redes, a veces es m\u00e1s f\u00e1cil insultar al adversario que convencer al compa\u00f1ero. Quer\u00edamos traer esta reflexi\u00f3n ac\u00e1 porque para nosotros es muy importante, m\u00e1s all\u00e1 de que los vecinos puedan estar de acuerdo o no con las propuestas, a las que pueden acceder en forma p\u00fablica y saber si este plan program\u00e1tico es positivo o no para el pa\u00eds a juicio de cada elector por supuesto\u201d finaliz\u00f3 diciendo.<\/p>\n","protected":false},"excerpt":{"rendered":"<p>El edil frenteamplista Pablo Revello se refiri\u00f3 a la necesidad de adecuar la cancha tradicional de barrio Varona ubicada en calles Julio Bastos y Atahualpa Rodr\u00edguez, algo que los vecinos aspiran que sea devuelto a la comunidad.<\/p>\n","protected":false},"author":4,"featured_media":3942,"comment_status":"closed","ping_status":"closed","sticky":false,"template":"","format":"standard","meta":{"footnotes":""},"categories":[5],"tags":[],"class_list":["post-3941","post","type-post","status-publish","format-standard","has-post-thumbnail","hentry","category-durazno"],"_links":{"self":[{"href":"https:\/\/paginacero.com.uy\/index.php?rest_route=\/wp\/v2\/posts\/3941","targetHints":{"allow":["GET"]}}],"collection":[{"href":"https:\/\/paginacero.com.uy\/index.php?rest_route=\/wp\/v2\/posts"}],"about":[{"href":"https:\/\/paginacero.com.uy\/index.php?rest_route=\/wp\/v2\/types\/post"}],"author":[{"embeddable":true,"href":"https:\/\/paginacero.com.uy\/index.php?rest_route=\/wp\/v2\/users\/4"}],"replies":[{"embeddable":true,"href":"https:\/\/paginacero.com.uy\/index.php?rest_route=%2Fwp%2Fv2%2Fcomments&post=3941"}],"version-history":[{"count":1,"href":"https:\/\/paginacero.com.uy\/index.php?rest_route=\/wp\/v2\/posts\/3941\/revisions"}],"predecessor-version":[{"id":3943,"href":"https:\/\/paginacero.com.uy\/index.php?rest_route=\/wp\/v2\/posts\/3941\/revisions\/3943"}],"wp:featuredmedia":[{"embeddable":true,"href":"https:\/\/paginacero.com.uy\/index.php?rest_route=\/wp\/v2\/media\/3942"}],"wp:attachment":[{"href":"https:\/\/paginacero.com.uy\/index.php?rest_route=%2Fwp%2Fv2%2Fmedia&parent=3941"}],"wp:term":[{"taxonomy":"category","embeddable":true,"href":"https:\/\/paginacero.com.uy\/index.php?rest_route=%2Fwp%2Fv2%2Fcategories&post=3941"},{"taxonomy":"post_tag","embeddable":true,"href":"https:\/\/paginacero.com.uy\/index.php?rest_route=%2Fwp%2Fv2%2Ftags&post=3941"}],"curies":[{"name":"wp","href":"https:\/\/api.w.org\/{rel}","templated":true}]}}