{"id":3938,"date":"2024-04-22T10:11:49","date_gmt":"2024-04-22T13:11:49","guid":{"rendered":"https:\/\/paginacero.com.uy\/?p=3938"},"modified":"2024-04-22T10:11:49","modified_gmt":"2024-04-22T13:11:49","slug":"inclusion-en-accion-los-juegos-paralimpicos-llegan-a-durazno-con-fuerza","status":"publish","type":"post","link":"https:\/\/paginacero.com.uy\/?p=3938","title":{"rendered":"\u00abInclusi\u00f3n en acci\u00f3n: Los Juegos Paral\u00edmpicos llegan a Durazno con fuerza\u00bb"},"content":{"rendered":"<p><strong>\u00abLos Juegos Paral\u00edmpicos se perfilan como un catalizador de inclusi\u00f3n y desarrollo en Durazno, mientras la edil Daniela Moreira impulsa proyectos para mejorar la calidad de vida en la ciudad, incluyendo la atenci\u00f3n a sectores vulnerables y la promoci\u00f3n del deporte para todos.\u00bb<\/strong><!--more--><\/p>\n<p>\u201cQuiero compartir la alegr\u00eda de diecisiete familias de esta comunidad duraznenses, el 16 se entregaron las llaves de las viviendas donadas por UPM y reacondicionadas a trav\u00e9s del Plan Avanzar en conjunto con el Mevir y el Ministerio de Vivienda y la Intendencia Municipal.<\/p>\n<p>En este contexto y en la pol\u00edtica de construir comunidad, escuch\u00e9 una declaraci\u00f3n p\u00fablica del presidente de Mevir Arq. Juan Pablo Delgado donde manifest\u00f3 que Mevir como instituci\u00f3n en sus 57 a\u00f1os es r\u00e9cord de inversi\u00f3n donde, adem\u00e1s este a\u00f1o el 87% de la inversi\u00f3n global es directamente para obras. Dato interesante, es que el Ministerio del Interior tiene un convenio con Mevir para realizar planes de viviendas, en di\u00e1logo con varios funcionarios municipales se manifestaban las dificultades para construir y obtener su casa, su hogar. considero que teniendo en cuenta dicho convenio y destacando que muchos j\u00f3venes duraznenses forman parte del personal policial, se deber\u00eda gestionar la posibilidad de la construcci\u00f3n de viviendas en nuestra ciudad para brindarles la oportunidad de acceder a su techo propio\u201d dijo.<\/p>\n<p>\u201cSolicito que mis palabras pasen al Ministerio de Vivienda, Ordenamiento Territorial, Presidente de Mevir, Intendente Departamental y al Jefe de Polic\u00eda para que realice un relevamiento de interesados y la necesidad de los mismos dentro de sus funcionarios\u201d agreg\u00f3.<\/p>\n<p>Tambi\u00e9n se refiri\u00f3 a una solicitud realizada el a\u00f1o pasado, donde ped\u00eda un lugar de esparcimiento para la zona de La Lanera.<\/p>\n<p>\u201cComo segundo punto voy a reiterar una solicitud realizada en el a\u00f1o 2023 donde hice menci\u00f3n a los derechos de la ni\u00f1ez y del compromiso de trabajar desde una perspectiva multidisciplinaria e integral, poniendo el foco de las pol\u00edticas sociales en la garant\u00eda de derechos que permitan el adecuado desarrollo bio-sico-social de los ni\u00f1os y ni\u00f1as. El Estado debe trabajar por espacios de crecimiento y desarrollo de las potencialidades de las ni\u00f1as, ni\u00f1os y adolescentes, estamos en el camino. Nuestra ciudad cuenta con espacios de integraci\u00f3n y de juegos en diferentes puntos estrat\u00e9gicos, dado el crecimiento de la poblaci\u00f3n en el barrio La Lanera nos parece que ser\u00eda de gran importancia para los ni\u00f1os de esa zona contar con un espacio donde sociabilizar con sus pares y algo tan especial como es jugar, expresar sus emociones con los vecinos del barrio\u201d indic\u00f3.<\/p>\n<p>\u201cSolicito que mis palabras pasen al Intendente Departamental y al Director de Obras\u201d manifest\u00f3 la edil.<\/p>\n<p>Solicit\u00f3 que los Juegos Paral\u00edmpicos Nacionales que se realizar\u00e1n en octubre en Durazno, sean declarados de inter\u00e9s departamental.<\/p>\n<p>\u201cAdem\u00e1s quiero referirme a los IV Juegos Paradeportivos Nacionales \u201cAgustina Arias\u201d, Secretaria Nacional de Deportes e Intendencia Departamental recibir\u00e1n alrededor de 600 deportistas junto a entrenadores y voluntarios, para ejercer el derecho de las personas con discapacidad a participar del movimiento deportivo. Dieciocho departamentos representados en una final nacional, donde acceden luego de fases clasificatorias desarrolladas en Bella Uni\u00f3n, Paysand\u00fa y Minas\u201d dijo.<\/p>\n<p>\u201cTodo este proceso dejar\u00e1 una serie de conquistas colaterales para nuestro Durazno, instalaci\u00f3n de una Mesa Permanente de instituciones que trabajan por y para las personas con discapacidad, talleres de formaci\u00f3n, formaci\u00f3n de voluntarios para el evento y que posteriormente actuar\u00e1n en otros eventos, modificaciones en la infraestructura del Complejo Deportivo Municipal dot\u00e1ndolo de una accesibilidad plena que al momento no tiene, por \u00faltimo celebrar la satisfacci\u00f3n de los deportistas y sus familias al constatar la preocupaci\u00f3n de las instituciones por generar las condiciones para el ejercicio pleno de sus derechos\u201d agreg\u00f3.<\/p>\n<p>\u201cSolicito que los Cuartos Juegos Paradeportivos Nacionales que se van a desarrollar en nuestra ciudad sean declarados de inter\u00e9s departamental, a la vez que solicito que la Comisi\u00f3n Organizadora sea recibida por la Comisi\u00f3n de Cultura de este cuerpo. Quiero que mis palabras pasen a la Comisi\u00f3n de Cultura y Ejecutivo Departamental\u201d finaliz\u00f3 diciendo.<\/p>\n<p>Con respecto a los Juegos Paral\u00edmpicos, una delegaci\u00f3n de la Secretaria del Deporte realiz\u00f3 una<\/p>\n<p>visita al intendente Lic. Carmelo Vidal\u00edn con el objetivo de ultimar detalles de los 4tos Juegos Paradeportivos Nacionales que se llevar\u00e1n a cabo en octubre de 2024 . Durante la reuni\u00f3n se trataron aspectos log\u00edsticos, la programaci\u00f3n de eventos, as\u00ed como medidas de seguridad, adem\u00e1s de afinar distintos puntos que aseguren el \u00e9xito de este encuentro deportivo. Asimismo se realiz\u00f3 un recorrido por las instalaciones del Complejo Deportivo y se llevaron a cabo reuniones con distintas instituciones sociales con el fin de avanzar en la realizaci\u00f3n de estos juegos.<\/p>\n<p>Reuni\u00f3n de Autoridades de la Senade y el Intendente de Durazno<\/p>\n<p>El Intendente Carmelo Vidal\u00edn, afirm\u00f3 que Durazno se prepara con entusiasmo y compromiso para ser un excelente anfitri\u00f3n. El jerarca comunal agreg\u00f3 que la ciudad esta preparada para recibir a los atletas y sus delegaciones.<\/p>\n<p>Por su parte el Coordinador del \u00c1rea Deporte Comunitario de la Senade Jos\u00e9 Luis Bringa expres\u00f3 que se espera la concurrencia de m\u00e1s de mil personas, entre deportistas de todo el pa\u00eds, referentes de delegaciones, t\u00e9cnicos, asistentes deportivos, docentes, autoridades y que se contar\u00e1, adem\u00e1s. con la participaci\u00f3n de un centenar de voluntarios locales. Las disciplinas, en que competir\u00e1n los atletas son: Boccias, Atletismo, Nataci\u00f3n y Takkyu Volley, adem\u00e1s de deportes de exhibici\u00f3n. El complejo deportivo ser\u00e1 el epicentro de la competencia. Bringa asegur\u00f3 que se trabaj\u00f3 en estrecha colaboraci\u00f3n con las autoridades locales y diversas instituciones sociales para garantizar que esta iniciativa sea un \u00e9xito.<\/p>\n<p>Los Juegos Paradeportivos Nacionales no solo celebran la excelencia deportiva, sino tambi\u00e9n la determinaci\u00f3n y el esp\u00edritu de superaci\u00f3n de los atletas.<\/p>\n<p>Del encuentro en Durazno, participaron el Intendente Carmelo Vidal\u00edn, el Coordinador de la Senade Jos\u00e9 Luis Bringa, el Secretario del IDD Domingo Rielli; el Director de Promoci\u00f3n Social Luis Aturria, el Inspector de la Senade Mauricio Rivas, y los Docentes Leonardo Mart\u00ednez, Serrana Hernandez y Sylvana Rodr\u00edguez integrante del Departamento de Inclusi\u00f3n Deportiva del \u00c1rea Deporte Comunitario.<\/p>\n","protected":false},"excerpt":{"rendered":"<p>\u00abLos Juegos Paral\u00edmpicos se perfilan como un catalizador de inclusi\u00f3n y desarrollo en Durazno, mientras la edil Daniela Moreira impulsa proyectos para mejorar la calidad de vida en la ciudad, incluyendo la atenci\u00f3n a sectores vulnerables y la promoci\u00f3n del deporte para todos.\u00bb<\/p>\n","protected":false},"author":4,"featured_media":3939,"comment_status":"closed","ping_status":"closed","sticky":false,"template":"","format":"standard","meta":{"footnotes":""},"categories":[5],"tags":[],"class_list":["post-3938","post","type-post","status-publish","format-standard","has-post-thumbnail","hentry","category-durazno"],"_links":{"self":[{"href":"https:\/\/paginacero.com.uy\/index.php?rest_route=\/wp\/v2\/posts\/3938","targetHints":{"allow":["GET"]}}],"collection":[{"href":"https:\/\/paginacero.com.uy\/index.php?rest_route=\/wp\/v2\/posts"}],"about":[{"href":"https:\/\/paginacero.com.uy\/index.php?rest_route=\/wp\/v2\/types\/post"}],"author":[{"embeddable":true,"href":"https:\/\/paginacero.com.uy\/index.php?rest_route=\/wp\/v2\/users\/4"}],"replies":[{"embeddable":true,"href":"https:\/\/paginacero.com.uy\/index.php?rest_route=%2Fwp%2Fv2%2Fcomments&post=3938"}],"version-history":[{"count":1,"href":"https:\/\/paginacero.com.uy\/index.php?rest_route=\/wp\/v2\/posts\/3938\/revisions"}],"predecessor-version":[{"id":3940,"href":"https:\/\/paginacero.com.uy\/index.php?rest_route=\/wp\/v2\/posts\/3938\/revisions\/3940"}],"wp:featuredmedia":[{"embeddable":true,"href":"https:\/\/paginacero.com.uy\/index.php?rest_route=\/wp\/v2\/media\/3939"}],"wp:attachment":[{"href":"https:\/\/paginacero.com.uy\/index.php?rest_route=%2Fwp%2Fv2%2Fmedia&parent=3938"}],"wp:term":[{"taxonomy":"category","embeddable":true,"href":"https:\/\/paginacero.com.uy\/index.php?rest_route=%2Fwp%2Fv2%2Fcategories&post=3938"},{"taxonomy":"post_tag","embeddable":true,"href":"https:\/\/paginacero.com.uy\/index.php?rest_route=%2Fwp%2Fv2%2Ftags&post=3938"}],"curies":[{"name":"wp","href":"https:\/\/api.w.org\/{rel}","templated":true}]}}