{"id":3931,"date":"2024-04-19T10:48:10","date_gmt":"2024-04-19T13:48:10","guid":{"rendered":"https:\/\/paginacero.com.uy\/?p=3931"},"modified":"2024-04-19T10:49:07","modified_gmt":"2024-04-19T13:49:07","slug":"el-mundo-de-las-terapias-alternativas-llego-a-mi-para-aliviar-a-los-demas","status":"publish","type":"post","link":"https:\/\/paginacero.com.uy\/?p=3931","title":{"rendered":"\u201cEl mundo de las terapias alternativas lleg\u00f3 a m\u00ed para aliviar a los dem\u00e1s\u201d"},"content":{"rendered":"<p><strong>Hoy nos acercamos a Cecilia Casas y encontramos una cajita de sorpresas, llena de pasiones y de actividades que despliega a lo largo de su d\u00eda, buscando m\u00e1s que nada, aliviar, curar, sanar y acompa\u00f1ar.<\/strong><!--more--><\/p>\n<p>\u201cTengo 46 a\u00f1os, nac\u00ed en Durazno un 22 de junio y soy del signo c\u00e1ncer. Madre de Sebasti\u00e1n de 23 a\u00f1os que trabaja ac\u00e1 en Durazno y Santiago de 20 a\u00f1os que est\u00e1 estudiando en Montevideo. Soy mujer, soy madre, me gusta lo simple, la naturaleza, estar en familia, la naturaleza, compartir con amigos, me gusta la armon\u00eda, soy muy sensible, muy emocional y me gusta mucho lo dulce\u201d cont\u00f3 al presentarse.<\/p>\n<p>\u201cMe considero multifac\u00e9tica, soy administrativa, auxiliar en registros m\u00e9dicos y trabajo como tal en una instituci\u00f3n de la salud privada, es un trabajo muy interesante, con mucha responsabilidad, tratando de acompa\u00f1ar a la gente que necesita ser guiada para el cuidado de su salud. Tambi\u00e9n trabajo independiente, soy masajista terap\u00e9utica y esteticista, soy reflexolog\u00eda, reikista, tarotista, hago barras de acces. Desde el 2010 que comenc\u00e9 a estudiar masaje terap\u00e9utico y est\u00e9tico en forma semipresencial en Montevideo, desde ah\u00ed no par\u00e9 y a\u00f1o a a\u00f1o sigo sumando cosas con las terapias alternativas\u201d agreg\u00f3.<\/p>\n<p>Cecilia trae en sus venas varias de estas afinidades, recuerda a su abuelo paterno como uno de los que le acerc\u00f3 la inquietud por la salud y las terapias no convencionales.<\/p>\n<p>\u201cAdem\u00e1s de ser hereditario, como le digo yo, porque mi abuelo paterno era kinesi\u00f3logo y a su vez en esa gente sanaba a mucha gente con hierbas y terapias alternativas, que en ese momento se le llamaba curandero, tambi\u00e9n \u00e9l hac\u00eda teatro y era mago. Entr\u00e9 en este mundo para aliviar dolores corporales y la verdad fue fascinante, empec\u00e9 trabajando en la Asociaci\u00f3n de Jubilados y Pensionistas de Durazno una vez a la semana y desde entonces, siempre digo, donde hay una camilla pongo mis manos y se produce la magia\u201d cont\u00f3.<\/p>\n<p>\u201cEn una sesi\u00f3n de masajes o cualquier terapia alternativa la persona alivia sus tensiones corporales, trabaja la respiraci\u00f3n consciente, recupera la energ\u00eda, le ayuda a descansar mejor. Hoy en d\u00eda la vida es muy vertiginosa y debemos darnos cuenta cuando debemos parar un momento y darle un mimo a nuestro cuerpo, a nuestra mente y nuestra alma\u201d dijo.<\/p>\n<p>Desde hace varios a\u00f1os, comercializa un producto natural que promueve el bienestar.<\/p>\n<p>\u201cTambi\u00e9n soy representante de Cannabis medicinal, de una firma que est\u00e1 avalada por la Asociaci\u00f3n de Cannabis del Uruguay, promociono mucho los productos naturales, no es f\u00e1cil, muchas veces tenemos todo en la naturaleza y no la aplicamos. Trabajo mucho con el aceite medicinal de cannabis, es terap\u00e9utico y he aprendido mucho sobre su uso. Soy instructora de yoga y meditaciones guiadas, sabemos que hacer yoga es fascinante, descubr\u00eds tu cuerpo, tu ser, tu mente, tu respiraci\u00f3n, tu alma. Trabaj\u00e9 mucho en Mapep en yoga, en un centro barrial,con personas mayores y fue una experiencia enriquecedora\u201d agreg\u00f3. \u201cMeditar es muy sanador y eso lo vengo trabajando hasta el d\u00eda de hoy.<\/p>\n<p>En \u00e9pocas de pandemia, Cecilia tambi\u00e9n supo volver a un oficio de su vida.<\/p>\n<p>\u201cSoy modista, lo aplico solo en mi casa con mi familia, pero quiero destacar y agradecer que gracias a esta formaci\u00f3n cuando comenz\u00f3 la pandemia, en tiempos que no trabajaba de manera independiente casi nada, la gente no sal\u00eda de su casa, entonces me puse a hacer cosas, desempolv\u00e9 la m\u00e1quina y comenc\u00e9 a hacer tapabocas, fue un desaf\u00edo, hac\u00eda casi 100 por d\u00eda, fue algo que no esperaba, muy diferente\u201d cont\u00f3.<\/p>\n<p>El arte lleg\u00f3 hace muchos a\u00f1os a su vida y le aporta experiencias y vivencias en forma permanente.<\/p>\n<p>\u201cCon respecto a lo art\u00edstico, en el a\u00f1o 93 sal\u00ed en una murga \u201cCeda el paso\u201d la primera que incorporaba mujeres cantando, vale destacar que \u00e9ramos cinco mujeres, ganamos el premio Revelaci\u00f3n al conjunto de damas. Despu\u00e9s en el a\u00f1o 1994 pas\u00e9 a integrar el grupo del Peque\u00f1o Teatro, mi primer obra fue \u201cBarbacoa\u201d de Jacobo Lagner y fue dirigida por Estanislao \u201cTano\u201d P\u00e9rez y hasta hoy sigo con el mismo amor al teatro\u201d dijo.<\/p>\n<p>\u201cHe actuado en quince obras y he tenido muchas directoras y directores, he dirigido cinco obras<\/p>\n<p>tambi\u00e9n, adem\u00e1s a lo largo de este tiempo tambi\u00e9n he operado luces y sonidos, he realizado vestuario, hice escenograf\u00edas. El actor y la actriz del interior hace puerta, arregla roper\u00eda, barre y aspira la sala y el escenario, es as\u00ed. Hoy por hoy, m\u00e1s all\u00e1 de que hay m\u00e1s comodidad y mejor presupuesto, soy de las que le gusta reciclar primero y despu\u00e9s invertir. Pienso que el reciclado es parte del teatro, crear diferentes cosas con un objeto es parte del trabajo de la puesta en escena. En el 2017 hice un taller de teatro con adultos y adultos mayores de Mapp y Plaza Uno donde presentamos la obra Re-Tazos escrita por los propios integrantes, fue un desaf\u00edo muy interesante\u201d agreg\u00f3.<\/p>\n<p>\u201cEn el 2017 tambi\u00e9n fue mi primera direcci\u00f3n, fue una obra para ni\u00f1os, se llamaba \u201cGuardianes del agua\u201d de Fabi\u00e1n \u201cChicho\u201d Silva, en el 2018 tambi\u00e9n dirig\u00ed una obra para ni\u00f1os llamada \u201cTato mi amigo imaginario\u201d, la primer obra en participar en el Encuentro de obras para ni\u00f1os del interior en Paysand\u00fa, que en el 2019 fue seleccionada por la<\/p>\n<p>Asociaci\u00f3n de Teatros Internacional para la infancia y la juventud para el festival de Teatro en el Teatro Sol\u00eds, imaginate que para mi fue una felicidad tremenda poder lograr todo eso, siendo parte de la obra y la directora, fue realmente muy importante\u201d record\u00f3.<\/p>\n<p>Innovando, dirigi\u00f3 y actu\u00f3 en la primer obra de terror en teatro.<\/p>\n<p>\u201cDirig\u00ed y actu\u00e9 en la obra 23.45, la primer obra del g\u00e9nero terror que se realiz\u00f3 en Durazno y en el teatro del interior tambi\u00e9n, fue escrita por Fabi\u00e1n \u201cChicho\u201d Silva exclusivamente para Durazno y se repuso en 2023 con algunos retoques, porque siempre vamos aprendiendo con el tiempo\u201d dijo.<\/p>\n<p>\u201cHe vivido muchas experiencias con el teatro, conocido mucha gente, viajado, he visto mucho teatro, porque me gusta ver y hacer teatro, ver diferentes infraestructuras, en mis venas corre sangre teatrera, mi abuelo, mi hermana, mi sobrina, mis hijos y ahora mi sobrinanieta, deseo que se siga repitiendo este patr\u00f3n. El teatro me ha ense\u00f1ado mucho en el correr de mi vida, hace 30 a\u00f1os que estoy en ese mundo y sigo aprendiendo, te enriquece much\u00edsimo, es importante y debo agradecer haber entrado en este grupo y sentirme de esta manera\u201d dijo.<\/p>\n<p>Al igual que est\u00e1 repleta de actividades, tambi\u00e9n tiene muchos proyectos para llevar adelante.<\/p>\n<p>\u201cAhora estoy con un desaf\u00edo desde el a\u00f1o pasado, los lunes es igual a capital, porque estoy trabajando algunos lunes como terapeuta hol\u00edstica en Montevideo, tambi\u00e9n ha sido todo un desaf\u00edo. Tengo muchos proyectos, digo que siempre hay que tener un proyecto, sea laboral, personal, de lo que sea, pero proyectarnos siempre a algo, a lo que nos guste, deseamos, lo que fuere. Siempre hago proyectos para el a\u00f1o pero si de repente se me ocurre algo a corto plazo, lo hago, me vuela la cabeza y hago locuras. Tengo proyectos laborales donde en principio estoy buscando espacios f\u00edsicos y tiempos, porque uno va gestando cosas que desea concretar. Proyectos art\u00edsticos tengo muchos, quiero reponer una obra y hacer teatro itinerante, estoy viendo y estudiando c\u00f3mo hacerlo. Tambi\u00e9n una propuesta que me hace mi gran compa\u00f1ero Federico Alzamendi para hacer un radioteatro, es un desaf\u00edo porque nunca lo he hecho, la vez anterior que lo hizo con el Peque\u00f1o Teatro no pude participar y esta vez es un desaf\u00edo, porque es algo nuevo y trabajar con Federico es genial. El radioteatro ya est\u00e1 en papel, ahora hay que llevarlo al aire\u201d finaliz\u00f3.<\/p>\n","protected":false},"excerpt":{"rendered":"<p>Hoy nos acercamos a Cecilia Casas y encontramos una cajita de sorpresas, llena de pasiones y de actividades que despliega a lo largo de su d\u00eda, buscando m\u00e1s que nada, aliviar, curar, sanar y acompa\u00f1ar.<\/p>\n","protected":false},"author":4,"featured_media":3933,"comment_status":"closed","ping_status":"closed","sticky":false,"template":"","format":"standard","meta":{"footnotes":""},"categories":[5,17],"tags":[],"class_list":["post-3931","post","type-post","status-publish","format-standard","has-post-thumbnail","hentry","category-durazno","category-suplemento-mujer"],"_links":{"self":[{"href":"https:\/\/paginacero.com.uy\/index.php?rest_route=\/wp\/v2\/posts\/3931","targetHints":{"allow":["GET"]}}],"collection":[{"href":"https:\/\/paginacero.com.uy\/index.php?rest_route=\/wp\/v2\/posts"}],"about":[{"href":"https:\/\/paginacero.com.uy\/index.php?rest_route=\/wp\/v2\/types\/post"}],"author":[{"embeddable":true,"href":"https:\/\/paginacero.com.uy\/index.php?rest_route=\/wp\/v2\/users\/4"}],"replies":[{"embeddable":true,"href":"https:\/\/paginacero.com.uy\/index.php?rest_route=%2Fwp%2Fv2%2Fcomments&post=3931"}],"version-history":[{"count":1,"href":"https:\/\/paginacero.com.uy\/index.php?rest_route=\/wp\/v2\/posts\/3931\/revisions"}],"predecessor-version":[{"id":3932,"href":"https:\/\/paginacero.com.uy\/index.php?rest_route=\/wp\/v2\/posts\/3931\/revisions\/3932"}],"wp:featuredmedia":[{"embeddable":true,"href":"https:\/\/paginacero.com.uy\/index.php?rest_route=\/wp\/v2\/media\/3933"}],"wp:attachment":[{"href":"https:\/\/paginacero.com.uy\/index.php?rest_route=%2Fwp%2Fv2%2Fmedia&parent=3931"}],"wp:term":[{"taxonomy":"category","embeddable":true,"href":"https:\/\/paginacero.com.uy\/index.php?rest_route=%2Fwp%2Fv2%2Fcategories&post=3931"},{"taxonomy":"post_tag","embeddable":true,"href":"https:\/\/paginacero.com.uy\/index.php?rest_route=%2Fwp%2Fv2%2Ftags&post=3931"}],"curies":[{"name":"wp","href":"https:\/\/api.w.org\/{rel}","templated":true}]}}