{"id":3928,"date":"2024-04-19T10:44:15","date_gmt":"2024-04-19T13:44:15","guid":{"rendered":"https:\/\/paginacero.com.uy\/?p=3928"},"modified":"2024-04-19T10:44:15","modified_gmt":"2024-04-19T13:44:15","slug":"asentamientos-de-la-ciudad-fueron-realojados-a-traves-del-plan-avanzar","status":"publish","type":"post","link":"https:\/\/paginacero.com.uy\/?p=3928","title":{"rendered":"\u201cAsentamientos de la ciudad fueron realojados a trav\u00e9s del Plan Avanzar\u201d"},"content":{"rendered":"<p><strong>Diecisiete familias recibieron sus viviendas en el barrio Moroni, en el marco del Plan Avanzar buscando erradicar los asentamientos irregulares de todo el pa\u00eds. Adem\u00e1s de las viviendas, tambi\u00e9n se les entreg\u00f3 parte del mobiliario.<\/strong><!--more--><\/p>\n<p>En el acto de entrega de las llaves, participaron el Ministro de Vivienda Ra\u00fal Lozano; el Intendente Departamental Lic. Carmelo Vidal\u00edn, Subsecretario del MVOT Tabar\u00e9 Hackenbruch; Directora de la Direcci\u00f3n Nacional de Integraci\u00f3n Social y Urbana (Dinisu), Arq. Florencia Arbeleche: Presidente de Mevir Arq. Juan Pablo Delgado; Secretario General de la IDD Domingo Rielli, Directores de la IDD; Mat\u00edas Mart\u00ednez Andrade, por UPM, dem\u00e1s autoridades, beneficiarios, p\u00fablico en general y medios de comunicaci\u00f3n.<\/p>\n<p>\u201cQueremos felicitar a todas las familias que hoy reciben su nuevo hogar, felicitaciones a ellos. Siempre estamos trabajando con la Intendencia, no solo con el plan Avanzar sino en todas las pol\u00edticas de MEVIR. Hemos trabajado con una fuerte impronta de todo el sistema de viviendas, se ha impulsado este programa denominado plan Avanzar como algo totalmente innovador en este gobierno, preocup\u00e1ndose por los asentamientos como hace mucho tiempo no se pensaba. Es un plan que se articul\u00f3 desde cero, con la dificultad que representan los desaf\u00edos pero tambi\u00e9n las satisfacciones, una tarea en conjunto entre el Ministerio de vivienda, Mevir y la Intendencia, no es solo la construcci\u00f3n de las viviendas sino que hubo que armar proyectos, el acompa\u00f1amiento social, ver las familias, es un tema de convencimiento a las familias de que este mecanismo era un mecanismo bueno, que recibir\u00edan una vivienda de alt\u00edsima calidad constructiva\u201d dijo el representante de Mevir.<\/p>\n<p>\u201cMevir adapt\u00f3 el sistema de viviendas a una donaci\u00f3n que ten\u00eda la Intendencia de m\u00f3dulos habitacionales que convirti\u00f3 en un sistema de viviendas permanentes de alta calidad, ese va a ser su nuevo hogar, para toda la vida, con una infraestructura muy buena, con todos los servicios disponibles. La obra se desarroll\u00f3 en cinco meses, porque tenemos que buscar alternativas para que los tiempos de la gente sea el mismo que el tiempo de las personas, no hay que perder humanidad\u201d agreg\u00f3.<\/p>\n<p>\u201cEste fue un buen ejemplo de que se hicieron las cosas en corto plazo, con altos est\u00e1ndares de calidad pero sobre todo pensando en las personas\u201d manifest\u00f3.<\/p>\n<p>\u201cEs una alegr\u00eda estar en Durazno, gracias por el c\u00e1lido recibimiento, las familias que est\u00e1n recibiendo las viviendas tienen que estar contentos por este sal\u00f3n lleno. El Plan Avanzar impulsado por esta administraci\u00f3n se focaliza en dar respuesta a los asentamientos. Ac\u00e1 en Durazno en cuanto empezamos la administraci\u00f3n, adem\u00e1s de la informalidad dispersa que puede haber, hab\u00eda tres asentamientos, uno de ellos en Play Vieja de Sarand\u00ed del Yi donde estas personas ya est\u00e1n viviendo en sus nuevos hogares. En este caso, entiendo que representantes de UPM est\u00e1n presentes, fueron quienes donaron y la Intendencia lo deriva al Ministerio de Vivienda y desde ah\u00ed se comenz\u00f3 el proyecto para transformar viviendas transitorias en viviendas definitivas. Para eso hubo que hacerle todas las transformaciones necesarias, el equipo social se encarg\u00f3 de comentarnos que las viviendas est\u00e1n divinas y tienen un buen confort\u201d dijo la representante del Ministerio Arq. Florencia Arbeleche.<\/p>\n<p>\u201cCon esto estamos dando soluci\u00f3n a la Terminal, el segundo asentamiento que se estar\u00e1 terminando ac\u00e1 en Durazno, pero tambi\u00e9n se est\u00e1 trabajando en continuaci\u00f3n Herrera que se estar\u00e1n realojando con estas viviendas gracias al proyecto que se est\u00e1 llevando adelante. Con respecto a continuaci\u00f3n Herrera se est\u00e1 en obra para realojar a las familias y tambi\u00e9n en barrio La Higuera para dar respuesta a familias que estaban en situaci\u00f3n provisoria y necesitaban una soluci\u00f3n definitiva\u201d agreg\u00f3.<\/p>\n<p>\u201cDurazno es uno de los departamentos que en esta administraci\u00f3n est\u00e1 solucionando el tema de asentamientos, esto es a lo que apuntamos, no es algo menor. Todav\u00eda faltan compromisos en el departamento de Salto y con eso estaremos llegando a la meta, con Durazno hemos podido trabajar tambi\u00e9n en las situaciones de emergencia, se est\u00e1 llegando a m\u00e1s de 100 familias a trav\u00e9s del plan Avanzar en Uruguay\u201d manifest\u00f3.<\/p>\n<p>\u201cPara esto es important\u00edsimo la participaci\u00f3n de las familias. Ac\u00e1 hay familias del barrio que nos estar\u00e1 recibiendo y hubo una etapa de intercambio para realizar la integraci\u00f3n social y urbana de<\/p>\n<p>todas las familias, es clave el trabajo que se va a hacer ahora a partir de los realojos, el trabajo social es fundamental, es importante que sigan participando de todo el trabajo social que se continuar\u00e1 haciendo para que la integraci\u00f3n se de por completo. Hoy es todo alegr\u00eda\u201d agreg\u00f3.<\/p>\n","protected":false},"excerpt":{"rendered":"<p>Diecisiete familias recibieron sus viviendas en el barrio Moroni, en el marco del Plan Avanzar buscando erradicar los asentamientos irregulares de todo el pa\u00eds. Adem\u00e1s de las viviendas, tambi\u00e9n se les entreg\u00f3 parte del mobiliario.<\/p>\n","protected":false},"author":4,"featured_media":3929,"comment_status":"closed","ping_status":"closed","sticky":false,"template":"","format":"standard","meta":{"footnotes":""},"categories":[5],"tags":[],"class_list":["post-3928","post","type-post","status-publish","format-standard","has-post-thumbnail","hentry","category-durazno"],"_links":{"self":[{"href":"https:\/\/paginacero.com.uy\/index.php?rest_route=\/wp\/v2\/posts\/3928","targetHints":{"allow":["GET"]}}],"collection":[{"href":"https:\/\/paginacero.com.uy\/index.php?rest_route=\/wp\/v2\/posts"}],"about":[{"href":"https:\/\/paginacero.com.uy\/index.php?rest_route=\/wp\/v2\/types\/post"}],"author":[{"embeddable":true,"href":"https:\/\/paginacero.com.uy\/index.php?rest_route=\/wp\/v2\/users\/4"}],"replies":[{"embeddable":true,"href":"https:\/\/paginacero.com.uy\/index.php?rest_route=%2Fwp%2Fv2%2Fcomments&post=3928"}],"version-history":[{"count":1,"href":"https:\/\/paginacero.com.uy\/index.php?rest_route=\/wp\/v2\/posts\/3928\/revisions"}],"predecessor-version":[{"id":3930,"href":"https:\/\/paginacero.com.uy\/index.php?rest_route=\/wp\/v2\/posts\/3928\/revisions\/3930"}],"wp:featuredmedia":[{"embeddable":true,"href":"https:\/\/paginacero.com.uy\/index.php?rest_route=\/wp\/v2\/media\/3929"}],"wp:attachment":[{"href":"https:\/\/paginacero.com.uy\/index.php?rest_route=%2Fwp%2Fv2%2Fmedia&parent=3928"}],"wp:term":[{"taxonomy":"category","embeddable":true,"href":"https:\/\/paginacero.com.uy\/index.php?rest_route=%2Fwp%2Fv2%2Fcategories&post=3928"},{"taxonomy":"post_tag","embeddable":true,"href":"https:\/\/paginacero.com.uy\/index.php?rest_route=%2Fwp%2Fv2%2Ftags&post=3928"}],"curies":[{"name":"wp","href":"https:\/\/api.w.org\/{rel}","templated":true}]}}