{"id":3925,"date":"2024-04-19T10:33:29","date_gmt":"2024-04-19T13:33:29","guid":{"rendered":"https:\/\/paginacero.com.uy\/?p=3925"},"modified":"2024-04-19T10:33:29","modified_gmt":"2024-04-19T13:33:29","slug":"es-necesario-crear-una-red-de-banos-publicos-en-la-ciudad","status":"publish","type":"post","link":"https:\/\/paginacero.com.uy\/?p=3925","title":{"rendered":"\u201cEs necesario crear una red de ba\u00f1os p\u00fablicos en la ciudad\u201d"},"content":{"rendered":"<p><strong>In\u00e9s Colina del Partido Nacional hizo una nueva presentaci\u00f3n de la necesidad que se plantea en la ciudad de contar con ba\u00f1os p\u00fablicos, en buen estado, para mejorar las condiciones de quienes visitan Durazno por trabajo o turismo, adem\u00e1s de los propios duraznenses.<\/strong><!--more--><\/p>\n<p>\u201cVoy a ser reiterativa, voy a volver a plantear un tema que expusimos hace m\u00e1s de cuatro a\u00f1os en la legislatura anterior, pero que lejos de perder vigencia sigue siendo un problema a solucionar y a\u00fan no se ha revisado. Estoy hablando de los ba\u00f1os p\u00fablicos en la ciudad, la creaci\u00f3n de nuevas bater\u00edas de ba\u00f1os p\u00fablicos y la gesti\u00f3n de ellos\u201d dijo.<\/p>\n<p>\u201cEn Durazno como en cualquier ciudad del mundo existen persona con problemas renales, o viajan del interior, de barrios m\u00e1s alejados del centro para hacer un tr\u00e1mite o compra, por temas de salud, se les hace muy dif\u00edcil encontrar un ba\u00f1o abierto y en condiciones. Si bien hay algunos, los mismos no cuentan con una gesti\u00f3n adecuada por parte de la Intendencia y tampoco son suficientes. Muchas veces terminan rotos y sucios porque no existe una pol\u00edtica de cuidado de los ba\u00f1os p\u00fablicos\u201d agreg\u00f3.<\/p>\n<p>\u201cEn su momento plante\u00e9 generar una red de ba\u00f1os p\u00fablicos, contando tambi\u00e9n con las empresas privadas de la ciudad, prestando su ba\u00f1o a cambio de alguna contraprestaci\u00f3n y se podr\u00eda georeferenciar en aplicaciones ya conocidas de mapas, para que las personas sepan d\u00f3nde est\u00e1n los ba\u00f1os disponibles solo con consultar su celular\u201d indic\u00f3.<\/p>\n<p>Mencion\u00f3 las ventajas de contar con un sistema de ba\u00f1os p\u00fablicos disponible.<\/p>\n<p>\u201cLos ba\u00f1os p\u00fablicos son una parte fundamental de la infraestructura urbana y social en cualquier comunidad, aqu\u00ed dejo algunos puntos que destacan su importancia: salud p\u00fablica, los ba\u00f1os p\u00fablicos adecuadamente mantenidos y limpios contribuyen a la salud p\u00fablica al proporcionar instalaciones sanitarias para que las personas puedan mantener la higiene personal y evitar la propagaci\u00f3n de enfermedades; accesibilidad, son esenciales para las personas que est\u00e1n fuera de casa durante largos per\u00edodos de tiempo, como turistas, trabajadores, personas sin hogar o aquellos que simplemenente necesitan un lugar para usar el ba\u00f1o mientras est\u00e1n en la ciudad; inclusi\u00f3n, los ba\u00f1os p\u00fablicos son accesibles para personas con discapacidades, son vitales para garantizar la inclusi\u00f3n y la igualdad de acceso para todas las personas independientemente de su capacidad f\u00edsica; turismo y comercio, la disponibilidad de ba\u00f1os p\u00fablicos limpios y bien mantenidos puede afectar la experiencia de visitantes en una ciudad o \u00e1rea tur\u00edstica lo que a su vez puede influir en la reputaci\u00f3n y el \u00e9xito econ\u00f3mico de esta zona; bienestar emocional, tener acceso a ba\u00f1os publicos puede ser reconfortante para las personas ya que proporciona un lugar seguro y privado para sus necesidades b\u00e1sicas, lo que contribuye al bienestar personal y sicol\u00f3gico de la persona; sostenibilidad, los ba\u00f1os p\u00fablicos bien dise\u00f1ados y equiados con tecnolog\u00edas sostenibles como sistema de ahorro de agua y energ\u00eda, pueden contribuir a la conservaci\u00f3n de recursos y al desarrollo sostenible de las ciudades. En general los ba\u00f1os p\u00fablicos son un aspecto clave de la vida urbana y comunitaria, ya que satisfacen necesidades b\u00e1sicas, promueven la salud e inclusi\u00f3n y contribuyen al bienestar general de la poblaci\u00f3n. Pido que mis palabras pasen a la Intendencia y a la Comisi\u00f3n de Obras de la Junta\u201d manifest\u00f3.<\/p>\n<p>Tambi\u00e9n se hizo eco de la preocupaci\u00f3n de vecinos del barrio Hospital por la oscuridad reinante en la plaza cercana como consecuencia de acci\u00f3n de particulares.<\/p>\n<p>\u201cEn otro orden quiero plantear la inquietud de vecinos de barrio Hospital y UTEC, all\u00ed en la Plaza ubicada en calle Morquio y Otilia Schultze hace m\u00e1s de un mes que todas las noches est\u00e1 oscura, aparentemente se estar\u00e1 haciendo a prop\u00f3sito por parte de algunas personas que bajan una llave, pero que sucede todos los d\u00edas y los vecinos corren peligro, est\u00e1n preocupados por la seguridad, es una zona de mucho pasaje de personas que transitan todos los d\u00edas por all\u00ed, en la noche se torna peligroso. Pido que mis palabras pasen a la Intendencia Departamental para ver que soluci\u00f3n r\u00e1pida se puede dar al tema\u201d finaliz\u00f3.<\/p>\n","protected":false},"excerpt":{"rendered":"<p>In\u00e9s Colina del Partido Nacional hizo una nueva presentaci\u00f3n de la necesidad que se plantea en la ciudad de contar con ba\u00f1os p\u00fablicos, en buen estado, para mejorar las condiciones de quienes visitan Durazno por trabajo o turismo, adem\u00e1s de los propios duraznenses.<\/p>\n","protected":false},"author":4,"featured_media":3926,"comment_status":"closed","ping_status":"closed","sticky":false,"template":"","format":"standard","meta":{"footnotes":""},"categories":[5],"tags":[],"class_list":["post-3925","post","type-post","status-publish","format-standard","has-post-thumbnail","hentry","category-durazno"],"_links":{"self":[{"href":"https:\/\/paginacero.com.uy\/index.php?rest_route=\/wp\/v2\/posts\/3925","targetHints":{"allow":["GET"]}}],"collection":[{"href":"https:\/\/paginacero.com.uy\/index.php?rest_route=\/wp\/v2\/posts"}],"about":[{"href":"https:\/\/paginacero.com.uy\/index.php?rest_route=\/wp\/v2\/types\/post"}],"author":[{"embeddable":true,"href":"https:\/\/paginacero.com.uy\/index.php?rest_route=\/wp\/v2\/users\/4"}],"replies":[{"embeddable":true,"href":"https:\/\/paginacero.com.uy\/index.php?rest_route=%2Fwp%2Fv2%2Fcomments&post=3925"}],"version-history":[{"count":1,"href":"https:\/\/paginacero.com.uy\/index.php?rest_route=\/wp\/v2\/posts\/3925\/revisions"}],"predecessor-version":[{"id":3927,"href":"https:\/\/paginacero.com.uy\/index.php?rest_route=\/wp\/v2\/posts\/3925\/revisions\/3927"}],"wp:featuredmedia":[{"embeddable":true,"href":"https:\/\/paginacero.com.uy\/index.php?rest_route=\/wp\/v2\/media\/3926"}],"wp:attachment":[{"href":"https:\/\/paginacero.com.uy\/index.php?rest_route=%2Fwp%2Fv2%2Fmedia&parent=3925"}],"wp:term":[{"taxonomy":"category","embeddable":true,"href":"https:\/\/paginacero.com.uy\/index.php?rest_route=%2Fwp%2Fv2%2Fcategories&post=3925"},{"taxonomy":"post_tag","embeddable":true,"href":"https:\/\/paginacero.com.uy\/index.php?rest_route=%2Fwp%2Fv2%2Ftags&post=3925"}],"curies":[{"name":"wp","href":"https:\/\/api.w.org\/{rel}","templated":true}]}}