{"id":3922,"date":"2024-04-19T10:31:54","date_gmt":"2024-04-19T13:31:54","guid":{"rendered":"https:\/\/paginacero.com.uy\/?p=3922"},"modified":"2024-04-19T10:31:54","modified_gmt":"2024-04-19T13:31:54","slug":"promovemos-un-plebiscito-sobre-el-ingreso-a-las-intendencias-por-concurso-y-sorteo","status":"publish","type":"post","link":"https:\/\/paginacero.com.uy\/?p=3922","title":{"rendered":"\u201cPromovemos un plebiscito sobre el ingreso a las Intendencias por concurso y sorteo\u201d"},"content":{"rendered":"<p><strong>El edil Fredi D\u2019Alessandro plante\u00f3 el proyecto que elevaron a la Asamblea General desde su agrupaci\u00f3n, para que el ingreso a las Intendencias se realice por concurso y sorteo, adem\u00e1s de mostrarse inquieto por la edad jubilatoria obligatoria que rige en la Intendencia Municipal, sobre la cual pidi\u00f3 una revisi\u00f3n.<\/strong><!--more--><\/p>\n<p>\u201cVenimos de una semana muy tr\u00e1gica, no s\u00f3lo para nuestro partido y en particular nuestro sector, con el repentino fallecimiento en un accidente de tr\u00e1nsito de Adri\u00e1n Pe\u00f1a, l\u00edder del movimiento Ciudadanos la cual formamos y tambi\u00e9n por tratarse de un joven senador de la rep\u00fablica que estaba en actividad, cos que impacta sobre todo el espectro pol\u00edtico\u201d dijo.<\/p>\n<p>\u201cPero m\u00e1s all\u00e1 de eso y teniendo en cuenta los plazos, el sector ha resuelto impulsar un plebiscito que establezca que el ingreso a las Intendencias de todo el pa\u00eds sea por concurso y sorteo. Se present\u00f3 a la Asamblea General el proyecto y de llegar a los dos quintos de los votos la propuesta ser\u00e1 votada por los ciudadanos en las pr\u00f3ximas elecciones nacionales\u201d agreg\u00f3.<\/p>\n<p>Con respecto a este proyecto, indic\u00f3 que no es retroactivo, pero que tiende a futuro a transformar a las Intendencias en organismos m\u00e1s transparentes.<\/p>\n<p>\u201cHemos escuchado declaraciones de todo tipo y gente muy nerviosa, gente que saca el paraguas antes que llegue la lluvia, pero cabe destacar que esto no es retroactivo. Lo que pasa ahora est\u00e1 permitiendo y se hace en todas las Intendencias, porque si somos sinceros, todos los partidos en todas las Intendencias y en todos los Ministerios, en todos los organismos p\u00fablicos, por muchas d\u00e9cadas han ingresado gente a sus cuadros funcionales sin pasar por el sorteo o el concurso, por lo tanto aqu\u00ed no hay ni \u00e1ngeles ni demonios, aqu\u00ed hay un proyecto para que esto sea de aqu\u00ed en m\u00e1s, que sea un corte significativo y un cambio en el Estado, ese Estado que toda la sociedad reclama permanentemente, transparente, eficiente, que de aqu\u00ed en m\u00e1s se utilicen mecanismos para que todos los ciudadanos interesados puedan participar\u201d dijo.<\/p>\n<p>\u201cPorque el batllismo ha cre\u00eddo siempre que el Estado es la representaci\u00f3n m\u00e1s palpable del escudo de los d\u00e9biles, donde todos tienen que tener igualdad de oportunidades, por lo tanto vayamos todos por un Estado fortalecido y eficiente, no como hasta ahora lleno de militantes o gente amiga de los gobiernos de turno. Si el proyecto en su momento solo fue cuestionado en el Senado de la Rep\u00fablica por razones de constitucionalidad, al proponer una enmienda constitucional se supera dicha objeci\u00f3n\u201d agreg\u00f3.<\/p>\n<p>Dijo que la autonom\u00eda de las intendencias no debe ser excusas para avalar pr\u00e1cticas poco transparentes.<\/p>\n<p>\u201cEntendemos que la autonom\u00eda de los gobiernos departamentales no puede oficiar de excusa para seguir avalando pr\u00e1cticas que debilitan los valores republicanos, en los que se funda nuestro estado y la confianza de los ciudadanos en su funcionamiento, transparencia, eficiencia, justo y respetuoso principio de igualdad\u201d indic\u00f3.<\/p>\n<p>\u201cEste tema tambi\u00e9n como el de las alcald\u00edas que por suerte ahora estamos escuchando que la mayor\u00eda de los precandidatos est\u00e1n dispuestos a crearlas, en poco tiempo ser\u00e1 debatido por este Cuerpo el cual tambi\u00e9n deber\u00e1 tomar posici\u00f3n sobre el tema, son temas que vamos a tener que pedir a todos los precandidatos a la Intendencia se pronuncien para saber hacia donde apunta el nuevo gobierno departamental\u201d dijo.<\/p>\n<p>El edil se mostr\u00f3 preocupado por la edad de retiro obligatorio que tiene vigencia en la Intendencia Municipal.<\/p>\n<p>\u201cOtro tema que me preocupa es la edad de retiro obligatorio de la Intendencia Municipal. Contamos con una Ley jubilatoria que para las nuevas generaciones preve la edad m\u00ednima jubilatoria a los 65 a\u00f1os, y la Intendencia Municipal el retiro obligatorio es a los 65 a\u00f1os, cabe destacar que hoy en d\u00eda en los organismos p\u00fablicos, los organismos del Estados, la edad para quien quiera retirarse y gozar de los derechos de su jubilaci\u00f3n es a los 60 a\u00f1os si cuenta con los a\u00f1os establecidos de trabajo, pero el retiro obligatorio es a los 70 a\u00f1os, o sea que si el funcionario decide y puede o quiere seguir trabajando, lo puede hacer hasta esa edad. A que me lleva todo eso, a que la Intendencia hay muchos funcionarios con 60 y pocos a\u00f1os, muy activos, con mucho conocimiento y experiencia, con mucho por dar a\u00fan por la Intendencia y por el departamento, que deber\u00e1n retirarse<\/p>\n<p>obligatoriamente a los 65 a\u00f1os, estando en condiciones de seguir aportando y compartiendo sus conocimientos con los m\u00e1s j\u00f3venes\u201d manifest\u00f3.<\/p>\n<p>\u201cCreo que el mundo ha cambiado, en muchos pa\u00edses la edad de retiro obligatorio es a\u00fan m\u00e1s alta de los 70 a\u00f1os, que es la que hay en nuestro pa\u00eds, se entiende que con 65 a\u00f1os prima la experiencia y las ganas de seguir aportando conocimientos y soluciones, cosas que llegan tambi\u00e9n con los a\u00f1os de la adultez madura. Por eso solicito al Ejecutivo departamental revea la situaci\u00f3n y ampl\u00ede la edad de retiro obligatorio de los 65 a los 70 a\u00f1os\u201d finaliz\u00f3.<\/p>\n","protected":false},"excerpt":{"rendered":"<p>El edil Fredi D\u2019Alessandro plante\u00f3 el proyecto que elevaron a la Asamblea General desde su agrupaci\u00f3n, para que el ingreso a las Intendencias se realice por concurso y sorteo, adem\u00e1s de mostrarse inquieto por la edad jubilatoria obligatoria que rige en la Intendencia Municipal, sobre la cual pidi\u00f3 una revisi\u00f3n.<\/p>\n","protected":false},"author":4,"featured_media":3923,"comment_status":"closed","ping_status":"closed","sticky":false,"template":"","format":"standard","meta":{"footnotes":""},"categories":[5],"tags":[],"class_list":["post-3922","post","type-post","status-publish","format-standard","has-post-thumbnail","hentry","category-durazno"],"_links":{"self":[{"href":"https:\/\/paginacero.com.uy\/index.php?rest_route=\/wp\/v2\/posts\/3922","targetHints":{"allow":["GET"]}}],"collection":[{"href":"https:\/\/paginacero.com.uy\/index.php?rest_route=\/wp\/v2\/posts"}],"about":[{"href":"https:\/\/paginacero.com.uy\/index.php?rest_route=\/wp\/v2\/types\/post"}],"author":[{"embeddable":true,"href":"https:\/\/paginacero.com.uy\/index.php?rest_route=\/wp\/v2\/users\/4"}],"replies":[{"embeddable":true,"href":"https:\/\/paginacero.com.uy\/index.php?rest_route=%2Fwp%2Fv2%2Fcomments&post=3922"}],"version-history":[{"count":1,"href":"https:\/\/paginacero.com.uy\/index.php?rest_route=\/wp\/v2\/posts\/3922\/revisions"}],"predecessor-version":[{"id":3924,"href":"https:\/\/paginacero.com.uy\/index.php?rest_route=\/wp\/v2\/posts\/3922\/revisions\/3924"}],"wp:featuredmedia":[{"embeddable":true,"href":"https:\/\/paginacero.com.uy\/index.php?rest_route=\/wp\/v2\/media\/3923"}],"wp:attachment":[{"href":"https:\/\/paginacero.com.uy\/index.php?rest_route=%2Fwp%2Fv2%2Fmedia&parent=3922"}],"wp:term":[{"taxonomy":"category","embeddable":true,"href":"https:\/\/paginacero.com.uy\/index.php?rest_route=%2Fwp%2Fv2%2Fcategories&post=3922"},{"taxonomy":"post_tag","embeddable":true,"href":"https:\/\/paginacero.com.uy\/index.php?rest_route=%2Fwp%2Fv2%2Ftags&post=3922"}],"curies":[{"name":"wp","href":"https:\/\/api.w.org\/{rel}","templated":true}]}}