{"id":3919,"date":"2024-04-19T10:29:54","date_gmt":"2024-04-19T13:29:54","guid":{"rendered":"https:\/\/paginacero.com.uy\/?p=3919"},"modified":"2024-04-19T10:29:54","modified_gmt":"2024-04-19T13:29:54","slug":"pedimos-que-un-historiador-nos-muestre-los-hechos-que-ocurrieron-en-salsipuedes","status":"publish","type":"post","link":"https:\/\/paginacero.com.uy\/?p=3919","title":{"rendered":"\u201cPedimos que un historiador nos muestre los hechos que ocurrieron en Salsipuedes\u201d"},"content":{"rendered":"<p><strong>El edil colorado Julio Marcenal hizo una defensa del Gral. Rivera contextualizando el hecho de Salsipuedes en el marco hist\u00f3rico del momento y pidi\u00f3 que el tema fuese aclarado con una charla a cargo de una especialista en el seno de la Junta Departamental.<\/strong><!--more--><\/p>\n<p>\u201cEn el a\u00f1o 1986 el Uruguay tuvo la visita del presidente espa\u00f1ol recientemente electo, que termin\u00f3 con aquella dictadura infame, que era Felipe Gonz\u00e1lez. Fue recibido por el presidente Sanguinetti y en uno de los momentos que estuvieron de charlas Felipe Gonz\u00e1lez le dice a Sanguinetti que es hora que comencemos a escribir la misma historia, haciendo referencia obviamente a que obviamente de este lado se dec\u00edan algunas cosas que del otro lado se dec\u00eda lo contrario\u201d dijo a modo de introducci\u00f3n al tema.<\/p>\n<p>\u201cLa historia de este pa\u00eds y de esta Latinoamerica y del mundo entero ha sido, b\u00e1sicamente eso, contar lo que uno dice de un lado siendo la verdad y la verdad que se dice en otro lado es la contraria a la de aqu\u00ed. As\u00ed pas\u00f3 con la \u00faltima dictadura, los hechos anteriores a la dictadura, hemos permitido y dejado en silencio, quiz\u00e1s porque no queremos que nos acusen de derechistas o fascistas, hemos dejado pasar por ejemplo que mucha gente que mantuvo vivo el movimiento revolucionario, intent\u00f3 hacer caer las instituciones, parece que ahora son paladines de la justicia. Muchos cumplieron condena, muchos que no y no quiero meterme directamente en lo que pas\u00f3, me refiero a antes\u201d agreg\u00f3.<\/p>\n<p>\u201cLa historia ha sido eso, decir. Pasa lo mismo con Artigas, alguien dibuj\u00f3 la figura de Artigas como nuestro pr\u00f3cer y ya casi es muy cercano a Dios, alguien que era totalmente impoluto y sin ning\u00fan inconveniente, sin ning\u00fan problema. Y a veces pasa eso con los que lo acompa\u00f1an, con Rivera y Lavalleja\u201d dijo.<\/p>\n<p>Ante la conmemoraci\u00f3n del Genocidio de los Charr\u00faas en Salsipuedes, el edil aclar\u00f3 que se debe hablar con propiedad y conociendo la realidad de ese momento.<\/p>\n<p>\u201cSe conmemor\u00f3 esta mal llamada para nosotros \u201cgenocidio Charr\u00faa\u201d y voy a leer un poco la informaci\u00f3n que tengo, no puedo hacerme el que se todo, ni defender una cosa o la otra. Lo que si digo que siempre va a haber un defensor de Rivera, por ejemplo un genocidio no puede ser matar 40 charr\u00faas, y no eran todos charr\u00faas tampoco. De los 40 que se mataron se liberaron m\u00e1s de 300, y ten\u00edan un modo de vida, y hay que empezar a aplicar la historia de acuerdo al momento y al lugar, cosa que no aprendemos nunca m\u00e1s a hacerla, o no nos conviene hacerla, de crear estas cosa de romanticismo, estas novelas hist\u00f3ricas que entrecubren y generan una especie de manto de solidaridad con gente que lo que hac\u00eda era asesinar y matar a los que viv\u00edan en la campa\u00f1a\u201d agreg\u00f3.<\/p>\n<p>\u201cLos charr\u00faas mataban, asesinaban y robaban, mataban ni\u00f1os, robaban mujeres, violaban. No fue un acto porque si de Rivera el hecho de Salsipuedes, fue un mandato de la Asamblea General al propio Presidente de la Rep\u00fablica Oriental del Uruguay que estaba justamente ac\u00e1 en Durazno porque ac\u00e1 estaba la capital. Entonces, como yo no soy quien, no tengo las cartas suficientes para poder hablar de todo esto con propiedad, pero tampoco puedo permitir que cualquiera sin propiedad hable lo que ha le\u00eddo de wikipedia con cualquier tipo de agregado que cualquiera puede poner y sacar, me parece que lleg\u00f3 el momento de ponerle punto final a esas cosas, y esclarecer un poco m\u00e1s el asunto\u201d agreg\u00f3.<\/p>\n<p>\u201cEs algo para todos, para los que somos colorados y los que defendemos a Rivera, como para quienes no son charr\u00faas pero dicen ser charr\u00faas. Voy a solicitar que mis palabras pasen a la Comisi\u00f3n de Educaci\u00f3n y Cultura proponiendo que se invite al profesor historiador Oscar Padr\u00f3n Favre que tiene cartas suficientes para esto y de una charla espec\u00edficamente sobre esto, los charr\u00faas y el gobierno de Rivera\u201d finaliz\u00f3 diciendo.<\/p>\n","protected":false},"excerpt":{"rendered":"<p>El edil colorado Julio Marcenal hizo una defensa del Gral. Rivera contextualizando el hecho de Salsipuedes en el marco hist\u00f3rico del momento y pidi\u00f3 que el tema fuese aclarado con una charla a cargo de una especialista en el seno de la Junta Departamental.<\/p>\n","protected":false},"author":4,"featured_media":3920,"comment_status":"closed","ping_status":"closed","sticky":false,"template":"","format":"standard","meta":{"footnotes":""},"categories":[5],"tags":[],"class_list":["post-3919","post","type-post","status-publish","format-standard","has-post-thumbnail","hentry","category-durazno"],"_links":{"self":[{"href":"https:\/\/paginacero.com.uy\/index.php?rest_route=\/wp\/v2\/posts\/3919","targetHints":{"allow":["GET"]}}],"collection":[{"href":"https:\/\/paginacero.com.uy\/index.php?rest_route=\/wp\/v2\/posts"}],"about":[{"href":"https:\/\/paginacero.com.uy\/index.php?rest_route=\/wp\/v2\/types\/post"}],"author":[{"embeddable":true,"href":"https:\/\/paginacero.com.uy\/index.php?rest_route=\/wp\/v2\/users\/4"}],"replies":[{"embeddable":true,"href":"https:\/\/paginacero.com.uy\/index.php?rest_route=%2Fwp%2Fv2%2Fcomments&post=3919"}],"version-history":[{"count":1,"href":"https:\/\/paginacero.com.uy\/index.php?rest_route=\/wp\/v2\/posts\/3919\/revisions"}],"predecessor-version":[{"id":3921,"href":"https:\/\/paginacero.com.uy\/index.php?rest_route=\/wp\/v2\/posts\/3919\/revisions\/3921"}],"wp:featuredmedia":[{"embeddable":true,"href":"https:\/\/paginacero.com.uy\/index.php?rest_route=\/wp\/v2\/media\/3920"}],"wp:attachment":[{"href":"https:\/\/paginacero.com.uy\/index.php?rest_route=%2Fwp%2Fv2%2Fmedia&parent=3919"}],"wp:term":[{"taxonomy":"category","embeddable":true,"href":"https:\/\/paginacero.com.uy\/index.php?rest_route=%2Fwp%2Fv2%2Fcategories&post=3919"},{"taxonomy":"post_tag","embeddable":true,"href":"https:\/\/paginacero.com.uy\/index.php?rest_route=%2Fwp%2Fv2%2Ftags&post=3919"}],"curies":[{"name":"wp","href":"https:\/\/api.w.org\/{rel}","templated":true}]}}